{"id":101852,"date":"2025-05-15T11:59:14","date_gmt":"2025-05-15T11:59:14","guid":{"rendered":"https:\/\/www.europesays.com\/fr\/101852\/"},"modified":"2025-05-15T11:59:14","modified_gmt":"2025-05-15T11:59:14","slug":"des-universitaires-de-strasbourg-etudient-limpact-ecologique-des-trails","status":"publish","type":"post","link":"https:\/\/www.europesays.com\/fr\/101852\/","title":{"rendered":"des universitaires de Strasbourg \u00e9tudient l&rsquo;impact \u00e9cologique des trails"},"content":{"rendered":"<p>Quatre \u00e9tudiants \u00e9cologues\u00a0ont r\u00e9alis\u00e9 <a href=\"https:\/\/www.lalsace.fr\/environnement\/2024\/05\/15\/une-etude-universitaire-sur-l-impact-de-l-utmb-alsace-sur-les-vosges\" target=\"_blank\" rel=\"nofollow noopener\">un travail sur l\u2019effet des courses 50\u00a0km et 20\u00a0km de l\u2019\u00e9dition 2024 du Trail Alsace-Grand Est by UTMB<\/a> sur l\u2019\u00e9rosion des sols, sur la dynamique de la v\u00e9g\u00e9tation de zones travers\u00e9es par le trail et sur le transport involontaire de graines par les coureurs et sur le d\u00e9p\u00f4t de microplastiques.<\/p>\n<p>\u00ab\u00a0Le randonneur le plus respectueux laissera des traces, m\u00eames imperceptibles, de sa pr\u00e9sence avec par exemple le d\u00e9p\u00f4t de microplastiques ou de graines en provenance de ses chaussures, de ses b\u00e2tons de marche ou des textiles qui l\u2019habillent. Le transport de graines est un aspect \u00e0 ne pas n\u00e9gliger particuli\u00e8rement pour les visiteurs provenant d\u2019autres r\u00e9gions de France qui, bien malgr\u00e9 eux, peuvent d\u00e9poser des graines de plantes non indig\u00e8nes pouvant bouleverser l\u2019\u00e9quilibre de l\u2019\u00e9cosyst\u00e8me visit\u00e9. \u00c0 l\u2019inverse, les coureurs peuvent \u00e9galement participer \u00e0 la dispersion sur les zones travers\u00e9es des esp\u00e8ces locales se substituant ainsi \u00e0 l\u2019action d\u00e9clinante de la grande faune sauvage. Enfin, la forte fr\u00e9quentation des sentiers lors de ce long week-end sportif avec ses 6\u00a0000 participants et encore plus de spectateurs et accompagnateurs entra\u00eene in\u00e9vitablement une pression importante sur l\u2019environnement pouvant \u00e9ventuellement favoriser une \u00e9rosion plus importante des sentiers emprunt\u00e9s par les coureurs munis de leurs b\u00e2tons de marche\u00a0\u00bb, d\u00e9taille ce travail universitaire.<\/p>\n<p>Il a \u00e9t\u00e9 r\u00e9alis\u00e9 sur la zone du massif du Mont Sainte-Odile, entre Barr et Ottrott pour le 20\u00a0km et entre Barr et Rosheim pour le 50\u00a0km. Malheureusement, soulignent les chercheurs, \u00ab\u00a0l\u2019\u00e9tude sur l\u2019\u00e9rosion de ce sentier n\u2019a pu \u00eatre men\u00e9e \u00e0 son terme. En effet, les points de rep\u00e8re d\u00e9limitant la zone d\u2018\u00e9tude, pourtant discrets et solidement ancr\u00e9s dans le sol, ont \u00e9t\u00e9 enlev\u00e9s apr\u00e8s le passage des coureurs\u00a0\u00bb.<\/p>\n<p>  \u00ab\u00a03080 fibres par m\u00e8tre carr\u00e9\u00a0!\u00a0\u00bb<\/p>\n<p>Le d\u00e9p\u00f4t de microplastiques a \u00e9t\u00e9 \u00e9tudi\u00e9 sur quatre types de sols, des sols \u201cdurs\u201d (bitume et gr\u00e8s) et des sols \u201cmous\u201d (sentiers terreux et herbeux) en for\u00eat autour de l\u2019abbaye du Mont Sainte-Odile. R\u00e9sultat\u00a0: \u00ab\u00a0Les fibres de forme filamenteuse et de couleurs bleue et rose, probablement issues des v\u00eatements, sont assez reconnaissables alors que les microplastiques issus des chaussures et\/ou des embouts de b\u00e2tons de marche sont plus complexes \u00e0 identifier et pr\u00e9sents sous forme de fragments. Des fibres de microplastiques ont \u00e9t\u00e9 observ\u00e9es sur la quasi-totalit\u00e9 des 120 \u00e9chantillons pr\u00e9lev\u00e9s que ce soit sur les zones t\u00e9moins et sur celles travers\u00e9es par les coureurs. Une moyenne de 7,7 fibres par \u00e9chantillon de 25 cm2 a \u00e9t\u00e9 d\u00e9nombr\u00e9e, ce qui repr\u00e9sente en moyenne 3080 fibres par m\u00e8tre carr\u00e9\u00a0!\u00a0\u00bb<\/p>\n<p>  Des graines du monde entier<\/p>\n<p>\u00ab\u00a0Notre \u00e9tude confirme \u00e9galement que les coureurs de trails sont bien des vecteurs de dispersion de graines\u00a0: une dispersion locale entre zones du trac\u00e9 et une dispersion \u00e0 plus large \u00e9chelle lorsque les coureurs apportent des graines au d\u00e9part de la course en provenance de leur dernier lieu d\u2019activit\u00e9 (qui peut \u00eatre lointain). Concernant le transport local, nous avons pu d\u00e9nombrer une moyenne d\u2019environ quatre graines viables transport\u00e9es par chaque coureur. Ce nombre varie assez fortement en fonction du mod\u00e8le de chaussures port\u00e9 par les coureurs.\u00a0\u00bb<\/p>\n<p>Pour une \u00e9tude de plus grande envergure dans le cadre d\u2019un doctorat en g\u00e9nie \u00e9cologique, l\u2019universit\u00e9 de Strasbourg recherche d\u00e9sormais un ou des donateurs (fondation UTMB par exemple) pour la r\u00e9alisation d\u2019un travail de plus grande ampleur.<\/p>\n<p class=\"note\">\u00c9tude r\u00e9alis\u00e9e par Isabelle Combroux, Laurence Rasseneur et les \u00e9tudiants de master Ambre Dumuzois, Elena Trautmann et Oscar Schaeffer de l\u2019universit\u00e9 de Strasbourg.<\/p>\n","protected":false},"excerpt":{"rendered":"Quatre \u00e9tudiants \u00e9cologues\u00a0ont r\u00e9alis\u00e9 un travail sur l\u2019effet des courses 50\u00a0km et 20\u00a0km de l\u2019\u00e9dition 2024 du Trail&hellip;\n","protected":false},"author":2,"featured_media":101853,"comment_status":"","ping_status":"","sticky":false,"template":"","format":"standard","meta":{"footnotes":""},"categories":[2820],"tags":[1111,11,2878,1777,674,1011,27,775,12,25,640],"class_list":{"0":"post-101852","1":"post","2":"type-post","3":"status-publish","4":"format-standard","5":"has-post-thumbnail","7":"category-strasbourg","8":"tag-actu","9":"tag-actualites","10":"tag-encadre","11":"tag-eu","12":"tag-europe","13":"tag-fr","14":"tag-france","15":"tag-grand-est","16":"tag-news","17":"tag-republique-francaise","18":"tag-strasbourg"},"share_on_mastodon":{"url":"https:\/\/pubeurope.com\/@fr\/114511738489984166","error":""},"_links":{"self":[{"href":"https:\/\/www.europesays.com\/fr\/wp-json\/wp\/v2\/posts\/101852","targetHints":{"allow":["GET"]}}],"collection":[{"href":"https:\/\/www.europesays.com\/fr\/wp-json\/wp\/v2\/posts"}],"about":[{"href":"https:\/\/www.europesays.com\/fr\/wp-json\/wp\/v2\/types\/post"}],"author":[{"embeddable":true,"href":"https:\/\/www.europesays.com\/fr\/wp-json\/wp\/v2\/users\/2"}],"replies":[{"embeddable":true,"href":"https:\/\/www.europesays.com\/fr\/wp-json\/wp\/v2\/comments?post=101852"}],"version-history":[{"count":0,"href":"https:\/\/www.europesays.com\/fr\/wp-json\/wp\/v2\/posts\/101852\/revisions"}],"wp:featuredmedia":[{"embeddable":true,"href":"https:\/\/www.europesays.com\/fr\/wp-json\/wp\/v2\/media\/101853"}],"wp:attachment":[{"href":"https:\/\/www.europesays.com\/fr\/wp-json\/wp\/v2\/media?parent=101852"}],"wp:term":[{"taxonomy":"category","embeddable":true,"href":"https:\/\/www.europesays.com\/fr\/wp-json\/wp\/v2\/categories?post=101852"},{"taxonomy":"post_tag","embeddable":true,"href":"https:\/\/www.europesays.com\/fr\/wp-json\/wp\/v2\/tags?post=101852"}],"curies":[{"name":"wp","href":"https:\/\/api.w.org\/{rel}","templated":true}]}}