{"id":101861,"date":"2025-05-15T12:04:08","date_gmt":"2025-05-15T12:04:08","guid":{"rendered":"https:\/\/www.europesays.com\/fr\/101861\/"},"modified":"2025-05-15T12:04:08","modified_gmt":"2025-05-15T12:04:08","slug":"la-police-municipale-reclame-a-nouveau-des-armes-a-feu-un-preavis-de-greve-depose","status":"publish","type":"post","link":"https:\/\/www.europesays.com\/fr\/101861\/","title":{"rendered":"la police municipale r\u00e9clame \u00e0 nouveau des armes \u00e0 feu \u2013 un pr\u00e9avis de gr\u00e8ve d\u00e9pos\u00e9"},"content":{"rendered":"<p>Le d\u00e9bat sur l\u2019armement des <a href=\"https:\/\/www.breizh-info.com\/2022\/03\/02\/180726\/nantes-les-policiers-municipaux-deconsideres-et-en-danger\/\" target=\"_blank\" rel=\"noopener\">policiers municipaux<\/a>, r\u00e9current depuis plusieurs ann\u00e9es, conna\u00eet un nouveau pic de tension. Mercredi 14 mai, le syndicat Force Ouvri\u00e8re (FO), majoritaire au sein des 200 agents nantais, a adress\u00e9 un courrier \u00e0 la maire Johanna Rolland pour exiger la dotation d\u2019armes de cat\u00e9gorie B1 \u2013 des pistolets semi-automatiques \u2013 \u00e0 la police municipale et \u00e0 l\u2019Unit\u00e9 m\u00e9tropolitaine des transports en commun (UMTC). \u00c0 d\u00e9faut de r\u00e9ponse jug\u00e9e satisfaisante, un pr\u00e9avis de gr\u00e8ve prendra effet le 26 mai.<\/p>\n<p>Des interventions de \u00ab premiers arriv\u00e9s \u00bb qui changent la donne<\/p>\n<p><a href=\"https:\/\/www.lefigaro.fr\/nantes\/nantes-les-policiers-municipaux-reclament-a-nouveau-le-port-d-une-arme-letale-20250514\" target=\"_blank\" rel=\"noopener\">Deux faits r\u00e9cents ont relanc\u00e9 la col\u00e8re des patrouilles<\/a>. Le 24 avril, lors de l\u2019attaque au couteau au lyc\u00e9e Notre-Dame-de-Toutes-Aides, ce sont d\u2019abord quatre \u00e9quipages municipaux, \u00e9quip\u00e9s de boucliers et de pistolets \u00e0 impulsion \u00e9lectrique, qui ont s\u00e9curis\u00e9 le p\u00e9rim\u00e8tre en attendant la police nationale. Quatre jours plus tard, quartier Doulon-Botti\u00e8re, l\u2019UMTC est encore la premi\u00e8re sur les lieux lorsqu\u2019un homme blesse gri\u00e8vement sa compagne avant de se retrancher et de se suicider. Les agents, sans arme l\u00e9tale, sont rest\u00e9s en appui de la BAC, tenue d\u2019entrer la premi\u00e8re.<\/p>\n<p>Ces s\u00e9quences s\u2019ajoutent \u00e0 une intervention pour tapage nocturne, le 9 avril, o\u00f9 les policiers ont fait face \u00e0 un individu arm\u00e9 d\u2019une lame de 30 centim\u00e8tres, ou \u00e0 la rixe impliquant une vingtaine de personnes, mardi soir, \u00e0 la crois\u00e9e des tramways.<\/p>\n<p>Selon FO, les interpellations r\u00e9alis\u00e9es par la police municipale nantais ont bondi de 600 en 2023 \u00e0 800 en 2024. Un sondage interne men\u00e9 il y a un an montre que 98 % des agents se disent favorables au port d\u2019une arme \u00e0 feu.<\/p>\n<p>Une position politique inchang\u00e9e \u00e0 l\u2019h\u00f4tel de ville<\/p>\n<p>La municipalit\u00e9 \u00e9cologiste-socialiste, quant \u00e0 elle, campe sur sa ligne. Johanna Rolland n\u2019a jamais cach\u00e9 ses r\u00e9ticences \u00e0 armer sa police, arguant que la mission premi\u00e8re des agents reste la m\u00e9diation et la proximit\u00e9. Dans la m\u00e9tropole, seule Saint-Nazaire, ville \u00e9galement dirig\u00e9e par un maire socialiste, a franchi le pas en avril dernier. \u00c0 Bordeaux ou dans plusieurs communes de la couronne nantaise, la d\u00e9cision a d\u00e9j\u00e0 \u00e9t\u00e9 act\u00e9e.<\/p>\n<p>Du c\u00f4t\u00e9 de l\u2019\u00c9tat, le minist\u00e8re de l\u2019Int\u00e9rieur encourage l\u2019armement depuis la loi de 2017, mais laisse la d\u00e9cision finale aux maires. Nantes fait donc figure d\u2019exception parmi les grandes villes de plus de 300 000 habitants \u00e0 conserver une police municipale non dot\u00e9e d\u2019armes l\u00e9tales.<\/p>\n<p>FO invoque la responsabilit\u00e9 de la maire \u00ab dans la s\u00e9curit\u00e9 de ses agents \u00bb. Les policiers municipaux soulignent qu\u2019ils appliquent d\u00e9sormais \u00ab des articles du Code p\u00e9nal \u00bb et non plus seulement des arr\u00eat\u00e9s municipaux. \u00ab Nous r\u00e9alisons la m\u00eame police de voie publique que nos coll\u00e8gues nationaux, sans les m\u00eames moyens de d\u00e9fense \u00bb, r\u00e9sument-ils.<\/p>\n<p>La mairie dispose d\u2019une dizaine de jours pour recevoir le syndicat et tenter de d\u00e9samorcer le conflit. \u00c0 d\u00e9faut, des patrouilles en effectifs r\u00e9duits pourraient perturber l\u2019ordre public d\u00e8s la fin du mois. Pour l\u2019heure, aucun calendrier de n\u00e9gociation n\u2019a \u00e9t\u00e9 annonc\u00e9.<\/p>\n<p>Le d\u00e9bat, lui, d\u00e9passe les fronti\u00e8res nantaises : alors que l\u2019armement progresse partout en France, la capitale de la Bretagne hisrorique s\u2019interroge sur la ligne rouge entre pr\u00e9vention et protection arm\u00e9e. Les prochaines semaines diront si l\u2019\u00e9quilibre peut encore tenir.<\/p>\n<p>Cr\u00e9dit photos : DR<br \/>[cc] Breizh-info.com, 2025, d\u00e9p\u00eaches libres de copie et diffusion sous r\u00e9serve de mention de la source d\u2019origine<\/p>\n","protected":false},"excerpt":{"rendered":"Le d\u00e9bat sur l\u2019armement des policiers municipaux, r\u00e9current depuis plusieurs ann\u00e9es, conna\u00eet un nouveau pic de tension. Mercredi&hellip;\n","protected":false},"author":2,"featured_media":101862,"comment_status":"","ping_status":"","sticky":false,"template":"","format":"standard","meta":{"footnotes":""},"categories":[2818],"tags":[1111,11,6376,1777,674,1011,27,766,12,2636,2872,25],"class_list":{"0":"post-101861","1":"post","2":"type-post","3":"status-publish","4":"format-standard","5":"has-post-thumbnail","7":"category-nantes","8":"tag-actu","9":"tag-actualites","10":"tag-armes","11":"tag-eu","12":"tag-europe","13":"tag-fr","14":"tag-france","15":"tag-nantes","16":"tag-news","17":"tag-pays-de-la-loire","18":"tag-police-municipale","19":"tag-republique-francaise"},"share_on_mastodon":{"url":"https:\/\/pubeurope.com\/@fr\/114511758574188846","error":""},"_links":{"self":[{"href":"https:\/\/www.europesays.com\/fr\/wp-json\/wp\/v2\/posts\/101861","targetHints":{"allow":["GET"]}}],"collection":[{"href":"https:\/\/www.europesays.com\/fr\/wp-json\/wp\/v2\/posts"}],"about":[{"href":"https:\/\/www.europesays.com\/fr\/wp-json\/wp\/v2\/types\/post"}],"author":[{"embeddable":true,"href":"https:\/\/www.europesays.com\/fr\/wp-json\/wp\/v2\/users\/2"}],"replies":[{"embeddable":true,"href":"https:\/\/www.europesays.com\/fr\/wp-json\/wp\/v2\/comments?post=101861"}],"version-history":[{"count":0,"href":"https:\/\/www.europesays.com\/fr\/wp-json\/wp\/v2\/posts\/101861\/revisions"}],"wp:featuredmedia":[{"embeddable":true,"href":"https:\/\/www.europesays.com\/fr\/wp-json\/wp\/v2\/media\/101862"}],"wp:attachment":[{"href":"https:\/\/www.europesays.com\/fr\/wp-json\/wp\/v2\/media?parent=101861"}],"wp:term":[{"taxonomy":"category","embeddable":true,"href":"https:\/\/www.europesays.com\/fr\/wp-json\/wp\/v2\/categories?post=101861"},{"taxonomy":"post_tag","embeddable":true,"href":"https:\/\/www.europesays.com\/fr\/wp-json\/wp\/v2\/tags?post=101861"}],"curies":[{"name":"wp","href":"https:\/\/api.w.org\/{rel}","templated":true}]}}