{"id":101867,"date":"2025-05-15T12:07:09","date_gmt":"2025-05-15T12:07:09","guid":{"rendered":"https:\/\/www.europesays.com\/fr\/101867\/"},"modified":"2025-05-15T12:07:09","modified_gmt":"2025-05-15T12:07:09","slug":"le-combat-des-chefs-la-serie-netflix-produite-a-toulouse","status":"publish","type":"post","link":"https:\/\/www.europesays.com\/fr\/101867\/","title":{"rendered":"le combat des chefs\u00a0\u00bb, la s\u00e9rie Netflix produite \u00e0 Toulouse"},"content":{"rendered":"<p>            Par<br \/>\n        <strong><br \/>\n            <a href=\"https:\/\/actu.fr\/auteur\/lea-afonso\" title=\"Consulter tous les articles de L\u00e9a Afonso\" target=\"_blank\" rel=\"noopener\">L\u00e9a Afonso<\/a><br \/>\n        <\/strong><\/p>\n<p>        Publi\u00e9 le<\/p>\n<p>            15 mai 2025 \u00e0 13h33        <\/p>\n<p>Alors qu\u2019elle est sortie sur la plateforme de streaming <strong>Netflix<\/strong> il y a moins de deux semaines, le 30\u00a0avril 2025, la s\u00e9rie <strong>\u00ab\u2009Ast\u00e9rix et Ob\u00e9lix\u2009: le combat des chefs\u2009\u00bb,<\/strong> cr\u00e9\u00e9 par <strong>Alain Chabat<\/strong> et produite \u00e0 <strong><a href=\"https:\/\/actu.fr\/toulouse\/\" target=\"_blank\" rel=\"noopener\">Toulouse<\/a> <\/strong>par le studio d\u2019animations <strong>TAT Productions<\/strong> rencontre un <strong>fort succ\u00e8s<\/strong>. Voici les premiers chiffres.<\/p>\n<p>Des \u00e9l\u00e9ments qui fonctionnent<\/p>\n<p class=\" wall-content\">Si elle \u00e9tait attendue par de nombreuses personnes en France, la s\u00e9rie \u00ab\u2009Ast\u00e9rix et Ob\u00e9lix\u2009: le combat des chefs\u2009\u00bb a tenu ses promesses. Une histoire dr\u00f4le avec un <strong>Panoramix d\u00e9jant\u00e9<\/strong> suite \u00e0 sa perte de m\u00e9moire, adapt\u00e9e \u00e0 tous les \u00e2ges avec le c\u00f4t\u00e9 enfantin et les r\u00e9f\u00e9rences pour les adultes, jug\u00e9e m\u00eame trop courte par certains\u2009! Des ingr\u00e9dients id\u00e9aux pour cr\u00e9er le parfait m\u00e9lange de potion magique\u2009! R\u00e9sultat\u2009: pas de force surhumaine, mais <strong>un fort succ\u00e8s.<\/strong><\/p>\n<p class=\" wall-content\"><strong>N\u00b01 des s\u00e9ries TV en France<\/strong> sur Netflix depuis plusieurs jours, \u00ab\u2009elle cumule d\u00e9j\u00e0 <strong>10,1\u00a0millions de vues<\/strong>, confirme le studio TAT Productions ce mercredi 14\u00a0mai 2025. C\u2019est un succ\u00e8s populaire et \u00e0 travers tous les \u00e2ges\u2009\u00bb.<\/p>\n<p>Un succ\u00e8s \u00e0 l\u2019internationale<\/p>\n<p class=\" wall-content\">Si dans l\u2019Hexagone Ast\u00e9rix et Ob\u00e9lix ont su s\u00e9duire les t\u00e9l\u00e9spectateurs, ils connaissent aussi un fort succ\u00e8s \u00e0 l\u2019international. \u00ab\u2009Elle se place en <strong>seconde position dans le Top\u00a010 des s\u00e9ries non anglophones<\/strong> les plus regard\u00e9es cette semaine sur Netflix au niveau mondial\u2009\u00bb, ajoute le studio toulousain.<\/p>\n<p class=\" wall-content\">\u00ab\u2009On peut \u00e9galement souligner que la s\u00e9rie s\u2019est hiss\u00e9e <strong>dans le Top\u00a010 dans 70 pays et territoires<\/strong>, dont 10 pays o\u00f9 elle occupe la premi\u00e8re place\u2009\u00bb.<\/p>\n<p>Vid\u00e9os : en ce moment sur Actu<\/p>\n<p class=\" wall-content\">Suivez toute l\u2019actualit\u00e9 de vos villes et m\u00e9dias favoris en vous inscrivant \u00e0 <a href=\"https:\/\/moncompte.actu.fr\" title=\"D\u00e9couvez Mon Actu\" rel=\"nofollow noopener\" data-trk=\"{&quot;cta&quot;:{&quot;action&quot;:&quot;https:\\\/\\\/moncompte.actu.fr&quot;,&quot;category&quot;:&quot;mon compte&quot;,&quot;from&quot;:&quot;article footer&quot;,&quot;name&quot;:&quot;Mon actu&quot;,&quot;type&quot;:&quot;cta&quot;}}\" target=\"_blank\">Mon Actu<\/a>.<\/p>\n","protected":false},"excerpt":{"rendered":"Par L\u00e9a Afonso Publi\u00e9 le 15 mai 2025 \u00e0 13h33 Alors qu\u2019elle est sortie sur la plateforme de&hellip;\n","protected":false},"author":2,"featured_media":101868,"comment_status":"","ping_status":"","sticky":false,"template":"","format":"standard","meta":{"footnotes":""},"categories":[2816],"tags":[1111,11,1777,674,1011,27,1652,127,12,2680,25,252,2312],"class_list":{"0":"post-101867","1":"post","2":"type-post","3":"status-publish","4":"format-standard","5":"has-post-thumbnail","7":"category-toulouse","8":"tag-actu","9":"tag-actualites","10":"tag-eu","11":"tag-europe","12":"tag-fr","13":"tag-france","14":"tag-loisirs-culture","15":"tag-netflix","16":"tag-news","17":"tag-occitanie","18":"tag-republique-francaise","19":"tag-television","20":"tag-toulouse"},"share_on_mastodon":{"url":"https:\/\/pubeurope.com\/@fr\/114511770044099021","error":""},"_links":{"self":[{"href":"https:\/\/www.europesays.com\/fr\/wp-json\/wp\/v2\/posts\/101867","targetHints":{"allow":["GET"]}}],"collection":[{"href":"https:\/\/www.europesays.com\/fr\/wp-json\/wp\/v2\/posts"}],"about":[{"href":"https:\/\/www.europesays.com\/fr\/wp-json\/wp\/v2\/types\/post"}],"author":[{"embeddable":true,"href":"https:\/\/www.europesays.com\/fr\/wp-json\/wp\/v2\/users\/2"}],"replies":[{"embeddable":true,"href":"https:\/\/www.europesays.com\/fr\/wp-json\/wp\/v2\/comments?post=101867"}],"version-history":[{"count":0,"href":"https:\/\/www.europesays.com\/fr\/wp-json\/wp\/v2\/posts\/101867\/revisions"}],"wp:featuredmedia":[{"embeddable":true,"href":"https:\/\/www.europesays.com\/fr\/wp-json\/wp\/v2\/media\/101868"}],"wp:attachment":[{"href":"https:\/\/www.europesays.com\/fr\/wp-json\/wp\/v2\/media?parent=101867"}],"wp:term":[{"taxonomy":"category","embeddable":true,"href":"https:\/\/www.europesays.com\/fr\/wp-json\/wp\/v2\/categories?post=101867"},{"taxonomy":"post_tag","embeddable":true,"href":"https:\/\/www.europesays.com\/fr\/wp-json\/wp\/v2\/tags?post=101867"}],"curies":[{"name":"wp","href":"https:\/\/api.w.org\/{rel}","templated":true}]}}