{"id":1018674,"date":"2026-06-23T09:06:16","date_gmt":"2026-06-23T09:06:16","guid":{"rendered":"https:\/\/www.europesays.com\/fr\/1018674\/"},"modified":"2026-06-23T09:06:16","modified_gmt":"2026-06-23T09:06:16","slug":"en-maine-et-loire-le-peintre-claude-monet-vu-par-une-quarantaine-dartistes","status":"publish","type":"post","link":"https:\/\/www.europesays.com\/fr\/1018674\/","title":{"rendered":"En Maine-et-Loire, le peintre Claude Monet vu par une quarantaine d\u2019artistes"},"content":{"rendered":"<p>Vendredi 19\u00a0juin 2026, \u00e0 l\u2019initiative du service culturel de Mauges-sur-Loire (Maine-et-Loire), le vernissage de la nouvelle exposition de cr\u00e9ations contemporaines, install\u00e9e pour l\u2019\u00e9t\u00e9 \u00e0 l\u2019abbaye de Saint-Florent-le-Vieil, a r\u00e9uni une centaine de personnes, artistes exposants, agents communaux, \u00e9lus et b\u00e9n\u00e9voles.<\/p>\n<p>L\u2019association Des artistes autour de, collectif de onze artistes du Maine-et-Loire, a propos\u00e9 \u00e0 des peintres, sculpteurs et plasticiens de rendre hommage \u00e0 Claude Monet, grand ma\u00eetre de l\u2019impressionnisme, \u00e0 l\u2019occasion du centenaire de sa disparition.<\/p>\n<p>        Plus de 120\u00a0\u0153uvres<\/p>\n<p>Il s\u2019agit de la deuxi\u00e8me proposition de ce collectif qui rend hommage, tous les deux\u00a0ans, \u00e0 un grand nom de l\u2019histoire de l\u2019art \u00e0 travers une exposition, affirmant sa volont\u00e9 de faire vivre la m\u00e9moire artistique \u00e0 travers la cr\u00e9ation contemporaine. Et comme en 2024, chaque membre de l\u2019association a invit\u00e9 trois\u00a0artistes \u00e0 travailler autour de Claude Monnet<\/p>\n<p>Au final, ce sont plus de 120\u00a0peintures, sculptures et installations, dont certaines en polyptyques, qui sont offertes au regard des visiteurs dans la fra\u00eecheur des salles de l\u2019abbaye. Beaucoup de ces \u0153uvres montrent une r\u00e9f\u00e9rence explicite \u00e0 Claude Monet. Un bel hommage, jugent des premiers visiteurs.<\/p>\n<p>        Des activit\u00e9s p\u00e9riph\u00e9riques<\/p>\n<p>Cette exposition \u201cAutour de Claude Monet\u201d va susciter des activit\u00e9s p\u00e9riph\u00e9riques\u00a0: visite guid\u00e9e par les artistes, samedi 27\u00a0juin, \u00e0 16\u00a0h\u00a0; projection au Cin\u00e9-Glonne de \u201cClaude Monet, le regard du peintre\u201d, \u00e9galement samedi 27\u00a0juin, \u00e0 17\u00a0h\u00a030\u00a0; et de multiples invitations au mus\u00e9e virtuel de la Micro-Folie, sur le th\u00e8me de Claude Monet et de l\u2019impressionnisme.<\/p>\n<p><strong>Jusqu\u2019au dimanche 23\u00a0ao\u00fbt 2026,<\/strong> ouvert les mercredi, vendredi, samedi et dimanche, de 15\u00a0h \u00e0 18\u00a0h, \u00e0 l\u2019abbaye de Saint-Florent-le-Vieil\u00a0(Mauges-sur-Loire). Entr\u00e9e libre. Renseignements\u00a0: 06\u00a024\u00a000\u00a046\u00a014, ou courriel \u00e0\u00a0: culture@mauges-sur-loire.fr<\/p>\n","protected":false},"excerpt":{"rendered":"Vendredi 19\u00a0juin 2026, \u00e0 l\u2019initiative du service culturel de Mauges-sur-Loire (Maine-et-Loire), le vernissage de la nouvelle exposition de&hellip;\n","protected":false},"author":2,"featured_media":1018675,"comment_status":"","ping_status":"","sticky":false,"template":"","format":"standard","meta":{"footnotes":"","_share_on_mastodon":"0"},"categories":[1358],"tags":[1348,1384,1385,91449,91447,2192,1386,58,59,1349,1011,27,90860,13291,91450,43517,91452,106428,91451],"class_list":["post-1018674","post","type-post","status-publish","format-standard","has-post-thumbnail","category-arts-et-design","tag-arts","tag-arts-and-design","tag-arts-et-design","tag-beaupreau-en-mauges","tag-chemille-en-anjou","tag-cholet","tag-design","tag-divertissement","tag-entertainment","tag-expositions","tag-fr","tag-france","tag-loireauxence","tag-maine-et-loire","tag-mauges-sur-loire","tag-montrevault-sur-evre","tag-oree-danjou","tag-saint-florent-le-vieil","tag-sevremoine"],"share_on_mastodon":{"url":"https:\/\/pubeurope.com\/@fr\/116798631776637885","error":""},"_links":{"self":[{"href":"https:\/\/www.europesays.com\/fr\/wp-json\/wp\/v2\/posts\/1018674","targetHints":{"allow":["GET"]}}],"collection":[{"href":"https:\/\/www.europesays.com\/fr\/wp-json\/wp\/v2\/posts"}],"about":[{"href":"https:\/\/www.europesays.com\/fr\/wp-json\/wp\/v2\/types\/post"}],"author":[{"embeddable":true,"href":"https:\/\/www.europesays.com\/fr\/wp-json\/wp\/v2\/users\/2"}],"replies":[{"embeddable":true,"href":"https:\/\/www.europesays.com\/fr\/wp-json\/wp\/v2\/comments?post=1018674"}],"version-history":[{"count":0,"href":"https:\/\/www.europesays.com\/fr\/wp-json\/wp\/v2\/posts\/1018674\/revisions"}],"wp:featuredmedia":[{"embeddable":true,"href":"https:\/\/www.europesays.com\/fr\/wp-json\/wp\/v2\/media\/1018675"}],"wp:attachment":[{"href":"https:\/\/www.europesays.com\/fr\/wp-json\/wp\/v2\/media?parent=1018674"}],"wp:term":[{"taxonomy":"category","embeddable":true,"href":"https:\/\/www.europesays.com\/fr\/wp-json\/wp\/v2\/categories?post=1018674"},{"taxonomy":"post_tag","embeddable":true,"href":"https:\/\/www.europesays.com\/fr\/wp-json\/wp\/v2\/tags?post=1018674"}],"curies":[{"name":"wp","href":"https:\/\/api.w.org\/{rel}","templated":true}]}}