{"id":1018699,"date":"2026-06-23T09:20:16","date_gmt":"2026-06-23T09:20:16","guid":{"rendered":"https:\/\/www.europesays.com\/fr\/1018699\/"},"modified":"2026-06-23T09:20:16","modified_gmt":"2026-06-23T09:20:16","slug":"amenagement-a-saint-etienne-regis-juanico-president-de-lepase","status":"publish","type":"post","link":"https:\/\/www.europesays.com\/fr\/1018699\/","title":{"rendered":"Am\u00e9nagement. A Saint-\u00c9tienne, R\u00e9gis Juanico pr\u00e9sident de l&rsquo;\u00c9pase"},"content":{"rendered":"<p><img loading=\"lazy\" decoding=\"async\" alt=\"Le conseil d\u2019administration de l\u2019\u00c9tablissement public d\u2019am\u00e9nagement de Saint-\u00c9tienne (Epase) a \u00e9lu R\u00e9gis Juanico, le maire de la ville, \u00e0 sa pr\u00e9sidence. - \u00a9 Epase\" data-zoom-src=\"https:\/\/www.europesays.com\/fr\/wp-content\/uploads\/2026\/06\/initial-election-epase-saint-etienne-maire-regis-juanico-amenagement.jpg\" data-zoomable=\"\" height=\"702\" src=\"https:\/\/www.europesays.com\/fr\/wp-content\/uploads\/2026\/06\/initial-election-epase-saint-etienne-maire-regis-juanico-amenagement.jpg\" width=\"1248\"\/>  <\/p>\n<p class=\"article-desc\">Le conseil d\u2019administration de l\u2019\u00c9tablissement public d\u2019am\u00e9nagement de Saint-\u00c9tienne (Epase) a \u00e9lu R\u00e9gis Juanico, le maire de la ville, \u00e0 sa pr\u00e9sidence. &#8211; \u00a9 Epase <\/p>\n<p>R\u00e9uni le 19 juin, le conseil d\u2019administration de l\u2019<strong>\u00c9tablissement public d\u2019am\u00e9nagement de Saint-\u00c9tienne<\/strong> (Epase) a \u00e9lu<a href=\"https:\/\/mesinfos.fr\/42000-saint-etienne\/regis-juanico-nouveau-president-de-saint-etienne-metropole-243702.html\" rel=\"nofollow noopener\" target=\"_blank\"> R\u00e9gis Juanico<\/a> \u00e0 sa pr\u00e9sidence. Le maire de Saint-\u00c9tienne et pr\u00e9sident de Saint-\u00c9tienne M\u00e9tropole succ\u00e8de ainsi \u00e0 Ga\u00ebl Perdriau. <\/p>\n<p>Cette nouvelle gouvernance s\u2019inscrit dans la continuit\u00e9 du projet partenarial d\u2019am\u00e9nagement 2021-2032. Parmi les dossiers majeurs figurent la poursuite de <strong>la transformation du quartier Saint-Roch<\/strong>, le d\u00e9veloppement du<strong> p\u00f4le \u00e9conomique de Ch\u00e2teaucreux<\/strong> autour de la gare et l\u2019ach\u00e8vement de la grande usine cr\u00e9ative sur le site de l\u2019ancienne Manufacture d\u2019armes.<\/p>\n<p>  L&rsquo;Epase intervient sur plusieurs quartiers pour r\u00e9g\u00e9n\u00e9rer le centre-ville de Saint-\u00c9tienne <\/p>\n<p>\u00ab\u00a0Saint-\u00c9tienne a de nombreux atouts : son histoire, son \u00e9nergie, ses habitants. Sa transformation urbaine contribue \u00e0 r\u00e9v\u00e9ler le potentiel de notre territoire. Et ce n\u2019est pas une promesse, c\u2019est un chantier d\u00e9j\u00e0 engag\u00e9, visible dans nos quartiers. \u00c0 la pr\u00e9sidence de l\u2019Epase, je veux que cet \u00e9lan se construise au plus pr\u00e8s du terrain et des St\u00e9phanois, avec exigence et dans la dur\u00e9e\u00a0\u00bb, d\u00e9clare l\u2019\u00e9dile.<\/p>\n<p>Cr\u00e9\u00e9 en 2007, <strong>l\u2019Epase <\/strong>est l\u2019op\u00e9rateur public charg\u00e9 de piloter les<strong> op\u00e9rations de renouvellement urbain<\/strong> sur pr\u00e8s de 970 hectares. Outil de l\u2019\u00c9tat au service du d\u00e9veloppement local, il intervient notamment dans les secteurs de Ch\u00e2teaucreux, Manufacture-Plaine Achille et du centre-ville. <\/p>\n<p>Sa mission consiste \u00e0 <strong>transformer les quartiers<\/strong> \u00e0 travers la requalification d\u2019espaces publics, la r\u00e9habilitation de logements, la reconversion de friches ou encore le soutien \u00e0 l\u2019activit\u00e9 \u00e9conomique.<\/p>\n","protected":false},"excerpt":{"rendered":"Le conseil d\u2019administration de l\u2019\u00c9tablissement public d\u2019am\u00e9nagement de Saint-\u00c9tienne (Epase) a \u00e9lu R\u00e9gis Juanico, le maire de la&hellip;\n","protected":false},"author":2,"featured_media":1018700,"comment_status":"","ping_status":"","sticky":false,"template":"","format":"standard","meta":{"footnotes":"","_share_on_mastodon":"0"},"categories":[9653],"tags":[1111,11,2430,4476,1777,674,1011,27,1908,12,25,106430,4001,15880],"class_list":["post-1018699","post","type-post","status-publish","format-standard","has-post-thumbnail","category-saint-etienne","tag-actu","tag-actualites","tag-auvergne-rhone-alpes","tag-construction","tag-eu","tag-europe","tag-fr","tag-france","tag-logement","tag-news","tag-republique-francaise","tag-ru00e9gis-juanico","tag-saint-etienne","tag-ville-de-saint-etienne"],"share_on_mastodon":{"url":"https:\/\/pubeurope.com\/@fr\/116798688257620515","error":""},"_links":{"self":[{"href":"https:\/\/www.europesays.com\/fr\/wp-json\/wp\/v2\/posts\/1018699","targetHints":{"allow":["GET"]}}],"collection":[{"href":"https:\/\/www.europesays.com\/fr\/wp-json\/wp\/v2\/posts"}],"about":[{"href":"https:\/\/www.europesays.com\/fr\/wp-json\/wp\/v2\/types\/post"}],"author":[{"embeddable":true,"href":"https:\/\/www.europesays.com\/fr\/wp-json\/wp\/v2\/users\/2"}],"replies":[{"embeddable":true,"href":"https:\/\/www.europesays.com\/fr\/wp-json\/wp\/v2\/comments?post=1018699"}],"version-history":[{"count":0,"href":"https:\/\/www.europesays.com\/fr\/wp-json\/wp\/v2\/posts\/1018699\/revisions"}],"wp:featuredmedia":[{"embeddable":true,"href":"https:\/\/www.europesays.com\/fr\/wp-json\/wp\/v2\/media\/1018700"}],"wp:attachment":[{"href":"https:\/\/www.europesays.com\/fr\/wp-json\/wp\/v2\/media?parent=1018699"}],"wp:term":[{"taxonomy":"category","embeddable":true,"href":"https:\/\/www.europesays.com\/fr\/wp-json\/wp\/v2\/categories?post=1018699"},{"taxonomy":"post_tag","embeddable":true,"href":"https:\/\/www.europesays.com\/fr\/wp-json\/wp\/v2\/tags?post=1018699"}],"curies":[{"name":"wp","href":"https:\/\/api.w.org\/{rel}","templated":true}]}}