{"id":101873,"date":"2025-05-15T12:10:10","date_gmt":"2025-05-15T12:10:10","guid":{"rendered":"https:\/\/www.europesays.com\/fr\/101873\/"},"modified":"2025-05-15T12:10:10","modified_gmt":"2025-05-15T12:10:10","slug":"ces-jeunes-montent-un-spectacle-en-8-mois-pour-faire-connaitre-philibert-vrau","status":"publish","type":"post","link":"https:\/\/www.europesays.com\/fr\/101873\/","title":{"rendered":"ces jeunes montent un spectacle en 8 mois pour faire conna\u00eetre Philibert Vrau"},"content":{"rendered":"<p>            Par<br \/>\n        <strong><br \/>\n            <a href=\"https:\/\/actu.fr\/auteur\/annesophie-2\" title=\"Consulter tous les articles de Anne-Sophie Hourdeaux\" target=\"_blank\" rel=\"noopener\">Anne-Sophie Hourdeaux<\/a><br \/>\n        <\/strong><\/p>\n<p>        Publi\u00e9 le<\/p>\n<p>            15 mai 2025 \u00e0 14h08        <\/p>\n<p>Ils ont sans doute \u00e9tabli un record\u2009: <b>monter un spectacle in\u00e9dit en 8 mois\u2009<\/b>! Ils, ce sont des jeunes de la Catho (<a href=\"https:\/\/actu.fr\/tag\/universite-catholique-de-lille\" target=\"_blank\" rel=\"noopener\">universit\u00e9 catholique de Lille<\/a>), \u00e9tudiants ou anciens. Et ils ont plac\u00e9 la barre haute, avec un <b>spectacle complet, <\/b>qui se tiendra \u00e0 <a href=\"https:\/\/actu.fr\/hauts-de-france\/lille_59350\" target=\"_blank\" rel=\"noopener\">Lille<\/a> <b>du 22 au 24 mai 2025. <\/b>Le th\u00e8me est in\u00e9dit :<b> un personnage du XIXe si\u00e8cle, industriel textile, Philibert Vrau<\/b>. On vous raconte ce projet !<\/p>\n<p>      <img   decoding=\"async\" loading=\"lazy\" class=\"size-large\" src=\"https:\/\/www.europesays.com\/fr\/wp-content\/uploads\/2025\/05\/375f0bb4432862b5f0bb44328fe5f0v-960x640.jpg\" alt=\"spectacle philibert vrau\" width=\"960\" height=\"640\"\/><br \/>\n    L\u2019association Sanctifio a \u00e9t\u00e9 cr\u00e9\u00e9e pour cr\u00e9er des spectacles sur des t\u00e9moins chr\u00e9tiens inspirants. \u00a9SanctifioUne centaine de b\u00e9n\u00e9voles<\/p>\n<p class=\" wall-content\">Le spectacle qui se pr\u00e9pare \u00e0 la Catho de Lille surprendra : non seulement, on y trouvera une vraie histoire et du texte, mais aussi des d\u00e9cors, des costumes, de la musique, des chansons. \u00ab\u2009Une centaine de b\u00e9n\u00e9voles sont mobilis\u00e9s pour ce projet, dont 40 acteurs\u2009\u00bb signale Alban Lemaire, vice-pr\u00e9sident de Sanctifio et responsable logistique.<\/p>\n<p>      <img   decoding=\"async\" loading=\"lazy\" class=\"size-large\" src=\"https:\/\/www.europesays.com\/fr\/wp-content\/uploads\/2025\/05\/354f720543286494f720543284d4f7v-960x640.jpg\" alt=\"spectacle philibert vrau\" width=\"960\" height=\"640\"\/><br \/>\n    40 acteurs et 15 musiciens seront sur sc\u00e8ne \u00e0 Lille. \u00a9sanctifioAvec des jeunes et une nouvelle association<\/p>\n<p class=\" wall-content\">Il s\u2019agit d\u2019\u00e9l\u00e8ves de la Catho de Lille, et de jeunes professionnels. Alban Lemaire lui, est un ancien de l\u2019ICAM. \u00ab\u2009L\u2019id\u00e9e en revient au p\u00e8re Charles-Marie Rigail, aum\u00f4nier de l\u2019Universit\u00e9 catholique. Il voulait un spectacle pour f\u00eater les 150 ans de la Catho.<\/p>\n<p class=\" wall-content\">Dans le cadre du Jubil\u00e9 2025, l\u2019envie \u00e9tait de mettre en valeur des t\u00e9moins engag\u00e9s et inspirants, c\u2019est pour cela qu\u2019une nouvelle association est n\u00e9e, Sanctifio\u2009\u00bb.<\/p>\n<p>      <img   decoding=\"async\" loading=\"lazy\" class=\"size-large\" src=\"https:\/\/www.europesays.com\/fr\/wp-content\/uploads\/2025\/05\/7267a205432865667a20543282a67av-960x640.jpg\" alt=\"spectacle philibert vrau\" width=\"960\" height=\"640\"\/><br \/>\n    La troupe ira jusqu\u2019\u00e0 Rome jouer le spectacle cet \u00e9t\u00e9 ! \u00a9sanctifioProc\u00e8s en b\u00e9atification<\/p>\n<p class=\" wall-content\">Et \u00e0 Lille, justement, une figure chr\u00e9tienne du XIXe\u00a0si\u00e8cle reste m\u00e9connue\u2009: Philibert Vrau, patron du textile. Un proc\u00e8s en b\u00e9atification est en cours depuis des ann\u00e9es, l\u2019association des Amis de Philibert Vrau y \u0153uvre. Le spectacle donnera un \u00e9clairage nouveau sur le cr\u00e9ateur du \u00ab\u2009fil au chinois\u2009\u00bb qui fut bien plus qu\u2019un entrepreneur averti.<\/p>\n<p>Charles Callens sera Philibert Vrau<\/p>\n<p>\u00ab\u2009C\u2019est une amie, ancienne de la Catho, qui m\u2019a propos\u00e9 ce r\u00f4le. Je n\u2019ai quasiment jamais fait de th\u00e9\u00e2tre\u2009!\u2009\u00bb Mais Charles Callens a fait un peu de sc\u00e8ne au Conservatoire, car il prend des cours de chant. Le projet Philibert le ravit. En plus de la partie th\u00e9\u00e2tre, il donne m\u00eame de la voix, \u00ab\u2009je chante en solo une des chansons\u2009\u00bb. Un vrai d\u00e9fi, car Charles ne r\u00e9p\u00e8te que depuis 2\u00a0mois\u2009!<br \/>&#13;<br \/>\nDans la vie, l\u2019engagement, il conna\u00eet\u2009: il est le responsable communication du dioc\u00e8se d\u2019Arras.<br \/>&#13;<br \/>\nNordiste, c\u00e9libataire, dialogue social<br \/>&#13;<br \/>\n\u00ab\u2009C\u2019est un honneur qu\u2019on me fasse confiance, je suis enthousiasm\u00e9 par l\u2019\u00e9nergie des jeunes qui ne comptent pas leur temps sur ce spectacle\u2009\u00bb. Ce qu\u2019il retient de son personnage\u2009? \u00ab\u2009Je le connaissais un peu, mais pas en d\u00e9tails. \u00c0 la lecture du script, je me suis rendu compte que ce personnage me parlait\u2009\u00bb.<br \/>&#13;<br \/>\nIl \u00e9num\u00e8re\u2009: \u00ab\u2009C\u2019est un Nordiste attach\u00e9 \u00e0 a r\u00e9gion, un c\u00e9libataire engag\u00e9 dans sa foi sans \u00eatre pr\u00eatre, qui n\u2019a pas eu une vocation toute trac\u00e9e\u2009\u00bb.<br \/>&#13;<br \/>\nIl ajoute\u2009: \u00ab\u2009Il a cr\u00e9\u00e9 la Catho, et est all\u00e9 jusqu\u2019\u00e0 Rome pour valider cette fondation. Et il a encore des choses \u00e0 dire sur le dialogue social. Il est source d\u2019inspiration pour aujourd\u2019hui\u2009\u00bb.<br \/>&#13;<br \/>\nUn lien avec L\u00e9on XIV<br \/>&#13;<br \/>\nL\u2019homme du XIXe\u00a0si\u00e8cle a aussi une actualit\u00e9 inattendue\u2009: \u00ab\u2009L\u2019\u00e9lection de L\u00e9on XIV donne un \u00e9clairage nouveau sur Philibert Vrau, car celui-ci a \u00e9t\u00e9 contemporain de L\u00e9on XIII, le pape de la doctrine sociale de l\u2019\u00c9glise. Ce n\u2019est pas un hasard si L\u00e9on XIV a pris ce nom\u2009\u00bb.<\/p>\n<p>Un exemple social<\/p>\n<p class=\" wall-content\">Pourquoi vouloir le remettre \u00e0 l\u2019honneur\u2009? \u00ab\u2009Il a v\u00e9cu la radicalit\u00e9 de l\u2019\u00c9vangile, c\u2019est un exemple qui encourage \u00e0 faire de m\u00eame. Industriel lillois, il s\u2019est engag\u00e9 pour le bien-\u00eatre de ses ouvriers\u2009: il a cr\u00e9\u00e9 l\u2019assistance m\u00e9dicale, les premi\u00e8res cotisations retraites, il a limit\u00e9 le travail des femmes et des enfants\u2026 Tout cela, dans une grande humilit\u00e9, il a v\u00e9cu tr\u00e8s simplement, il ne voulait pas qu\u2019on parle de lui\u2009!\u2009\u00bb rapporte Alban.<\/p>\n<p>Collaborations<\/p>\n<p class=\" wall-content\">La troupe de jeunes est accompagn\u00e9e dans cette aventure par deux professionnels reconnus dans leur milieu. \u00ab\u2009On est all\u00e9 au culot et on les a contact\u00e9s, ils ont accept\u00e9 tout de suite\u2009!\u2009\u00bb signale Oscar Ch\u00e9demois.<\/p>\n<p class=\" wall-content\">Si je vous dis Star Wars, et m\u00eame Wonder Woman\u2009? Vous ne connaissez sans doute pas le nom de David Ratajczak, mais ses dessins qui servent de d\u00e9cors \u00e0 de grands films, oui. Et bien, il a travaill\u00e9 pour le spectacle lillois\u2009! Et c\u2019est un retour aux sources, puisqu\u00a0\u00bbil est originaire de la Capitale des Flandres. \u00ab\u2009Il est sp\u00e9cialiste du matte painting, des d\u00e9cors virtuels. Ce qui permet d\u2019avoir l\u2019impression d\u2019avoir une sc\u00e8ne agrandie. 13 de ses \u0153uvres seront projet\u00e9s sur \u00e9cran g\u00e9ant\u2009\u00bb d\u00e9taille Alban Lemaire.<\/p>\n<p class=\" wall-content\">Et ce n\u2019est pas tout. Pour la dimension musicale, l\u2019\u00e9quipe voulait cr\u00e9er une musique in\u00e9dite, avec des chansons originales. C\u2019est le compositeur Richard Li\u00e9geois qui a \u00e9t\u00e9 sollicit\u00e9. Il a travaill\u00e9 sur des grands projets, comme la Dame de Pierre ou le Puy du Fou. \u00ab\u2009Il a compos\u00e9 la musique de 5 chansons qui ponctuent le spectacle\u2009\u00bb dit Alban.<\/p>\n<p>Pas pass\u00e9iste<br \/>\n      <img   decoding=\"async\" loading=\"lazy\" class=\"size-large\" src=\"https:\/\/www.europesays.com\/fr\/wp-content\/uploads\/2025\/05\/1bab773a02286d4bb773a0228d8bb7v-960x640.jpg\" alt=\"spectacle philibert VRAU\" width=\"960\" height=\"640\"\/><br \/>\n    C\u2019est Charles Callens qui incarne Philibert Vrau. Il est le responsable communication du dioc\u00e8se d\u2019Arras ! \u00a9Sanctifio<\/p>\n<p class=\" wall-content\">Un des auteurs du sc\u00e9nario est Oscar Ch\u00e9demois, \u00e9tudiant \u00e0 l\u2019\u00c9cole de journalisme de Lille. \u00ab\u2009C\u2019est une premi\u00e8re pour moi, \u00e0 la demande du p\u00e8re Rigail\u2009\u00bb. Il connaissait mal Philibert Vrau avant.<\/p>\n<p class=\" wall-content\">Il a choisi de raconter l\u2019histoire de l\u2019industriel \u00e0 travers les yeux de Louise, une de ses anciennes ouvri\u00e8res. \u00ab\u2009Le spectacle commence en 1914 dans les tranch\u00e9es, 9\u00a0ans apr\u00e8s la mort de Philibert\u2026\u2009\u00bb<\/p>\n<p class=\" wall-content\">Le message\u2009? \u00ab\u2009On veut montrer dans quelle mesure l\u2019industriel, pourtant discret et aust\u00e8re, a \u00e9t\u00e9 un phare pour ses ouvriers\u2009\u00bb. Le spectacle ne se veut pas \u00ab\u2009pass\u00e9iste\u2009\u00bb dit encore Oscar. \u00ab\u2009C\u2019est une figure qui a du sens, qui est moderne et qui a des choses \u00e0 dire \u00e0 nos contemporains\u2009\u00bb.<\/p>\n<p>\u00c0 Rome aussi<\/p>\n<p class=\" wall-content\">Le spectacle ne se contentera pas des planches de la Catho en mai\u2009: il sera \u00e0 Rome cet \u00e9t\u00e9, avec le Jubil\u00e9 des jeunes\u2009! Et en 2026, l\u2019id\u00e9e est de proposer une soir\u00e9e \u00e0 la cath\u00e9drale de Lille, et peut-\u00eatre aussi \u00e0 Lyon pour les 100\u00a0ans des EDC (Entrepreneurs et dirigeants chr\u00e9tiens).<\/p>\n<p class=\" wall-content\">Sanctifio ne s\u2019arr\u00eatera pas \u00e0 Philibert Vrau, l\u2019association pense d\u00e9j\u00e0 \u00e0 valoriser d\u2019autres t\u00e9moins chr\u00e9tiens. Pour la prochaine figure mise en spectacle, Charles Callens esp\u00e8re que ce sera\u2026 Beno\u00eet Labre, saint du Pas-de-Calais\u2009!<\/p>\n<p>Lieu\u2009: chapelle de l\u2019Universit\u00e9 catholique de Lille, 60 bis boulevard Vauban. Dur\u00e9e\u2009: 1\u2009h\u200915, \u00e0 partir de 21 h 30. Contact\u2009: <a href=\"https:\/\/actu.fr\/cdn-cgi\/l\/email-protection\" class=\"__cf_email__\" data-cfemail=\"33505c5d475250477340525d50475a555a5c1d5541\" target=\"_blank\" rel=\"noopener\">[email\u00a0protected]<\/a>. Tarifs\u2009: 10 \u20ac pour les moins de 25 ans, 25 \u20ac en tarif normal et 40 \u20ac en tarif solidaire. <a href=\"https:\/\/app.imagina.com\/spectacle-philibert-vrau\/436511\" target=\"_blank\" rel=\"noopener\">Infos et r\u00e9servations\u2009sur ce lien.<\/a><\/p>\n<p class=\" wall-content\">Suivez toute l\u2019actualit\u00e9 de vos villes et m\u00e9dias favoris en vous inscrivant \u00e0 <a href=\"https:\/\/moncompte.actu.fr\" title=\"D\u00e9couvez Mon Actu\" rel=\"nofollow noopener\" data-trk=\"{&quot;cta&quot;:{&quot;action&quot;:&quot;https:\\\/\\\/moncompte.actu.fr&quot;,&quot;category&quot;:&quot;mon compte&quot;,&quot;from&quot;:&quot;article footer&quot;,&quot;name&quot;:&quot;Mon actu&quot;,&quot;type&quot;:&quot;cta&quot;}}\" target=\"_blank\">Mon Actu<\/a>.<\/p>\n","protected":false},"excerpt":{"rendered":"Par Anne-Sophie Hourdeaux Publi\u00e9 le 15 mai 2025 \u00e0 14h08 Ils ont sans doute \u00e9tabli un record\u2009: monter&hellip;\n","protected":false},"author":2,"featured_media":101874,"comment_status":"","ping_status":"","sticky":false,"template":"","format":"standard","meta":{"footnotes":""},"categories":[2815],"tags":[1111,11,1777,674,1011,27,811,1307,1652,12,4020,25,853,21754],"class_list":{"0":"post-101873","1":"post","2":"type-post","3":"status-publish","4":"format-standard","5":"has-post-thumbnail","7":"category-lille","8":"tag-actu","9":"tag-actualites","10":"tag-eu","11":"tag-europe","12":"tag-fr","13":"tag-france","14":"tag-hauts-de-france","15":"tag-lille","16":"tag-loisirs-culture","17":"tag-news","18":"tag-religion","19":"tag-republique-francaise","20":"tag-spectacles","21":"tag-universite-catholique-de-lille"},"share_on_mastodon":{"url":"https:\/\/pubeurope.com\/@fr\/114511782562059018","error":""},"_links":{"self":[{"href":"https:\/\/www.europesays.com\/fr\/wp-json\/wp\/v2\/posts\/101873","targetHints":{"allow":["GET"]}}],"collection":[{"href":"https:\/\/www.europesays.com\/fr\/wp-json\/wp\/v2\/posts"}],"about":[{"href":"https:\/\/www.europesays.com\/fr\/wp-json\/wp\/v2\/types\/post"}],"author":[{"embeddable":true,"href":"https:\/\/www.europesays.com\/fr\/wp-json\/wp\/v2\/users\/2"}],"replies":[{"embeddable":true,"href":"https:\/\/www.europesays.com\/fr\/wp-json\/wp\/v2\/comments?post=101873"}],"version-history":[{"count":0,"href":"https:\/\/www.europesays.com\/fr\/wp-json\/wp\/v2\/posts\/101873\/revisions"}],"wp:featuredmedia":[{"embeddable":true,"href":"https:\/\/www.europesays.com\/fr\/wp-json\/wp\/v2\/media\/101874"}],"wp:attachment":[{"href":"https:\/\/www.europesays.com\/fr\/wp-json\/wp\/v2\/media?parent=101873"}],"wp:term":[{"taxonomy":"category","embeddable":true,"href":"https:\/\/www.europesays.com\/fr\/wp-json\/wp\/v2\/categories?post=101873"},{"taxonomy":"post_tag","embeddable":true,"href":"https:\/\/www.europesays.com\/fr\/wp-json\/wp\/v2\/tags?post=101873"}],"curies":[{"name":"wp","href":"https:\/\/api.w.org\/{rel}","templated":true}]}}