{"id":1018733,"date":"2026-06-23T09:39:16","date_gmt":"2026-06-23T09:39:16","guid":{"rendered":"https:\/\/www.europesays.com\/fr\/1018733\/"},"modified":"2026-06-23T09:39:16","modified_gmt":"2026-06-23T09:39:16","slug":"des-retards-sous-le-cagnard-sur-les-lignes-sncf-entre-nantes-le-croisic-et-redon-le-trafic","status":"publish","type":"post","link":"https:\/\/www.europesays.com\/fr\/1018733\/","title":{"rendered":"Des retards sous le cagnard\u00a0: sur les lignes SNCF entre Nantes, Le Croisic et Redon, le trafic"},"content":{"rendered":"<p>Plus de temps \u00e0 attendre sur les quais ou dans les voitures\u00a0: pas une bonne nouvelle en temps de canicule. <a href=\"https:\/\/nantes.maville.com\/actu\/actudet_-la-canicule-touche-durement-la-loire-atlantique-la-barre-symbolique-des-40-c-depassee-a-nantes-un-record-est-tombe-_52716-7372510_actu.Htm\" target=\"_self\" rel=\"nofollow noopener\">Plus de 41\u00a0\u00b0C sont attendus \u00e0 Nantes,<\/a> ce mardi 23\u00a0juin 2026, 36\u00a0\u00b0C \u00e0 Saint-Nazaire ou 34\u00a0\u00b0C \u00e0 La Baule\u00a0(Loire-Atlantique). Pourtant, le long de la ligne SNCF entre la cit\u00e9 des Ducs et Le Croisic, des retards sont attendus ce mardi, annonce TER Pays de la Loire, sur le r\u00e9seau social X. Ils touchent aussi l\u2019axe entre Nantes et Redon.<\/p>\n<blockquote class=\"twitter-tweet\" wp_automatic_readability=\"7.6533333333333\">\n<p lang=\"fr\" dir=\"ltr\">?? Trafic perturb\u00e9 entre <a href=\"https:\/\/x.com\/hashtag\/Nantes?src=hash&amp;ref_src=twsrc%5Etfw\" rel=\"nofollow\">#Nantes<\/a> et <a href=\"https:\/\/x.com\/hashtag\/LeCroisic?src=hash&amp;ref_src=twsrc%5Etfw\" rel=\"nofollow\">#LeCroisic<\/a>, et sur l&rsquo;axe <a href=\"https:\/\/x.com\/hashtag\/Nantes?src=hash&amp;ref_src=twsrc%5Etfw\" rel=\"nofollow\">#Nantes<\/a>??<a href=\"https:\/\/x.com\/hashtag\/Redon?src=hash&amp;ref_src=twsrc%5Etfw\" rel=\"nofollow\">#Redon<\/a>, jusqu&rsquo;\u00e0 11h environ.<br \/>Une panne d&rsquo;une installation du r\u00e9seau ferr\u00e9 donne lieu \u00e0 des ralentissements. Il s&rsquo;agit d&rsquo;un passage \u00e0 niveau d\u00e9faillant \u00e0 <a href=\"https:\/\/x.com\/hashtag\/StEtienneDeMontluc?src=hash&amp;ref_src=twsrc%5Etfw\" rel=\"nofollow\">#StEtienneDeMontluc<\/a> qui n\u00e9cessite une intervention de nos\u2026 <a href=\"https:\/\/t.co\/p8qNWvvGCO\" rel=\"nofollow\">pic.twitter.com\/p8qNWvvGCO<\/a><\/p>\n<p>\u2014 TER Pays de la Loire (@TERPays2LaLoire) <a href=\"https:\/\/x.com\/TERPays2LaLoire\/status\/2069321124542853139?ref_src=twsrc%5Etfw\" rel=\"nofollow\">June 23, 2026<\/a><\/p><\/blockquote>\n<p>La cause de ces ralentissements\u00a0: une panne \u00e0 un passage \u00e0 niveau, \u00e0 hauteur de Saint-\u00c9tienne-de-Montluc, pr\u00e8s de Nantes. L\u2019intervention de techniciens est en cours. \u00c0 10\u00a0h\u00a015, vingt minutes de retards \u00e9taient not\u00e9es sur la ligne en direction du Croisic. Le trafic devrait reprendre normalement \u00e0 partir de 11\u00a0h.<\/p>\n<p>\u00a0<\/p>\n<p>\t\t<script async src=\"https:\/\/platform.twitter.com\/widgets.js\" charset=\"utf-8\"><\/script><\/p>\n","protected":false},"excerpt":{"rendered":"Plus de temps \u00e0 attendre sur les quais ou dans les voitures\u00a0: pas une bonne nouvelle en temps&hellip;\n","protected":false},"author":2,"featured_media":1018734,"comment_status":"","ping_status":"","sticky":false,"template":"","format":"standard","meta":{"footnotes":"","_share_on_mastodon":"0"},"categories":[2818],"tags":[1111,11,88140,106431,1777,674,1011,27,8391,766,12,2636,9777,3086,25,14729,2215,1097],"class_list":["post-1018733","post","type-post","status-publish","format-standard","has-post-thumbnail","category-nantes","tag-actu","tag-actualites","tag-cagnard","tag-croisic","tag-eu","tag-europe","tag-fr","tag-france","tag-lignes","tag-nantes","tag-news","tag-pays-de-la-loire","tag-perturbe","tag-redon","tag-republique-francaise","tag-retards","tag-sncf","tag-trafic"],"share_on_mastodon":{"url":"https:\/\/pubeurope.com\/@fr\/116798761655666719","error":""},"_links":{"self":[{"href":"https:\/\/www.europesays.com\/fr\/wp-json\/wp\/v2\/posts\/1018733","targetHints":{"allow":["GET"]}}],"collection":[{"href":"https:\/\/www.europesays.com\/fr\/wp-json\/wp\/v2\/posts"}],"about":[{"href":"https:\/\/www.europesays.com\/fr\/wp-json\/wp\/v2\/types\/post"}],"author":[{"embeddable":true,"href":"https:\/\/www.europesays.com\/fr\/wp-json\/wp\/v2\/users\/2"}],"replies":[{"embeddable":true,"href":"https:\/\/www.europesays.com\/fr\/wp-json\/wp\/v2\/comments?post=1018733"}],"version-history":[{"count":0,"href":"https:\/\/www.europesays.com\/fr\/wp-json\/wp\/v2\/posts\/1018733\/revisions"}],"wp:featuredmedia":[{"embeddable":true,"href":"https:\/\/www.europesays.com\/fr\/wp-json\/wp\/v2\/media\/1018734"}],"wp:attachment":[{"href":"https:\/\/www.europesays.com\/fr\/wp-json\/wp\/v2\/media?parent=1018733"}],"wp:term":[{"taxonomy":"category","embeddable":true,"href":"https:\/\/www.europesays.com\/fr\/wp-json\/wp\/v2\/categories?post=1018733"},{"taxonomy":"post_tag","embeddable":true,"href":"https:\/\/www.europesays.com\/fr\/wp-json\/wp\/v2\/tags?post=1018733"}],"curies":[{"name":"wp","href":"https:\/\/api.w.org\/{rel}","templated":true}]}}