{"id":101875,"date":"2025-05-15T12:11:09","date_gmt":"2025-05-15T12:11:09","guid":{"rendered":"https:\/\/www.europesays.com\/fr\/101875\/"},"modified":"2025-05-15T12:11:09","modified_gmt":"2025-05-15T12:11:09","slug":"gad-elmaleh-et-redouane-bougheraba-vont-faire-le-show-a-marseille","status":"publish","type":"post","link":"https:\/\/www.europesays.com\/fr\/101875\/","title":{"rendered":"Gad Elmaleh et Redouane Bougheraba vont faire le show \u00e0 Marseille"},"content":{"rendered":"<p>Depuis<strong> <a href=\"https:\/\/www.laprovence.com\/article\/culture-loisirs\/1016576723966414\/marseille-gad-elmaleh-a-inaugure-son-comedie-club-entoure-de-people\" target=\"_blank\" rel=\"noopener\">l\u2019ouverture du Vig\u2019s<\/a> de Gad Elmaleh le 3\u00a0f\u00e9vrier dernier \u00e0 Marseille<\/strong>, tous les amateurs d\u2019humour se posaient la question : quand l\u2019humoriste originaire de Casablanca et Redouane Bougheraba allaient-ils faire une soir\u00e9e ensemble dans la nouvelle salle du rire situ\u00e9e au Vieux-Port ? La r\u00e9ponse est connue et ce sera donc le 20 mai 2025, comme vient de l\u2019annoncer l\u2019\u00e9quipe du lieu. Dont le teasing publi\u00e9 ce mercredi apr\u00e8s-midi sur les r\u00e9seaux sociaux \u00e9tait porteur d\u2019indices, \u00e0 commencer par le bleu OM d\u00e9signant l\u2019enfant du Panier et sa passion du ballon rond.<\/p>\n<p>Ainsi, les deux com\u00e9diens encha\u00eeneront <strong>deux shows, \u00e0 20h15 et 22h ce soir-l\u00e0<\/strong>. Des rendez-vous annonc\u00e9s ce jeudi matin 15 mai via la newsletter du Vig\u2019s, qui n\u2019a pas encore communiqu\u00e9 la nouvelle sur ses r\u00e9seaux sociaux. Une volont\u00e9 de privil\u00e9gier ses abonn\u00e9s qui, comme re\u00e7u par mail, b\u00e9n\u00e9ficieront d\u2019un acc\u00e8s prioritaire \u00e0 la billetterie le vendredi 16 mai \u00e0 10h, avant l\u2019ouverture au grand public. Pas s\u00fbr cependant qu\u2019il reste des places pour une possible seconde phase de vente, <strong>le comedy club ne pouvant accueillir qu&rsquo;une centaine de spectateurs au maximum<\/strong>.<\/p>\n<p>Premi\u00e8res parties, show au V\u00e9l, surprise d\u2019anniversaire<\/p>\n<p>En se retrouvant au Vig\u2019s, les artistes vedettes feront \u00e9cho \u00e0 leur longue histoire commune. Depuis ses d\u00e9buts <a href=\"https:\/\/www.laprovence.com\/article\/culture-loisirs\/1252174111754814\/l-humoriste-redouane-bougheraba-raconte-son-velodrome-dans-un-documentaire-sur-prime-video\" target=\"_blank\" rel=\"noopener\">au Com\u00e9die Club Vieux-Port<\/a> au milieu des ann\u00e9es\u00a02010, Redouane Bougheraba a depuis toujours cit\u00e9 son a\u00een\u00e9 comme celui qui lui a donn\u00e9 envie de faire du stand-up. Et rapidement, Gad Elmaleh l\u2019a pris sous son aile, lui confiant m\u00eame ses premi\u00e8res parties. Mais au-del\u00e0 de la sc\u00e8ne, la star devenait un mentor pour l\u2019artiste marseillais et leur relation d\u00e9passait le cadre professionnel pour devenir une amiti\u00e9 solide.<\/p>\n<p>Depuis, les apparitions communes des deux artistes sont savour\u00e9es par les fans, \u00e0 l\u2019image de leur duo loufoque dans le film Alibi.com 2. La plus embl\u00e9matique s\u2019est cependant jou\u00e9e lors du show de <a href=\"https:\/\/www.laprovence.com\/article\/culture-loisirs\/69525353447582\/redouane-bougheraba-a-jamais-le-premier-des-humoristes-a-remplir-le-velodrome\" target=\"_blank\" rel=\"noopener\">Redouane Bougheraba \u00e0 l\u2019Orange V\u00e9lodrome<\/a> en juin\u00a02024, pendant lequel il avait \u00e9t\u00e9 pris \u00e0 son propre jeu du clash par Gad Elmaleh. Qui lui avait notamment assen\u00e9 le d\u00e9licieux \u00ab\u00a0Tu seras \u00e0 jamais le premier humoriste \u00e0 faire un spectacle sans aucune blague dedans\u00a0\u00bb.<\/p>\n<p>La r\u00e9ponse du Marseillais ne manquait pas de piquant. Il avait rejoint par surprise son ami sur sc\u00e8ne \u00e0 Montr\u00e9al le 11\u00a0d\u00e9cembre dernier, l\u00e0 o\u00f9 <a href=\"https:\/\/www.laprovence.com\/article\/culture-loisirs\/6951857041004714\/marseille-gad-elmaleh-un-chouchou-retrouve-au-cepac-silo\" target=\"_blank\" rel=\"noopener\">Gad Elmaleh<\/a> avait commenc\u00e9 sa carri\u00e8re trente ans plus t\u00f4t jour pour jour\u00a0: \u00ab\u00a0C\u2019est exceptionnel, t\u2019as d\u00e9marr\u00e9 <a href=\"https:\/\/www.laprovence.com\/article\/societe\/6344871566248214\/ces-enregistrements-sont-faux-la-mise-en-garde-de-celine-dion-piegee-par-l-intelligence-artificielle\" target=\"_blank\" rel=\"noopener\">C\u00e9line Dion<\/a> elle \u00e9tait vierge. Et ta carri\u00e8re est plus vieille que Paul Mirabel.\u00a0\u00bb Une vanne pl\u00e9biscit\u00e9e par les spectateurs venus d\u00e9couvrir Lui-m\u00eame, le nouveau <strong>spectacle de Gad Elmaleh co\u00e9crit avec une jeune star de l\u2019humour\u00a0: Roman Frayssinet, un des proches de Redouane Bougheraba<\/strong>.<\/p>\n<p>Le 20 mai 2025 \u00e0 20h15 et 22h au Vig&rsquo;s, \u00e0 Marseille. L&rsquo;ouverture de la billetterie pour les abonn\u00e9s de la newsletter du lieu se tiendra le 16 mai \u00e0 10h, avant celle du grand public dont la date n&rsquo;a pas encore \u00e9t\u00e9 communiqu\u00e9e. www.levigs.com<\/p>\n","protected":false},"excerpt":{"rendered":"Depuis l\u2019ouverture du Vig\u2019s de Gad Elmaleh le 3\u00a0f\u00e9vrier dernier \u00e0 Marseille, tous les amateurs d\u2019humour se posaient&hellip;\n","protected":false},"author":2,"featured_media":101876,"comment_status":"","ping_status":"","sticky":false,"template":"","format":"standard","meta":{"footnotes":""},"categories":[2814],"tags":[17,1111,11,21758,251,21756,1777,674,4560,1011,27,21755,884,12,882,21757,25,9905,3974],"class_list":{"0":"post-101875","1":"post","2":"type-post","3":"status-publish","4":"format-standard","5":"has-post-thumbnail","7":"category-marseille","8":"tag-17","9":"tag-actu","10":"tag-actualites","11":"tag-bougheraba","12":"tag-culture","13":"tag-elmaleh","14":"tag-eu","15":"tag-europe","16":"tag-faire","17":"tag-fr","18":"tag-france","19":"tag-gad","20":"tag-marseille","21":"tag-news","22":"tag-provence-alpes-cote-dazur","23":"tag-redouane","24":"tag-republique-francaise","25":"tag-show","26":"tag-vont"},"share_on_mastodon":{"url":"https:\/\/pubeurope.com\/@fr\/114511785686219013","error":""},"_links":{"self":[{"href":"https:\/\/www.europesays.com\/fr\/wp-json\/wp\/v2\/posts\/101875","targetHints":{"allow":["GET"]}}],"collection":[{"href":"https:\/\/www.europesays.com\/fr\/wp-json\/wp\/v2\/posts"}],"about":[{"href":"https:\/\/www.europesays.com\/fr\/wp-json\/wp\/v2\/types\/post"}],"author":[{"embeddable":true,"href":"https:\/\/www.europesays.com\/fr\/wp-json\/wp\/v2\/users\/2"}],"replies":[{"embeddable":true,"href":"https:\/\/www.europesays.com\/fr\/wp-json\/wp\/v2\/comments?post=101875"}],"version-history":[{"count":0,"href":"https:\/\/www.europesays.com\/fr\/wp-json\/wp\/v2\/posts\/101875\/revisions"}],"wp:featuredmedia":[{"embeddable":true,"href":"https:\/\/www.europesays.com\/fr\/wp-json\/wp\/v2\/media\/101876"}],"wp:attachment":[{"href":"https:\/\/www.europesays.com\/fr\/wp-json\/wp\/v2\/media?parent=101875"}],"wp:term":[{"taxonomy":"category","embeddable":true,"href":"https:\/\/www.europesays.com\/fr\/wp-json\/wp\/v2\/categories?post=101875"},{"taxonomy":"post_tag","embeddable":true,"href":"https:\/\/www.europesays.com\/fr\/wp-json\/wp\/v2\/tags?post=101875"}],"curies":[{"name":"wp","href":"https:\/\/api.w.org\/{rel}","templated":true}]}}