{"id":101877,"date":"2025-05-15T12:12:11","date_gmt":"2025-05-15T12:12:11","guid":{"rendered":"https:\/\/www.europesays.com\/fr\/101877\/"},"modified":"2025-05-15T12:12:11","modified_gmt":"2025-05-15T12:12:11","slug":"sebastien-delogu-la-permanence-parlementaire-et-le-domicile-du-depute-lfi-perquisitionnes-a-marseille","status":"publish","type":"post","link":"https:\/\/www.europesays.com\/fr\/101877\/","title":{"rendered":"S\u00e9bastien Delogu : la permanence parlementaire et le domicile du d\u00e9put\u00e9 LFI perquisitionn\u00e9s \u00e0 Marseille"},"content":{"rendered":"<p class=\"paragraph text_align_left\">La permanence parlementaire et le domicile du d\u00e9put\u00e9 LFI des Bouches-du-Rh\u00f4ne S\u00e9bastien Delogu ont \u00e9t\u00e9 perquisitionn\u00e9s ce jeudi, a appris Le Parisien, confirmant une information <a href=\"https:\/\/marsactu.fr\/bref\/le-depute-sebastien-delogu-perquisitionne-dans-le-cadre-dune-enquete-pour-vol-de-documents\/\" target=\"_blank\" rel=\"nofollow noopener\">du m\u00e9dia local Marsactu<\/a>. Ces perquisitions ont lieu \u00ab dans le cadre d\u2019une enqu\u00eate pr\u00e9liminaire ouverte en octobre 2024 pour vol, recel de vol, mise en danger par r\u00e9v\u00e9lation d\u2019information relative \u00e0 la vie priv\u00e9e par communication publique en ligne et atteinte au secret des correspondances \u00bb, selon le parquet de Marseille.<\/p>\n<p class=\"paragraph text_align_left\">S\u00e9bastien Delogu avait signal\u00e9 en septembre 2024 des faits qu\u2019il jugeait d\u00e9lictueux dans la gestion de la soci\u00e9t\u00e9 Laser propret\u00e9, qui s\u2019occupe du nettoyage de la gare Saint-Charles de Marseille et de la RTM, la soci\u00e9t\u00e9 de transports marseillaise. \u00ab Les policiers de la brigade financi\u00e8re recherchaient les documents qui venaient en appui de mon signalement \u00bb, a d\u00e9clar\u00e9 le parlementaire \u00e0 Marsactu. D\u2019apr\u00e8s Marsactu, Laser propret\u00e9 faisait face \u00e0 plusieurs conflits sociaux, dans lesquels sont intervenus les \u00e9lus insoumis.<\/p>\n<p class=\"paragraph text_align_left\">S\u00e9bastien Delogu avait \u00e9galement fait un lien entre la gestion pr\u00e9tendument frauduleuse de cette soci\u00e9t\u00e9 et le soutien \u00e0 l\u2019arm\u00e9e isra\u00e9lienne de son pr\u00e9sident Isidore Aragones. Contact\u00e9 par le Parisien, ce dernier, ancien avocat et ex-patron du Crif Marseille, se dit \u00ab soulag\u00e9 \u00bb car cette affaire lui \u00ab a \u00e9norm\u00e9ment nui \u00bb. Il \u00ab consid\u00e8re que ce qu\u2019a fait S\u00e9bastien Delogu est honteux \u00bb. \u00ab Il a diffus\u00e9 des informations confidentielles contenus dans un dossier qu\u2019il recelait dans son bureau, comme l\u2019ont montr\u00e9 des images sur les r\u00e9seaux sociaux \u00bb, assure-t-il.<\/p>\n<p>LFI s\u2019insurge<\/p>\n<p class=\"paragraph text_align_left\">\u00ab Les enqu\u00eateurs se justifient en indiquant que cette perquisition aurait pour objectif de r\u00e9cup\u00e9rer les documents qui ont conduit \u00e0 cette saisine. Or, je rappelle qu\u2019il existe en France une loi de protection des lanceurs d\u2019alerte qui fournit en particulier une protection l\u00e9gale aux personnes qui signalent des infractions au sein d\u2019une entreprise \u00bb, a par ailleurs regrett\u00e9 sur le r\u00e9seau social X le coordinateur de LFI Manuel Bompard.<\/p>\n<blockquote class=\"twitter-tweet\">\n<p lang=\"fr\" dir=\"ltr\">J\u2019apporte tout mon soutien \u00e0 mon coll\u00e8gue <a href=\"https:\/\/twitter.com\/sebastiendelogu?ref_src=twsrc%5Etfw\" rel=\"nofollow noopener\" target=\"_blank\">@sebastiendelogu<\/a> qui a subi ce matin \u00e0 son domicile, puis \u00e0 sa permanence parlementaire, une perquisition scandaleuse et totalement abusive.<\/p>\n<p>Celle-ci fait suite \u00e0 un signalement au procureur de la R\u00e9publique que nous avons effectu\u00e9 tous\u2026 <a href=\"https:\/\/t.co\/MCUZYXZnID\" rel=\"nofollow\">https:\/\/t.co\/MCUZYXZnID<\/a><\/p>\n<p>\u2014 Manuel Bompard (@mbompard) <a href=\"https:\/\/twitter.com\/mbompard\/status\/1922968003265634386?ref_src=twsrc%5Etfw\" rel=\"nofollow noopener\" target=\"_blank\">May 15, 2025<\/a><\/p><\/blockquote>\n<p class=\"paragraph text_align_left\">Manuel Bompard d\u00e9nonce une \u00ab perquisition scandaleuse et totalement abusive \u00bb. Le chef de file<a href=\"https:\/\/twitter.com\/JLMelenchon\/status\/1922971330116280367\" target=\"_blank\" rel=\"nofollow noopener\"> du parti Jean-Luc M\u00e9lenchon<\/a> estime pour sa part que \u00ab police et justice vivent dans un univers parall\u00e8le o\u00f9 n\u2019existent pas de droits pour les lanceurs d\u2019alerte et o\u00f9 on les perquisitionne plut\u00f4t que les mis en cause \u00bb.<\/p>\n<p><script async src=\"https:\/\/platform.twitter.com\/widgets.js\" charset=\"utf-8\"><\/script><\/p>\n","protected":false},"excerpt":{"rendered":"La permanence parlementaire et le domicile du d\u00e9put\u00e9 LFI des Bouches-du-Rh\u00f4ne S\u00e9bastien Delogu ont \u00e9t\u00e9 perquisitionn\u00e9s ce jeudi,&hellip;\n","protected":false},"author":2,"featured_media":101878,"comment_status":"","ping_status":"","sticky":false,"template":"","format":"standard","meta":{"footnotes":""},"categories":[2814],"tags":[1111,11,459,1777,674,118,1011,27,884,12,882,25],"class_list":{"0":"post-101877","1":"post","2":"type-post","3":"status-publish","4":"format-standard","5":"has-post-thumbnail","7":"category-marseille","8":"tag-actu","9":"tag-actualites","10":"tag-departements-horsidfo","11":"tag-eu","12":"tag-europe","13":"tag-faits-divers","14":"tag-fr","15":"tag-france","16":"tag-marseille","17":"tag-news","18":"tag-provence-alpes-cote-dazur","19":"tag-republique-francaise"},"share_on_mastodon":{"url":"","error":""},"_links":{"self":[{"href":"https:\/\/www.europesays.com\/fr\/wp-json\/wp\/v2\/posts\/101877","targetHints":{"allow":["GET"]}}],"collection":[{"href":"https:\/\/www.europesays.com\/fr\/wp-json\/wp\/v2\/posts"}],"about":[{"href":"https:\/\/www.europesays.com\/fr\/wp-json\/wp\/v2\/types\/post"}],"author":[{"embeddable":true,"href":"https:\/\/www.europesays.com\/fr\/wp-json\/wp\/v2\/users\/2"}],"replies":[{"embeddable":true,"href":"https:\/\/www.europesays.com\/fr\/wp-json\/wp\/v2\/comments?post=101877"}],"version-history":[{"count":0,"href":"https:\/\/www.europesays.com\/fr\/wp-json\/wp\/v2\/posts\/101877\/revisions"}],"wp:featuredmedia":[{"embeddable":true,"href":"https:\/\/www.europesays.com\/fr\/wp-json\/wp\/v2\/media\/101878"}],"wp:attachment":[{"href":"https:\/\/www.europesays.com\/fr\/wp-json\/wp\/v2\/media?parent=101877"}],"wp:term":[{"taxonomy":"category","embeddable":true,"href":"https:\/\/www.europesays.com\/fr\/wp-json\/wp\/v2\/categories?post=101877"},{"taxonomy":"post_tag","embeddable":true,"href":"https:\/\/www.europesays.com\/fr\/wp-json\/wp\/v2\/tags?post=101877"}],"curies":[{"name":"wp","href":"https:\/\/api.w.org\/{rel}","templated":true}]}}