{"id":101879,"date":"2025-05-15T12:13:08","date_gmt":"2025-05-15T12:13:08","guid":{"rendered":"https:\/\/www.europesays.com\/fr\/101879\/"},"modified":"2025-05-15T12:13:08","modified_gmt":"2025-05-15T12:13:08","slug":"lyon-8e-laboratoire-du-naufrage-ecolo","status":"publish","type":"post","link":"https:\/\/www.europesays.com\/fr\/101879\/","title":{"rendered":"Lyon 8e : laboratoire du naufrage \u00e9colo"},"content":{"rendered":"<p>\u00c0 force, vous le savez : j\u2019habite \u00e0 V\u00e9nissieux. Et mes voisins directs, Saint-Fons et Lyon 8e, ne sont pas franchement mieux lotis.<\/p>\n<p>Le boulevard des \u00c9tats-Unis, autrefois vitrine urbaine qu\u2019on enviait depuis notre V\u00e9nissieux, est devenu le miroir d\u2019une banlieue-ghetto. March\u00e9 sauvage, paup\u00e9risation, trafics \u00e0 ciel ouvert, et cette galerie de commerces \u00ab\u00a0ethniquo-snack-coiffeur-Bshatek-beau-gosse\u00a0\u00bb qui donne le ton. Un concentr\u00e9 de d\u00e9clin.<\/p>\n<p>Pendant cinq ans, tout ce d\u00e9sordre a prosp\u00e9r\u00e9, tranquillement, sous l\u2019\u0153il bienveillant de la mairie \u00e9cologiste. Laxisme assum\u00e9, la situation a pourri jusqu\u2019\u00e0 la moelle.<\/p>\n<p>Et puis, miracle : les municipales approchent. Alors on fait semblant d\u2019agir, en urgence, sans vision. Juste assez pour que les cam\u00e9ras puissent filmer la poudre aux yeux.<\/p>\n<p>Les habitants, eux, restent avec un go\u00fbt amer et un quartier toujours \u00e0 genoux.<\/p>\n<p>Monplaisir-Lumi\u00e8re,sacrifi\u00e9 comme un mouton le jour de l&rsquo;a\u00efd c\u2019\u00e9tait une r\u00e9ussite : vie de quartier, restos de qualit\u00e9, commerces sympas. Alors \u00e9videmment, les \u00e9colos ont d\u00e9cid\u00e9 de le flinguer. Travaux interminables, circulation en enfer, stationnement impossible : clients et riverains ont fui.<\/p>\n<p>R\u00e9sultat ? Une plaie urbaine b\u00e9ante qui saigne encore.<\/p>\n<p>Des centaines de millions investis pour redonner vie aux quartiers Mermoz et Santy. Une forme de gentrification, timide mais r\u00e9elle, commen\u00e7ait \u00e0 appara\u00eetre.<\/p>\n<p>Puis Olivier Berzane est arriv\u00e9. Et comme un mauvais disc-jockey du chaos, il a remis le disque au d\u00e9but. Retour \u00e0 z\u00e9ro. Direction le classement des quartiers les plus chauds de France. Le tout dans une nonchalance tranquille. Il dirige un crash urbain avec le calme d\u2019un pilote automatique.<\/p>\n<p>On a l\u2019impression d\u2019assister \u00e0 une installation d\u2019art contemporain : chaos organis\u00e9, pauvret\u00e9 sc\u00e9nographi\u00e9e, ins\u00e9curit\u00e9 \u00e9lev\u00e9e au rang d\u2019identit\u00e9 locale.<\/p>\n<p>Mais ici, pas d\u2019\u0153ufs nus sur la 9e symphonie de Bach. Ici, on fracasse un arrondissement tout entier, sap\u00e9 en costard sur un v\u00e9lo cargo.<\/p>\n<p>Et moi, cette performance-l\u00e0\u2026 je ne l\u2019ach\u00e8te pas.<\/p>\n<p><strong>Farid Ben Moussa<\/strong><\/p>\n<p>Conseiller municipal de V\u00e9nissieux<\/p>\n","protected":false},"excerpt":{"rendered":"\u00c0 force, vous le savez : j\u2019habite \u00e0 V\u00e9nissieux. Et mes voisins directs, Saint-Fons et Lyon 8e, ne&hellip;\n","protected":false},"author":2,"featured_media":101880,"comment_status":"","ping_status":"","sticky":false,"template":"","format":"standard","meta":{"footnotes":""},"categories":[1889],"tags":[1111,11,2813,2190,2430,1109,251,1112,2811,1777,674,118,1011,27,1922,1110,1114,2428,2810,12,241,316,25,2812,517,800],"class_list":{"0":"post-101879","1":"post","2":"type-post","3":"status-publish","4":"format-standard","5":"has-post-thumbnail","7":"category-lyon","8":"tag-actu","9":"tag-actualites","10":"tag-article","11":"tag-asvel","12":"tag-auvergne-rhone-alpes","13":"tag-breves","14":"tag-culture","15":"tag-depeches","16":"tag-economique","17":"tag-eu","18":"tag-europe","19":"tag-faits-divers","20":"tag-fr","21":"tag-france","22":"tag-info","23":"tag-informations","24":"tag-infos","25":"tag-lyon","26":"tag-lyonmag","27":"tag-news","28":"tag-ol","29":"tag-politique","30":"tag-republique-francaise","31":"tag-sociale","32":"tag-sport","33":"tag-transports"},"share_on_mastodon":{"url":"https:\/\/pubeurope.com\/@fr\/114511793578349553","error":""},"_links":{"self":[{"href":"https:\/\/www.europesays.com\/fr\/wp-json\/wp\/v2\/posts\/101879","targetHints":{"allow":["GET"]}}],"collection":[{"href":"https:\/\/www.europesays.com\/fr\/wp-json\/wp\/v2\/posts"}],"about":[{"href":"https:\/\/www.europesays.com\/fr\/wp-json\/wp\/v2\/types\/post"}],"author":[{"embeddable":true,"href":"https:\/\/www.europesays.com\/fr\/wp-json\/wp\/v2\/users\/2"}],"replies":[{"embeddable":true,"href":"https:\/\/www.europesays.com\/fr\/wp-json\/wp\/v2\/comments?post=101879"}],"version-history":[{"count":0,"href":"https:\/\/www.europesays.com\/fr\/wp-json\/wp\/v2\/posts\/101879\/revisions"}],"wp:featuredmedia":[{"embeddable":true,"href":"https:\/\/www.europesays.com\/fr\/wp-json\/wp\/v2\/media\/101880"}],"wp:attachment":[{"href":"https:\/\/www.europesays.com\/fr\/wp-json\/wp\/v2\/media?parent=101879"}],"wp:term":[{"taxonomy":"category","embeddable":true,"href":"https:\/\/www.europesays.com\/fr\/wp-json\/wp\/v2\/categories?post=101879"},{"taxonomy":"post_tag","embeddable":true,"href":"https:\/\/www.europesays.com\/fr\/wp-json\/wp\/v2\/tags?post=101879"}],"curies":[{"name":"wp","href":"https:\/\/api.w.org\/{rel}","templated":true}]}}