{"id":101881,"date":"2025-05-15T12:14:09","date_gmt":"2025-05-15T12:14:09","guid":{"rendered":"https:\/\/www.europesays.com\/fr\/101881\/"},"modified":"2025-05-15T12:14:09","modified_gmt":"2025-05-15T12:14:09","slug":"le-maire-du-6e-annonce-son-retrait-de-la-politique","status":"publish","type":"post","link":"https:\/\/www.europesays.com\/fr\/101881\/","title":{"rendered":"le maire du 6e annonce son retrait de la politique"},"content":{"rendered":"<p>\u00c0 l\u2019heure de la question du 6e arrondissement portant sur l\u2019investissement en faveur des \u00e9quipements sportifs du secteur, ce n\u2019est pas le maire (Horizon), Pascale Blache, qui a demand\u00e9 des comptes au maire de Lyon, mais son conseiller d\u2019arrondissement LR, Romain Billard.<\/p>\n<p>Le matin m\u00eame, Pascal Blache avait annonc\u00e9 \u00e0 <a href=\"https:\/\/www.lyonpeople.com\/actualites-lyon\/actualites-politiques\/interview-exclusive-pascal-blache-maire-de-lyon-6-je-me-mets-en-retrait-de-la-vie-politique-2025-05-15.html\" target=\"_blank\" rel=\"noopener\">Lyon People<\/a> sa mise en retrait de la politique apr\u00e8s deux mandats \u00e0 la t\u00eate de la mairie du 6, pour une dur\u00e9e de trois mois, se laissant la possibilit\u00e9 de prolonger.<\/p>\n<p>  \u00ab\u00a0J\u2019ai envie de souffler\u00a0\u00bb<\/p>\n<p>Et de justifier\u00a0: \u00ab\u00a0Je suis grand-p\u00e8re deux fois, j\u2019ai envie de profiter un peu de cela. Je me suis rendu compte que j\u2019\u00e9tais fatigu\u00e9. J\u2019ai envie de souffler.\u00a0\u00bb C\u2019est son premier adjoint, qui fera l\u2019int\u00e9rim. \u00abCela fait quinze jours que nous \u00e9tions au courant\u00bb, a r\u00e9agi Romain Billard.<\/p>\n<p>Pascal Blache avait apport\u00e9 son soutien \u00e0 Jean Michel Aulas, toujours pas candidat, pour les prochaines \u00e9lections municipales de Lyon.<\/p>\n","protected":false},"excerpt":{"rendered":"\u00c0 l\u2019heure de la question du 6e arrondissement portant sur l\u2019investissement en faveur des \u00e9quipements sportifs du secteur,&hellip;\n","protected":false},"author":2,"featured_media":101882,"comment_status":"","ping_status":"","sticky":false,"template":"","format":"standard","meta":{"footnotes":""},"categories":[1889],"tags":[1111,11,2430,2757,1777,674,1011,27,3540,6319,2428,2756,12,316,25,2429],"class_list":{"0":"post-101881","1":"post","2":"type-post","3":"status-publish","4":"format-standard","5":"has-post-thumbnail","7":"category-lyon","8":"tag-actu","9":"tag-actualites","10":"tag-auvergne-rhone-alpes","11":"tag-edition-lyon-villeurbanne","12":"tag-eu","13":"tag-europe","14":"tag-fr","15":"tag-france","16":"tag-horizons","17":"tag-les-republicains","18":"tag-lyon","19":"tag-lyon-bassin","20":"tag-news","21":"tag-politique","22":"tag-republique-francaise","23":"tag-rhone"},"share_on_mastodon":{"url":"https:\/\/pubeurope.com\/@fr\/114511797527179223","error":""},"_links":{"self":[{"href":"https:\/\/www.europesays.com\/fr\/wp-json\/wp\/v2\/posts\/101881","targetHints":{"allow":["GET"]}}],"collection":[{"href":"https:\/\/www.europesays.com\/fr\/wp-json\/wp\/v2\/posts"}],"about":[{"href":"https:\/\/www.europesays.com\/fr\/wp-json\/wp\/v2\/types\/post"}],"author":[{"embeddable":true,"href":"https:\/\/www.europesays.com\/fr\/wp-json\/wp\/v2\/users\/2"}],"replies":[{"embeddable":true,"href":"https:\/\/www.europesays.com\/fr\/wp-json\/wp\/v2\/comments?post=101881"}],"version-history":[{"count":0,"href":"https:\/\/www.europesays.com\/fr\/wp-json\/wp\/v2\/posts\/101881\/revisions"}],"wp:featuredmedia":[{"embeddable":true,"href":"https:\/\/www.europesays.com\/fr\/wp-json\/wp\/v2\/media\/101882"}],"wp:attachment":[{"href":"https:\/\/www.europesays.com\/fr\/wp-json\/wp\/v2\/media?parent=101881"}],"wp:term":[{"taxonomy":"category","embeddable":true,"href":"https:\/\/www.europesays.com\/fr\/wp-json\/wp\/v2\/categories?post=101881"},{"taxonomy":"post_tag","embeddable":true,"href":"https:\/\/www.europesays.com\/fr\/wp-json\/wp\/v2\/tags?post=101881"}],"curies":[{"name":"wp","href":"https:\/\/api.w.org\/{rel}","templated":true}]}}