{"id":101884,"date":"2025-05-15T12:16:11","date_gmt":"2025-05-15T12:16:11","guid":{"rendered":"https:\/\/www.europesays.com\/fr\/101884\/"},"modified":"2025-05-15T12:16:11","modified_gmt":"2025-05-15T12:16:11","slug":"le-ras-le-bol-des-rodeos-urbains-un-automobiliste-incarcere-dans-son-vehicule-linfo-en-ile-de-france","status":"publish","type":"post","link":"https:\/\/www.europesays.com\/fr\/101884\/","title":{"rendered":"Le ras-le-bol des rod\u00e9os urbains, un automobiliste incarc\u00e9r\u00e9 dans son v\u00e9hicule&#8230; l&rsquo;info en Ile-de-France"},"content":{"rendered":"<p>            Par<br \/>\n        <strong><br \/>\n            <a href=\"https:\/\/actu.fr\/auteur\/jerome-lemonnier\" title=\"Consulter tous les articles de J\u00e9r\u00f4me Lemonnier\" rel=\"nofollow noopener\" target=\"_blank\">J\u00e9r\u00f4me Lemonnier<\/a><br \/>\n        <\/strong><\/p>\n<p>        Publi\u00e9 le<\/p>\n<p>            15 mai 2025 \u00e0 12h08        <\/p>\n<p>\u00ab\u2009L\u2019intimidation de\u00a0<a href=\"https:\/\/actu.fr\/tag\/police\" rel=\"nofollow noopener\" target=\"_blank\">la police<\/a>\u00a0municipale ne changera rien \u00e0 la lutte men\u00e9e<b>\u00a0contre les rod\u00e9os urbains<\/b>.\u2009\u00bb Alors que la\u00a0<b>f\u00eate foraine annuelle\u00a0<\/b>se tenait \u00e0\u00a0<a href=\"https:\/\/actu.fr\/ile-de-france\/vaires-sur-marne_77479\" rel=\"nofollow noopener\" target=\"_blank\">Vaires-sur-Marne<\/a>\u00a0(<a href=\"https:\/\/actu.fr\/ile-de-france\/seine-et-marne_77\" rel=\"nofollow noopener\" target=\"_blank\">Seine-et-Marne<\/a>), entre le<b>\u00a0jeudi\u00a08 et le lundi 12\u00a0ma<\/b><b>i<\/b>\u00a0<b>2025<\/b>, des\u00a0<b>actes d\u2019incivilit\u00e9s<\/b> ont \u00e9t\u00e9 constat\u00e9s par la police et la mairie.\u00a0<\/p>\n<p class=\" wall-content\">Leur arriv\u00e9e \u00e9tait une bonne nouvelle. En d\u00e9cembre\u00a02024,\u00a0<strong><a href=\"http:\/\/actu.fr\/ile-de-france\/villetaneuse_93079\/apres-l-antique-tramway-t1-les-nouvelles-rames-spacieuses-et-modernes-bientot-deployees-en-seine-saint-denis_61690005.html\" rel=\"nofollow noopener\" target=\"_blank\">les nouvelles rames du T1<\/a><\/strong>\u00a0entraient en piste sur\u00a0<a href=\"https:\/\/actu.fr\/ile-de-france\/saint-denis_93066\/modernisation-du-tram-t1-les-travaux-ont-debute-a-saint-denis_34648579.html\" rel=\"nofollow noopener\" target=\"_blank\">la plus vieille ligne de tramway<\/a>\u00a0francilienne. Avec son design moderne et son int\u00e9rieur flambant neuf, elles balayaient les veilles TFS en circulation depuis plus de 30\u00a0ans et faisaient entrer\u00a0<a href=\"http:\/\/actu.fr\/ile-de-france\/bobigny_93008\/seine-saint-denis-apres-des-essais-peu-convaincants-la-ratp-reporte-la-reouverture-du-tramway-t1_62433661.html\" rel=\"nofollow noopener\" target=\"_blank\">la ligne<\/a>\u00a0dans le 21e si\u00e8cle. Mais depuis, les TW20 qui remplacent au fur et \u00e0 mesure le mat\u00e9riel roulant ne passent pas inaper\u00e7ues. Chaque passage, notamment \u00e0\u00a0<strong>La Courneuve<\/strong>\u00a0(Seine-Saint-Denis), est accompagn\u00e9 d\u2019un d\u00e9licat\u00a0<strong>raclement m\u00e9tallique.<\/strong><\/p>\n<p class=\" wall-content\">La transformation des modes de d\u00e9placements se poursuit \u00e0\u00a0<a href=\"https:\/\/actu.fr\/ile-de-france\/poissy_78498\" rel=\"nofollow noopener\" target=\"_blank\">Poissy<\/a>\u00a0(Yvelines). Alors que la circulation en centre-ville est actuellement perturb\u00e9e par les\u00a0<a href=\"https:\/\/actu.fr\/ile-de-france\/poissy_78498\/routes-fermees-transports-devies-les-travaux-du-tramway-mettent-au-supplice-ce-centre-ville-des-yvelines_61869554.html\" rel=\"nofollow noopener\" target=\"_blank\">travaux du Tram 13<\/a>, un autre\u00a0<b>chantier de grande ampleur<\/b>\u00a0va d\u00e9buter \u00e0 partir de juillet\u00a02025.<\/p>\n<p class=\" wall-content\">L\u2019accusation a requis mercredi\u00a0<a href=\"https:\/\/actu.fr\/tag\/justice\" rel=\"nofollow noopener\" target=\"_blank\">en appel un an de prison avec sursis<\/a>\u00a0et 100\u2009000\u00a0euros d\u2019amende contre Dominique F., 65\u00a0ans, accus\u00e9 d\u2019\u00eatre un important\u00a0<strong>\u00ab\u2009marchand de sommeil\u2009\u00bb<\/strong>\u00a0de la colocation d\u00e9grad\u00e9e de\u00a0<a href=\"https:\/\/actu.fr\/ile-de-france\/grigny_91286\" rel=\"nofollow noopener\" target=\"_blank\">Grigny 2<\/a>.<\/p>\n<p class=\" wall-content\">Il \u00e9tait 14h34, mercredi 14\u00a0mai 2025, lorsque les secours ont \u00e9t\u00e9 alert\u00e9s \u00e0 la suite d\u2019un\u00a0<strong>accident survenu sur la D64<\/strong>\u00a0\u00e0 hauteur de\u00a0<a href=\"https:\/\/actu.fr\/ile-de-france\/presles_95504\" rel=\"nofollow noopener\" target=\"_blank\">Presles<\/a>\u00a0(Val-d\u2019Oise). Dans des circonstances que l\u2019enqu\u00eate de gendarmerie doit d\u00e9terminer, deux v\u00e9hicules se sont percut\u00e9s \u00e0 vive allure.<\/p>\n<p>Les 5 infos \u00e0 retenir ce jeudi 15 mai 2025<\/p>\n<p class=\"expresso-item wall-content\"><strong>Seine-et-Marne. <\/strong><a title=\"Lire l&#039;article\" href=\"https:\/\/actu.fr\/ile-de-france\/vaires-sur-marne_77479\/dans-cette-ville-de-seine-et-marne-la-maire-denonce-des-rodeos-urbains-et-des-intimidations-envers-la-police_62634463.html\" rel=\"nofollow noopener\" target=\"_blank\"><strong>\u00ab\u00a0Ils nous ont lanc\u00e9 des poubelles\u00a0\u00bb : dans cette commune, le ras-le-bol des rod\u00e9os urbains<\/strong><\/a><br \/>\u00c0 Vaires-sur-Marne, des actes d\u2019incivilit\u00e9s ont eu lieu pendant la f\u00eate foraine, entre jeudi 8 et lundi 12 mai 2025. Des faits que d\u00e9nonce la maire, Edmonde Jardin.<\/p>\n<p class=\"expresso-item wall-content\"><strong>Seine-Saint-Denis. <\/strong><a title=\"Lire l&#039;article\" href=\"https:\/\/actu.fr\/ile-de-france\/la-courneuve_93027\/ratp-flambant-neuves-mais-bruyantes-a-la-courneuve-les-nouvelles-rames-du-t1-se-font-trop-entendre_62635404.html\" rel=\"nofollow noopener\" target=\"_blank\"><strong>RATP. Flambant neuves mais bruyantes\u2026 \u00c0 La Courneuve, les nouvelles rames du T1 se font (trop) entendre<\/strong><\/a><br \/>Les nouvelles rames d\u00e9ploy\u00e9es depuis d\u00e9cembre 2024 sur le tramway T1 g\u00e9n\u00e8rent un bruit m\u00e9tallique lorsqu\u2019elles roulent. La RATP indique travailler \u00e0 la r\u00e9solution du probl\u00e8me.<\/p>\n<p class=\"expresso-item wall-content\"><strong>Yvelines. <\/strong><a title=\"Lire l&#039;article\" href=\"https:\/\/actu.fr\/ile-de-france\/poissy_78498\/pres-du-potentiel-futur-stade-du-psg-ce-carrefour-de-poissy-va-etre-entierement-refait-pour-6-me_62633408.html\" rel=\"nofollow noopener\" target=\"_blank\"><strong>Pr\u00e8s du potentiel futur stade du PSG, ce carrefour de Poissy va \u00eatre enti\u00e8rement refait pour 6 M\u20ac<\/strong><\/a><br \/>\u00c0 proximit\u00e9 du site de Stellantis \u00e0 Poissy (Yvelines), le carrefour Pigozzi va \u00eatre enti\u00e8rement refait pour 6\u00a0M\u20ac d\u2019ici d\u00e9but 2027 afin de limiter l\u2019impact du trafic de transit.<\/p>\n<p class=\"expresso-item wall-content\"><strong>Essonne. <\/strong><a title=\"Lire l&#039;article\" href=\"https:\/\/actu.fr\/ile-de-france\/grigny_91286\/essonne-un-an-de-prison-avec-sursis-a-nouveau-requis-contre-un-marchand-de-sommeil-de-grigny-2_62638527.html\" rel=\"nofollow noopener\" target=\"_blank\"><strong>Un an de prison avec sursis \u00e0 nouveau requis contre un \u00ab\u2009marchand de sommeil\u2009\u00bb de Grigny 2<\/strong><\/a><br \/>Un an de prison avec sursis a \u00e9t\u00e9 requis ce mercredi 14 mai 2025 contre un homme de 65 ans accus\u00e9 d\u2019\u00eatre un important marchand de sommeil de la colocation d\u00e9grad\u00e9e de Grigny 2.<\/p>\n<p class=\"expresso-item wall-content\"><strong>Val-d\u2019Oise. <\/strong><a title=\"Lire l&#039;article\" href=\"https:\/\/actu.fr\/ile-de-france\/beaumont-sur-oise_95052\/val-d-oise-un-automobiliste-retrouve-incarcere-dans-son-vehicule-apres-un-violent-accident-sur-la-d64_62638458.html\" rel=\"nofollow noopener\" target=\"_blank\"><strong>Un automobiliste retrouv\u00e9 incarc\u00e9r\u00e9 dans son v\u00e9hicule apr\u00e8s un violent accident sur la D64<\/strong><\/a><br \/>Mercredi 14 mai 2025, les secours sont intervenus \u00e0 la suite d\u2019une collision entre deux voitures sur la D64 \u00e0 Presles. L\u2019accident a fait deux bless\u00e9s l\u00e9gers.<\/p>\n<p>Retrouvez-nous sur les r\u00e9seaux sociaux<\/p>\n<p class=\" wall-content wall-content\"><strong>Paris<\/strong>\u2009: retrouvez\u00a0actu\u00a0Paris\u00a0sur\u00a0<a href=\"https:\/\/www.facebook.com\/actufr.paris\/\" rel=\"nofollow noopener\" target=\"_blank\">Facebook<\/a>\u00a0et\u00a0<a href=\"https:\/\/twitter.com\/actufrparis\" rel=\"nofollow noopener\" target=\"_blank\">Twitter<\/a>\u2009;<br \/><strong>Seine-et-Marne<\/strong>\u2009: retrouvez\u00a0La R\u00e9publique de Seine-et-Marne\u00a0(sud) sur\u00a0<a href=\"https:\/\/www.facebook.com\/RepubliqueSeineMarne\/\" rel=\"nofollow noopener\" target=\"_blank\">Facebook<\/a>\u00a0et\u00a0<a href=\"https:\/\/twitter.com\/LaRep77\" rel=\"nofollow noopener\" target=\"_blank\">Twitter<\/a>\u2009;\u00a0La Marne\u00a0(nord) sur\u00a0<a href=\"https:\/\/www.facebook.com\/journallarmarne\/?__tn__=%2Cd%2CP-R&amp;eid=ARDLZc91LaHbXzDwChLLLQJVMBLx_ABJremTC2-RG0CYvg0f4f8CLvbV5G1Lli4g_6QoXDcKkU1_LX1W\" rel=\"nofollow noopener\" target=\"_blank\">Facebook<\/a>\u00a0et\u00a0<a href=\"https:\/\/twitter.com\/JournalLaMarne\" rel=\"nofollow noopener\" target=\"_blank\">Twitter<\/a>\u2009; et\u00a0Le Pays Briard\u00a0sur\u00a0<a href=\"https:\/\/www.facebook.com\/LePaysBriard\/?ref=bookmarks\" rel=\"nofollow noopener\" target=\"_blank\">Facebook<\/a>\u00a0et\u00a0<a href=\"https:\/\/twitter.com\/LePaysBriard\" rel=\"nofollow noopener\" target=\"_blank\">Twitter<\/a>\u2009;<br \/><strong>Yvelines\u2009:<\/strong>\u00a0retrouvez\u00a078actu\u00a0sur\u00a0<a href=\"https:\/\/www.facebook.com\/78actu\/\" rel=\"nofollow noopener\" target=\"_blank\">Facebook<\/a>\u00a0et\u00a0<a href=\"https:\/\/x.com\/78actu\" rel=\"nofollow\">Twitter<\/a>\u2009;<br \/><strong>Essonne\u2009:<\/strong>\u00a0retrouvez\u00a0actu Essonne\u00a0sur\u00a0<a href=\"https:\/\/www.facebook.com\/actuessonne\/?ref=br_rs\" rel=\"nofollow noopener\" target=\"_blank\">Facebook<\/a>\u00a0et\u00a0<a href=\"https:\/\/twitter.com\/ActuEssonne\" rel=\"nofollow noopener\" target=\"_blank\">Twitter<\/a>\u2009;<br \/><strong>Hauts-de-Seine\u2009:<\/strong>\u00a0retrouvez\u00a0actu\u00a0Hauts-de-Seine\u00a0sur\u00a0<a href=\"https:\/\/www.facebook.com\/actufr.hautsdeseine\/\" rel=\"nofollow noopener\" target=\"_blank\">Facebook<\/a>\u00a0et\u00a0<a href=\"https:\/\/twitter.com\/actufr92\" rel=\"nofollow noopener\" target=\"_blank\">Twitter<\/a>\u2009;<br \/><strong>Seine-Saint-Denis\u2009:<\/strong>\u00a0retrouvez actu Seine-Saint-Denis sur\u00a0<a href=\"https:\/\/www.facebook.com\/actufr.seinesaintdenis\/\" rel=\"nofollow noopener\" target=\"_blank\">Facebook<\/a>\u00a0et\u00a0<a href=\"https:\/\/x.com\/Actufr93\" rel=\"nofollow\">Twitter<\/a>\u2009;<br \/><strong>Val-de-Marne\u2009:\u00a0<\/strong>retrouvez actu Val-de-Marne sur\u00a0<a href=\"https:\/\/www.facebook.com\/actu94.valdemarne\/\" rel=\"nofollow noopener\" target=\"_blank\">Facebook<\/a>\u00a0et\u00a0<a href=\"https:\/\/x.com\/actufr94\" rel=\"nofollow\">Twitter<\/a>\u2009;<br \/><strong>Val-d\u2019Oise\u2009:<\/strong>\u00a0retrouvez La Gazette du Val-d\u2019Oise sur\u00a0<a href=\"https:\/\/x.com\/actufr94\" rel=\"nofollow\">Twitter<\/a><\/p>\n<p class=\" wall-content\">Suivez toute l\u2019actualit\u00e9 de vos villes et m\u00e9dias favoris en vous inscrivant \u00e0 <a href=\"https:\/\/moncompte.actu.fr\" title=\"D\u00e9couvez Mon Actu\" rel=\"nofollow noopener\" data-trk=\"{&quot;cta&quot;:{&quot;action&quot;:&quot;https:\\\/\\\/moncompte.actu.fr&quot;,&quot;category&quot;:&quot;mon compte&quot;,&quot;from&quot;:&quot;article footer&quot;,&quot;name&quot;:&quot;Mon actu&quot;,&quot;type&quot;:&quot;cta&quot;}}\" target=\"_blank\">Mon Actu<\/a>.<\/p>\n<p>                    <script async src=\"https:\/\/platform.twitter.com\/widgets.js\" charset=\"utf-8\"><\/script><\/p>\n","protected":false},"excerpt":{"rendered":"Par J\u00e9r\u00f4me Lemonnier Publi\u00e9 le 15 mai 2025 \u00e0 12h08 \u00ab\u2009L\u2019intimidation de\u00a0la police\u00a0municipale ne changera rien \u00e0 la&hellip;\n","protected":false},"author":2,"featured_media":101213,"comment_status":"","ping_status":"","sticky":false,"template":"","format":"standard","meta":{"footnotes":""},"categories":[1592],"tags":[119,1111,11,1777,674,1011,27,662,12,626,2332,1072,25,104],"class_list":{"0":"post-101884","1":"post","2":"type-post","3":"status-publish","4":"format-standard","5":"has-post-thumbnail","7":"category-ile-de-france","8":"tag-accident","9":"tag-actu","10":"tag-actualites","11":"tag-eu","12":"tag-europe","13":"tag-fr","14":"tag-france","15":"tag-ile-de-france","16":"tag-news","17":"tag-paris","18":"tag-paris-saint-germain-psg","19":"tag-police","20":"tag-republique-francaise","21":"tag-societe"},"share_on_mastodon":{"url":"https:\/\/pubeurope.com\/@fr\/114511805431883778","error":""},"_links":{"self":[{"href":"https:\/\/www.europesays.com\/fr\/wp-json\/wp\/v2\/posts\/101884","targetHints":{"allow":["GET"]}}],"collection":[{"href":"https:\/\/www.europesays.com\/fr\/wp-json\/wp\/v2\/posts"}],"about":[{"href":"https:\/\/www.europesays.com\/fr\/wp-json\/wp\/v2\/types\/post"}],"author":[{"embeddable":true,"href":"https:\/\/www.europesays.com\/fr\/wp-json\/wp\/v2\/users\/2"}],"replies":[{"embeddable":true,"href":"https:\/\/www.europesays.com\/fr\/wp-json\/wp\/v2\/comments?post=101884"}],"version-history":[{"count":0,"href":"https:\/\/www.europesays.com\/fr\/wp-json\/wp\/v2\/posts\/101884\/revisions"}],"wp:featuredmedia":[{"embeddable":true,"href":"https:\/\/www.europesays.com\/fr\/wp-json\/wp\/v2\/media\/101213"}],"wp:attachment":[{"href":"https:\/\/www.europesays.com\/fr\/wp-json\/wp\/v2\/media?parent=101884"}],"wp:term":[{"taxonomy":"category","embeddable":true,"href":"https:\/\/www.europesays.com\/fr\/wp-json\/wp\/v2\/categories?post=101884"},{"taxonomy":"post_tag","embeddable":true,"href":"https:\/\/www.europesays.com\/fr\/wp-json\/wp\/v2\/tags?post=101884"}],"curies":[{"name":"wp","href":"https:\/\/api.w.org\/{rel}","templated":true}]}}