{"id":101887,"date":"2025-05-15T12:18:11","date_gmt":"2025-05-15T12:18:11","guid":{"rendered":"https:\/\/www.europesays.com\/fr\/101887\/"},"modified":"2025-05-15T12:18:11","modified_gmt":"2025-05-15T12:18:11","slug":"the-new-well-revient-a-paris-pour-une-troisieme-edition","status":"publish","type":"post","link":"https:\/\/www.europesays.com\/fr\/101887\/","title":{"rendered":"The New Well revient \u00e0 Paris pour une troisi\u00e8me \u00e9dition"},"content":{"rendered":"<p class=\"article-content col-md-8 offset-md-1\">\n                                Pr\u00e9sent\u00e9 comme un festival d\u00e9di\u00e9 \u00e0 la beaut\u00e9 et au bien-\u00eatre, The New <a class=\"fnwAddLinks\" href=\"https:\/\/ma.fashionnetwork.com\/tags-well\" title=\"Well\" target=\"_blank\" rel=\"noopener\">Well<\/a> revient pour sa troisi\u00e8me \u00e9dition du 16 au 18 mai au Carreau du Temple \u00e0 Paris. Apr\u00e8s avoir f\u00e9d\u00e9r\u00e9 environ 7.000 participants, dont 800 professionnels et une centaine de marques en juin 2024, l\u2019\u00e9v\u00e9nement veut asseoir son positionnement \u00e0 la crois\u00e9e d\u2019un \u00e9v\u00e8nement grand public et B2B.<\/p>\n<p><img decoding=\"async\" class=\"news-image\" style=\"width:100%;max-width:544px;\" src=\"https:\/\/www.europesays.com\/fr\/wp-content\/uploads\/2025\/05\/823e.gif\" alt=\"Affiche The New Well\" loading=\"lazy\"\/>Affiche The New Well &#8211; DR<\/p>\n<p class=\"col-md-8 offset-md-1 article-content--texte\">Pendant trois jours, une centaine de marques et de concepts sont donc rassembl\u00e9s pour faire d\u00e9couvrir les derni\u00e8res tendances en mati\u00e8re de beaut\u00e9, bien-\u00eatre, sport, sant\u00e9 mentale et nutrition.<\/p>\n<p>Parmi les th\u00e9matiques mises \u00e0 l\u2019honneur cette ann\u00e9e: la K Beauty et la Japanese Beauty avec des marques comme Bijo et Maison Kosane, les soins technologiques avec les masques LED de Lucibel.le, l\u2019oral care avec The Smilist, ou encore des concepts plus singuliers comme le bar \u00e0 sieste Zen Bar, les glaces au charbon actif de Grave ou encore les bouillons bien-\u00eatre de Rhodista.<\/p>\n<p class=\"col-md-8 offset-md-1 article-content--texte\">Quatre-vingts experts et professionnels interviendront \u00e9galement lors de conf\u00e9rences et d\u2019ateliers, abordant les nouvelles approches du soin, de la sant\u00e9 mentale, du sport ou encore de la nutrition.<\/p>\n<p>Par ailleurs, un espace B2B facilitera les \u00e9changes professionnels pour d\u00e9velopper de nouvelles collaborations et des opportunit\u00e9s commerciales.<\/p>\n<p>Nouveaut\u00e9 de cette \u00e9dition: les visiteurs pourront interagir avec les marques via des stands de jeux, leur permettant de gagner des cadeaux tout en d\u00e9couvrant les produits.<\/p>\n<p>\u00c0 l\u2019origine de ce rendez-vous, Tiffany Buathier a imagin\u00e9 The New Well apr\u00e8s avoir fond\u00e9 le site Petit Hood dans l\u2019univers de l\u2019enfant, puis le compte Instagram The Good Live pendant le confinement.<br \/>\u00a0<br \/>\u00a0\n                            <\/p>\n<p>\n                                Tous droits de reproduction et de repr\u00e9sentation r\u00e9serv\u00e9s.<br \/>\u00a9 2025 FashionNetwork.com\n                            <\/p>\n","protected":false},"excerpt":{"rendered":"Pr\u00e9sent\u00e9 comme un festival d\u00e9di\u00e9 \u00e0 la beaut\u00e9 et au bien-\u00eatre, The New Well revient pour sa troisi\u00e8me&hellip;\n","protected":false},"author":2,"featured_media":101888,"comment_status":"","ping_status":"","sticky":false,"template":"","format":"standard","meta":{"footnotes":""},"categories":[1888],"tags":[1111,1928,11,1927,2424,537,2423,1777,674,1011,27,2425,985,12,1926,2298,626,1925,2426,2427,25,2421,2422,21759,21760],"class_list":{"0":"post-101887","1":"post","2":"type-post","3":"status-publish","4":"format-standard","5":"has-post-thumbnail","7":"category-paris","8":"tag-actu","9":"tag-actu-paris","10":"tag-actualites","11":"tag-actualites-paris","12":"tag-beaute","13":"tag-contact","14":"tag-cosmetiques","15":"tag-eu","16":"tag-europe","17":"tag-fr","18":"tag-france","19":"tag-luxe","20":"tag-mode","21":"tag-news","22":"tag-news-paris","23":"tag-parfum","24":"tag-paris","25":"tag-paris-news","26":"tag-professionnel","27":"tag-professionnels","28":"tag-republique-francaise","29":"tag-reseau","30":"tag-textile","31":"tag-tiffany-co","32":"tag-well"},"share_on_mastodon":{"url":"https:\/\/pubeurope.com\/@fr\/114511813282977729","error":""},"_links":{"self":[{"href":"https:\/\/www.europesays.com\/fr\/wp-json\/wp\/v2\/posts\/101887","targetHints":{"allow":["GET"]}}],"collection":[{"href":"https:\/\/www.europesays.com\/fr\/wp-json\/wp\/v2\/posts"}],"about":[{"href":"https:\/\/www.europesays.com\/fr\/wp-json\/wp\/v2\/types\/post"}],"author":[{"embeddable":true,"href":"https:\/\/www.europesays.com\/fr\/wp-json\/wp\/v2\/users\/2"}],"replies":[{"embeddable":true,"href":"https:\/\/www.europesays.com\/fr\/wp-json\/wp\/v2\/comments?post=101887"}],"version-history":[{"count":0,"href":"https:\/\/www.europesays.com\/fr\/wp-json\/wp\/v2\/posts\/101887\/revisions"}],"wp:featuredmedia":[{"embeddable":true,"href":"https:\/\/www.europesays.com\/fr\/wp-json\/wp\/v2\/media\/101888"}],"wp:attachment":[{"href":"https:\/\/www.europesays.com\/fr\/wp-json\/wp\/v2\/media?parent=101887"}],"wp:term":[{"taxonomy":"category","embeddable":true,"href":"https:\/\/www.europesays.com\/fr\/wp-json\/wp\/v2\/categories?post=101887"},{"taxonomy":"post_tag","embeddable":true,"href":"https:\/\/www.europesays.com\/fr\/wp-json\/wp\/v2\/tags?post=101887"}],"curies":[{"name":"wp","href":"https:\/\/api.w.org\/{rel}","templated":true}]}}