{"id":101905,"date":"2025-05-15T12:28:08","date_gmt":"2025-05-15T12:28:08","guid":{"rendered":"https:\/\/www.europesays.com\/fr\/101905\/"},"modified":"2025-05-15T12:28:08","modified_gmt":"2025-05-15T12:28:08","slug":"lancien-springbok-cornal-hendricks-disparait-a-37-ans","status":"publish","type":"post","link":"https:\/\/www.europesays.com\/fr\/101905\/","title":{"rendered":"l\u2019ancien Springbok Cornal Hendricks dispara\u00eet \u00e0 37 ans"},"content":{"rendered":"<p>L\u2019ancien ailier ou centre sud-africain est d\u00e9c\u00e9d\u00e9 mercredi d\u2019une crise cardiaque.<\/p>\n<p class=\"fig-paragraph\">Les Blue Bulls de Pretoria ont annonc\u00e9 la triste nouvelle ce jeudi matin. Cornal Hendricks, 12 s\u00e9lections (5 essais inscrits) avec l\u2019Afrique du Sud en 2014 et 2015, est d\u00e9c\u00e9d\u00e9 d\u2019une crise cardiaque \u00e0 l\u2019\u00e2ge de 37 ans.<\/p>\n<p class=\"fig-paragraph\">Durant sa carri\u00e8re, une anomalie cardiaque avait \u00e9t\u00e9 d\u00e9cel\u00e9e en 2015, alors qu\u2019il n\u2019avait que 27 ans. \u00c0 cause de ce probl\u00e8me de sant\u00e9, il n\u2019avait pas satisfait \u00e0 la visite m\u00e9dicale pr\u00e9alable \u00e0 la signature de son contrat avec Toulon, en d\u00e9cembre 2016. \u00abApr\u00e8s avoir pass\u00e9 une s\u00e9rie de tests m\u00e9dicaux et physiques tr\u00e8s pointus pendant pr\u00e8s de trois semaines, il a \u00e9t\u00e9 d\u00e9cid\u00e9, pour le bien du joueur en premier lieu, qu\u2019il ne pouvait s\u2019engager avec le club\u00bb, avait communiqu\u00e9 le club varois.<\/p>\n<p class=\"fig-paragraph\">En ao\u00fbt 2017, Cornal Hendricks avait tent\u00e9 de se relancer avec la franchise des Southern Kings, en Pro 14. Nouveau refus, pour les m\u00eames raisons m\u00e9dicales. Mais deux ans plus tard, l\u2019ailier ou centre avait \u00e9t\u00e9 autoris\u00e9 \u00e0 rejouer par plusieurs cardiologues et s\u2019\u00e9tait engag\u00e9 avec les Blue Bulls.<\/p>\n<p class=\"fig-paragraph\">En fin de contrat l\u2019\u00e9t\u00e9 dernier &#8211; apr\u00e8s avoir disput\u00e9 73 matchs en six ans avec la franchise de Pretoria -, il n\u2019avait pas raccroch\u00e9 les crampons, revenant au sein de l\u2019\u00e9quipe qui l\u2019avait form\u00e9, les Boland Cavaliers.<\/p>\n","protected":false},"excerpt":{"rendered":"L\u2019ancien ailier ou centre sud-africain est d\u00e9c\u00e9d\u00e9 mercredi d\u2019une crise cardiaque. Les Blue Bulls de Pretoria ont annonc\u00e9&hellip;\n","protected":false},"author":2,"featured_media":101906,"comment_status":"","ping_status":"","sticky":false,"template":"","format":"standard","meta":{"footnotes":""},"categories":[2],"tags":[2306,11,5594,525,2309,1981,2313,1089,451,814,1011,27,955,12,2308,2311,25,1980,479,2259,2307,21067,478,2310,2312,513],"class_list":{"0":"post-101905","1":"post","2":"type-post","3":"status-publish","4":"format-standard","5":"has-post-thumbnail","7":"category-actualites","8":"tag-6-nations","9":"tag-actualites","10":"tag-afrique-du-sud","11":"tag-calendrier","12":"tag-challenge-europeen","13":"tag-classement","14":"tag-clermont","15":"tag-coupe-deurope","16":"tag-coupe-du-monde","17":"tag-direct","18":"tag-fr","19":"tag-france","20":"tag-match","21":"tag-news","22":"tag-pro-d2","23":"tag-racing","24":"tag-republique-francaise","25":"tag-resultats","26":"tag-rugby","27":"tag-score","28":"tag-six-nations","29":"tag-springboks","30":"tag-top-14","31":"tag-toulon","32":"tag-toulouse","33":"tag-xv-de-france"},"share_on_mastodon":{"url":"https:\/\/pubeurope.com\/@fr\/114511852613337474","error":""},"_links":{"self":[{"href":"https:\/\/www.europesays.com\/fr\/wp-json\/wp\/v2\/posts\/101905","targetHints":{"allow":["GET"]}}],"collection":[{"href":"https:\/\/www.europesays.com\/fr\/wp-json\/wp\/v2\/posts"}],"about":[{"href":"https:\/\/www.europesays.com\/fr\/wp-json\/wp\/v2\/types\/post"}],"author":[{"embeddable":true,"href":"https:\/\/www.europesays.com\/fr\/wp-json\/wp\/v2\/users\/2"}],"replies":[{"embeddable":true,"href":"https:\/\/www.europesays.com\/fr\/wp-json\/wp\/v2\/comments?post=101905"}],"version-history":[{"count":0,"href":"https:\/\/www.europesays.com\/fr\/wp-json\/wp\/v2\/posts\/101905\/revisions"}],"wp:featuredmedia":[{"embeddable":true,"href":"https:\/\/www.europesays.com\/fr\/wp-json\/wp\/v2\/media\/101906"}],"wp:attachment":[{"href":"https:\/\/www.europesays.com\/fr\/wp-json\/wp\/v2\/media?parent=101905"}],"wp:term":[{"taxonomy":"category","embeddable":true,"href":"https:\/\/www.europesays.com\/fr\/wp-json\/wp\/v2\/categories?post=101905"},{"taxonomy":"post_tag","embeddable":true,"href":"https:\/\/www.europesays.com\/fr\/wp-json\/wp\/v2\/tags?post=101905"}],"curies":[{"name":"wp","href":"https:\/\/api.w.org\/{rel}","templated":true}]}}