{"id":101917,"date":"2025-05-15T12:37:12","date_gmt":"2025-05-15T12:37:12","guid":{"rendered":"https:\/\/www.europesays.com\/fr\/101917\/"},"modified":"2025-05-15T12:37:12","modified_gmt":"2025-05-15T12:37:12","slug":"avant-imola-le-secret-de-la-vitesse-de-mclaren-devoile","status":"publish","type":"post","link":"https:\/\/www.europesays.com\/fr\/101917\/","title":{"rendered":"Avant Imola, le secret de la vitesse de McLaren d\u00e9voil\u00e9"},"content":{"rendered":"<p itemprop=\"description\">Comment la McLaren parvient-elle \u00e0<br \/>\npr\u00e9server ses pneus arri\u00e8re ? La r\u00e9ponse se cache peut-\u00eatre dans un<br \/>\nd\u00e9tail qu\u2019on ne voit presque jamais : ses \u00e9copes de frein.<\/p>\n<p>Le d\u00e9compte est sans appel. McLaren a remport\u00e9 cinq des six<br \/>\nGrands Prix disput\u00e9s. Comme on l\u2019a d\u00e9j\u00e0 relev\u00e9, <a href=\"https:\/\/f1i.autojournal.fr\/grand-prix-f1\/grand-prix-de-chine\/mclaren-en-chine-redoutable-mais-prenable\/\" target=\"_blank\" rel=\"noopener\"><br \/>\nla McLaren tire sa vitesse essentiellement du fait qu\u2019elle exploite<br \/>\nparfaitement ses pneumatiques<\/a>.<\/p>\n<p>Ce qui est frappant, c\u2019est que la MCL39 parvient \u00e0 mettre<br \/>\nrapidement ses gommes en temp\u00e9rature en qualification, tout en les<br \/>\n\u00e9pargnant en course. En g\u00e9n\u00e9ral, les voitures qui \u00e9conomisent leur<br \/>\ngommes en course ont du mal \u00e0 les \u201callumer\u201d pour un tour chrono, et<br \/>\ninversement.<\/p>\n<p>La grande question \u00e0 laquelle les rivaux de McLaren en Formule 1<br \/>\ntentent aujourd\u2019hui de r\u00e9pondre est la suivante : comment la MCL39<br \/>\nparvient-elle \u00e0 g\u00e9rer aussi efficacement la temp\u00e9rature des pneus<br \/>\narri\u00e8re ? Pour tenter de comprendre, <a href=\"https:\/\/f1i.autojournal.fr\/infos\/technique-infos\/comment-mclaren-garde-ses-pneus-frais-red-bull-mene-lenquete\/\" target=\"_blank\" rel=\"noopener\"><br \/>\nRed Bull a transmis \u00e0 la FIA des images prises par une cam\u00e9ra<br \/>\nthermique, sous-entendant une possible infraction<\/a>, ce qu\u2019a<br \/>\nd\u00e9menti une inspection minutieuse des \u00e9copes de frein de la MCL39<br \/>\nmen\u00e9e par la F\u00e9d\u00e9ration apr\u00e8s le Grand Prix de Miami.<\/p>\n<p>Il ne s\u2019agit \u00e9videmment pas d\u2019un \u201cdispositif miracle\u201d, mais bien<br \/>\nd\u2019une combinaison de facteurs : plate-forme a\u00e9rodynamique,<br \/>\ncin\u00e9matique de suspension, strat\u00e9gie de r\u00e9cup\u00e9ration d\u2019\u00e9nergie\u2026 et<br \/>\ngestion thermique dans les roues avant comme arri\u00e8re.<\/p>\n<p><img itemprop=\"thumbnailUrl\" decoding=\"async\" class=\"alignnone size-full wp-image-628634\" src=\"https:\/\/www.europesays.com\/fr\/wp-content\/uploads\/2025\/05\/f1-secret-vitesse-mclaren-pneus_1.jpg\" alt=\"&lt;p&gt;McLaren, pneu, F1&lt;br data-mce-bogus=\"\/><\/p>\n<p>&lsquo; width=\u00a0\u00bb710&Prime; height=\u00a0\u00bb473&Prime;&gt; \u00a9 Nicolas Carpentiers<br \/>\n<strong>Le r\u00f4le crucial des \u00e9copes de frein<\/strong><\/p>\n<p>Cette gestion est op\u00e9r\u00e9e par les <a href=\"https:\/\/f1i.autojournal.fr\/magazine\/magazine-technique\/technique-f1-a-quoi-servent-ecope-frein-avant\/\" target=\"_blank\" rel=\"noopener\"><br \/>\n\u00e9copes de frein avant<\/a> et <a href=\"https:\/\/f1i.autojournal.fr\/magazine\/magazine-technique\/technique-f1-ecopes-de-frein-arriere-capitales\/\" target=\"_blank\" rel=\"noopener\"><br \/>\narri\u00e8re<\/a>. Leur conception interne prend en compte les besoins de<br \/>\nrefroidissement, les effets a\u00e9rodynamiques recherch\u00e9s, mais aussi<br \/>\nles contraintes thermiques li\u00e9es \u00e0 l\u2019usage des pneumatiques.<\/p>\n<p>Les conduits n\u2019apportent pas seulement de l\u2019air frais aux<br \/>\ndisques en carbone : ils doivent aussi permettre l\u2019\u00e9vacuation d\u2019une<br \/>\npartie de l\u2019air chaud g\u00e9n\u00e9r\u00e9 par le freinage.<\/p>\n<p>\u201cNous faisons un peu de tout dans ce tr\u00e8s petit espace,<br \/>\nexplique David Sanchez, <a href=\"https:\/\/f1i.autojournal.fr\/magazine\/magazine-features\/portrait\/alpine-sanchez-f1-technique\/\" target=\"_blank\" rel=\"noopener\"><br \/>\ndirecteur technique ex\u00e9cutif d&rsquo;Alpine et \u00e9ph\u00e9m\u00e8re collaborateur de<br \/>\nMcLaren<\/a>, \u00e0 propos de cette partie de la voiture. D&rsquo;un c\u00f4t\u00e9,<br \/>\nil faut vraiment refroidir les freins.\u201d<\/p>\n<p>\u201cMais si l&rsquo;on consid\u00e8re que les freins atteignent une<br \/>\ntemp\u00e9rature de 600 \u00e0 800\u00a0\u00b0C, on essaie vraiment d&rsquo;\u00e9viter que<br \/>\ncette chaleur ne se propage \u00e0 la jante et aux pneus, ou bien on<br \/>\nessaie de contr\u00f4ler ce flux de chaleur. C&rsquo;est donc tout l&rsquo;enjeu de<br \/>\nl&rsquo;ing\u00e9nierie que de contr\u00f4ler ce flux de chaleur.\u201d<\/p>\n<p><img decoding=\"async\" loading=\"lazy\" class=\"size-full wp-image-628635\" src=\"https:\/\/www.europesays.com\/fr\/wp-content\/uploads\/2025\/05\/f1-secret-vitesse-mclaren-pneus_2.jpg\" alt=\"&lt;p&gt;McLaren, Stella&lt;br data-mce-bogus=\"\/><\/p>\n<p>\u00a0\u00bb width=\u00a0\u00bb710&Prime; height=\u00a0\u00bb473&Prime;&gt; \u00a9 XPB Images \/ Laurent<br \/>\nCharniaux<br \/>\n<strong>Une priorit\u00e9 d\u00e8s la conception de la McLaren<br \/>\nMCL39<\/strong><\/p>\n<p>D\u00e8s les premi\u00e8res \u00e9tapes du d\u00e9veloppement de la MCL39, les<br \/>\ning\u00e9nieurs de Woking ont accord\u00e9 une attention particuli\u00e8re \u00e0 la<br \/>\ngestion des pneumatiques, comme l\u2019explique Andrea Stella, le team<br \/>\nprincipal :<\/p>\n<p>\u201cAu moment de concevoir la MCL39, nous nous \u00e9tions bien s\u00fbr<br \/>\nfix\u00e9 des objectifs en termes d&rsquo;efficacit\u00e9 a\u00e9rodynamique, mais nous<br \/>\nsouhaitions aussi progresser sur le plan m\u00e9canique et en termes<br \/>\nd\u2019interaction avec les pneus.\u201d<\/p>\n<p>\u201cIl y a une tr\u00e8s bonne ing\u00e9nierie derri\u00e8re tout cela. Nous<br \/>\navons examin\u00e9 de mani\u00e8re globale toutes les caract\u00e9ristiques d&rsquo;une<br \/>\nvoiture qui influencent le comportement des pneus.\u201d<\/p>\n<p><img decoding=\"async\" loading=\"lazy\" class=\"alignnone size-full wp-image-628636\" src=\"https:\/\/www.europesays.com\/fr\/wp-content\/uploads\/2025\/05\/f1-secret-vitesse-mclaren-pneus_3-copy.jpg\" alt=\"\" width=\"710\" height=\"744\"\/> \u00a9 Nicolas<br \/>\nCarpentiers<\/p>\n<p><strong>Un syst\u00e8me ferm\u00e9\u2026<\/strong><\/p>\n<p>L\u2019un des axes de ce qu\u2019il d\u00e9crit comme un \u201ctravail<br \/>\nd\u2019ing\u00e9nierie tr\u00e8s cibl\u00e9\u201d a port\u00e9 sur la modification du<br \/>\nconcept des freins arri\u00e8re. Si l\u2019on ignore ce que cela recouvre<br \/>\nexactement, on peut constater que les \u00e9copes et les tambours de la<br \/>\nMCL39 figurent parmi les plus complexes de la grille.<\/p>\n<p>Alors que la majorit\u00e9 des \u00e9quipes cherchent \u00e0 refroidir les<br \/>\ndisques ou les \u00e9triers en les laissant partiellement expos\u00e9s,<br \/>\nMcLaren semble avoir adopt\u00e9 une approche inverse, en les enfermant<br \/>\nde mani\u00e8re assez radicale \u2013 vraisemblablement gr\u00e2ce \u00e0 de la fibre<br \/>\nde carbone recouverte de c\u00e9ramique, voire d&rsquo;<a href=\"https:\/\/f1i.autojournal.fr\/infos\/saison-f1-2025\/larme-secrete-de-mclaren-derriere-sa-domination-enfin-revelee\/\" target=\"_blank\" rel=\"noopener\">un<br \/>\nmat\u00e9riau \u00e0 changement de phase<\/a> (aussi appel\u00e9 \u00e0 m\u00e9moire de<br \/>\nforme).<\/p>\n<p>\u00c0 partir de l\u00e0, elle a mis en place un r\u00e9seau complexe de<br \/>\ncanalisations internes, d\u00e9riv\u00e9es des conduits de frein, qui<br \/>\ncontribuent \u00e0 produire l\u2019effet de refroidissement recherch\u00e9.<\/p>\n<p><img decoding=\"async\" loading=\"lazy\" class=\"alignnone size-full wp-image-628637\" src=\"https:\/\/www.europesays.com\/fr\/wp-content\/uploads\/2025\/05\/f1-secret-vitesse-mclaren-pneus_4.jpg\" alt=\"&lt;p&gt;McLaren, pneu, F1&lt;\/p&gt;\" width=\"710\" height=\"473\"\/> \u00a9 Nicolas Carpentiers<\/p>\n<p><strong>\u2026 et tr\u00e8s bien isol\u00e9<\/strong><\/p>\n<p>Pour supporter de telles temp\u00e9ratures, les \u00e9copes doivent \u00eatre<br \/>\nisol\u00e9es, en recourant \u00e0 diff\u00e9rentes techniques\u00a0:<\/p>\n<p>\u201cLes tambours de frein sont isol\u00e9s thermiquement,<br \/>\nexplique Steve Foster, ing\u00e9nieur composite chez McLaren. Si on<br \/>\nlaissait la chaleur du disque irradier vers la jante sans<br \/>\nisolation, cette derni\u00e8re fondrait litt\u00e9ralement et risquerait de<br \/>\ncasser.\u201d<\/p>\n<p>\u201cDe la m\u00eame fa\u00e7on, certaines conduites \u00e0 l\u2019int\u00e9rieur de<br \/>\nl\u2019\u00e9cope pr\u00e9sentent une construction en sandwich, consistant en une<br \/>\ncouche de feuille d\u2019or, une couche d\u2019a\u00e9rogel de silice* et une<br \/>\ncouche de fibre de carbone.\u201d<\/p>\n<p>Certains ont m\u00eame \u00e9voqu\u00e9 l\u2019existence d\u2019un r\u00e9gulateur de flux<br \/>\npermettant de moduler la temp\u00e9rature de l\u2019air circulant entre les<br \/>\nfreins et le tambour, selon les besoins thermiques des pneus. En<br \/>\nphase de mise en temp\u00e9rature (en qualification), l\u2019air chaud g\u00e9n\u00e9r\u00e9<br \/>\npar les freins serait dirig\u00e9 vers l\u2019ext\u00e9rieur, de la coque<br \/>\nenfermant le disque afin de r\u00e9chauffer la jante. \u00c0 l\u2019inverse,<br \/>\nlorsque le refroidissement devient prioritaire (en course, ou en<br \/>\nfin de tour de qualification), le flux serait invers\u00e9 pour \u00e9vacuer<br \/>\nplus efficacement la chaleur.<\/p>\n<p>Une telle solution serait ing\u00e9nieuse pour r\u00e9soudre un probl\u00e8me<br \/>\nd\u2019\u00e9quilibre thermique particuli\u00e8rement complexe. H\u00e9las, elle<br \/>\nentrerait en contradiction flagrante avec l\u2019article 15.1.3 du<br \/>\nr\u00e8glement technique, qui d\u00e9finit les mat\u00e9riaux \u00e0 m\u00e9moire de forme \u2013<br \/>\net, plus loin, en interdit formellement l\u2019usage \u00e0 l\u2019article<br \/>\n15.4.1.<\/p>\n<p><img decoding=\"async\" loading=\"lazy\" class=\"alignnone size-full wp-image-628638\" src=\"https:\/\/www.europesays.com\/fr\/wp-content\/uploads\/2025\/05\/f1-secret-vitesse-mclaren-pneus_5_2002.jpg\" alt=\"&lt;p&gt;F1, 2022, MCL36&lt;br data-mce-bogus=\"\/><\/p>\n<p>\u00a0\u00bb width=\u00a0\u00bb710&Prime; height=\u00a0\u00bb473&Prime;&gt; \u00a9 Nicolas Carpentiers<\/p>\n<p>Le dessin de cet enchev\u00eatrement de canalisations s\u2019appuie sur<br \/>\nles r\u00e9sultats de la CFD (<a href=\"https:\/\/f1i.autojournal.fr\/magazine\/magazine-technique\/pourquoi-la-cfd-est-elle-indispensable-en-f1\/\" target=\"_blank\" rel=\"noopener\">la<br \/>\nm\u00e9canique des fluides num\u00e9rique<\/a>) et sur des tests au banc<br \/>\nd\u2019essai reproduisant les conditions d\u2019un Grand Prix. Le<br \/>\nrefroidissement ne consiste pas seulement \u00e0 maximiser l\u2019entr\u00e9e<br \/>\nd\u2019air dans un syst\u00e8me : il faut aussi g\u00e9n\u00e9rer une zone de basse<br \/>\npression en sortie, pour forcer l\u2019\u00e9coulement rapide de l\u2019air \u00e0<br \/>\ntravers l\u2019ensemble.<\/p>\n<p>On note d\u2019ailleurs la pr\u00e9sence d\u2019un capteur de pression \u00e0<br \/>\nl\u2019int\u00e9rieur du tambour, <a href=\"https:\/\/f1i.autojournal.fr\/infos\/technique-infos\/la-legalite-de-la-mclaren-en-question\/\" target=\"_blank\" rel=\"noopener\"><br \/>\ndont Red Bull avait d\u00e9j\u00e0 mis en cause la l\u00e9galit\u00e9 l\u2019an pass\u00e9 alors<br \/>\nque le dispositif est conforme<\/a>.<\/p>\n<p>Ce capteur de pression ou de d\u00e9bit pourrait mesurer le flux<br \/>\nd&rsquo;air frais qui agirait comme une sorte d\u2019isolant pour s\u2019assurer<br \/>\nque les temp\u00e9ratures restent sous contr\u00f4le. Un domaine que l\u2019\u00e9curie<br \/>\nbritannique conna\u00eet bien\u00a0: elle avait \u00e9t\u00e9 confront\u00e9e \u00e0<br \/>\nph\u00e9nom\u00e8ne de surpression \u00e0 l\u2019int\u00e9rieur <a href=\"https:\/\/f1i.autojournal.fr\/magazine\/magazine-technique\/bilan-technique-mclaren-mcl36-avec-les-moyens-du-bord\/\" target=\"_blank\" rel=\"noopener\"><br \/>\ndes \u00e9copes de frein en d\u00e9but de saison 2022<\/a> (voir l&rsquo;image<br \/>\nci-dessus).<\/p>\n<p><img decoding=\"async\" loading=\"lazy\" class=\"alignnone size-full wp-image-628639\" src=\"https:\/\/www.europesays.com\/fr\/wp-content\/uploads\/2025\/05\/f1-secret-vitesse-mclaren-pneus_6.jpg\" alt=\"&lt;p&gt;McLaren, pneu, F1&lt;\/p&gt;\" width=\"710\" height=\"473\"\/> \u00a9 Nicolas Carpentiers<\/p>\n<p><strong>McLaren innove \u00e0 l\u2019avant aussi<\/strong><\/p>\n<p>Naturellement, cette capacit\u00e9 \u00e0 pr\u00e9server les pneus arri\u00e8re ne<br \/>\nd\u00e9pend pas d\u2019un seul param\u00e8tre : une Formule 1 fonctionne comme un<br \/>\nsyst\u00e8me int\u00e9gr\u00e9. Les \u00e9copes de frein avant sont, elles aussi,<br \/>\nparticuli\u00e8rement travaill\u00e9es, avec une architecture \u00e0 double<br \/>\nentr\u00e9e.<\/p>\n<p>Pourquoi ce choix peut-il favoriser une bonne gestion thermique<br \/>\ndes pneus arri\u00e8re ? Parce que ces derniers montent en temp\u00e9rature<br \/>\nplus rapidement que les gommes avant.<\/p>\n<p>D\u00e8s lors, une mont\u00e9e en temp\u00e9rature plus rapide \u00e0 l\u2019avant r\u00e9duit<br \/>\nla n\u00e9cessit\u00e9 de solliciter les pneus arri\u00e8re pour compenser un<br \/>\ntrain avant trop froid. Le pilote peut ainsi g\u00e9n\u00e9rer la temp\u00e9rature<br \/>\nrequise sans provoquer une surchauffe \u00e0 l\u2019arri\u00e8re.<\/p>\n<p><img decoding=\"async\" loading=\"lazy\" class=\"alignnone size-full wp-image-628640\" src=\"https:\/\/www.europesays.com\/fr\/wp-content\/uploads\/2025\/05\/f1-secret-vitesse-mclaren-pneus_7.jpg\" alt=\"\" width=\"710\" height=\"473\"\/> \u00a9 Nicolas<br \/>\nCarpentiers<\/p>\n<p>On le voit : McLaren dispose l\u00e0 d\u2019un atout majeur \u2013 au point que<br \/>\nRed Bull envisage d\u00e9sormais de s\u2019inspirer du dessin des \u00e9copes de<br \/>\nfrein arri\u00e8re des monoplaces orange dans le cadre de son plan de<br \/>\nredressement.<\/p>\n<p>Il n\u2019existe toutefois pas de solution miracle en Formule 1, et<br \/>\nla MCL39 b\u00e9n\u00e9ficie d\u2019un autre avantage, lui aussi li\u00e9 \u00e0 la gestion<br \/>\nthermique, que nous vous d\u00e9voilerons bient\u00f4t.<\/p>\n<p>(*) Un a\u00e9rogel est un mat\u00e9riau nanostructur\u00e9 qui ressemble \u00e0 un<br \/>\ngel mais o\u00f9 le composant liquide est remplac\u00e9 par du gaz. De quoi<br \/>\nfaire de l&rsquo;a\u00e9rogel un solide \u00e0 la densit\u00e9 particuli\u00e8rement faible.<br \/>\nAvec une conductivit\u00e9 thermique tr\u00e8s faible, l&rsquo;a\u00e9rogel de silice<br \/>\nest un isolant thermique tr\u00e8s efficace.<\/p>\n","protected":false},"excerpt":{"rendered":"Comment la McLaren parvient-elle \u00e0 pr\u00e9server ses pneus arri\u00e8re ? La r\u00e9ponse se cache peut-\u00eatre dans un d\u00e9tail&hellip;\n","protected":false},"author":2,"featured_media":101918,"comment_status":"","ping_status":"","sticky":false,"template":"","format":"standard","meta":{"footnotes":""},"categories":[1412],"tags":[1451,1452,1453,1454,1455,1011,27,2243,4475,2241,2255,21763,60,21764,6233],"class_list":{"0":"post-101917","1":"post","2":"type-post","3":"status-publish","4":"format-standard","5":"has-post-thumbnail","7":"category-f1","8":"tag-f1","9":"tag-formula-1","10":"tag-formula1","11":"tag-formule-1","12":"tag-formule1","13":"tag-fr","14":"tag-france","15":"tag-lando-norris","16":"tag-mclaren","17":"tag-oscar-piastri","18":"tag-red-bull","19":"tag-saison-2025-de-formule-1","20":"tag-sports","21":"tag-stella","22":"tag-technique"},"share_on_mastodon":{"url":"https:\/\/pubeurope.com\/@fr\/114511888061508541","error":""},"_links":{"self":[{"href":"https:\/\/www.europesays.com\/fr\/wp-json\/wp\/v2\/posts\/101917","targetHints":{"allow":["GET"]}}],"collection":[{"href":"https:\/\/www.europesays.com\/fr\/wp-json\/wp\/v2\/posts"}],"about":[{"href":"https:\/\/www.europesays.com\/fr\/wp-json\/wp\/v2\/types\/post"}],"author":[{"embeddable":true,"href":"https:\/\/www.europesays.com\/fr\/wp-json\/wp\/v2\/users\/2"}],"replies":[{"embeddable":true,"href":"https:\/\/www.europesays.com\/fr\/wp-json\/wp\/v2\/comments?post=101917"}],"version-history":[{"count":0,"href":"https:\/\/www.europesays.com\/fr\/wp-json\/wp\/v2\/posts\/101917\/revisions"}],"wp:featuredmedia":[{"embeddable":true,"href":"https:\/\/www.europesays.com\/fr\/wp-json\/wp\/v2\/media\/101918"}],"wp:attachment":[{"href":"https:\/\/www.europesays.com\/fr\/wp-json\/wp\/v2\/media?parent=101917"}],"wp:term":[{"taxonomy":"category","embeddable":true,"href":"https:\/\/www.europesays.com\/fr\/wp-json\/wp\/v2\/categories?post=101917"},{"taxonomy":"post_tag","embeddable":true,"href":"https:\/\/www.europesays.com\/fr\/wp-json\/wp\/v2\/tags?post=101917"}],"curies":[{"name":"wp","href":"https:\/\/api.w.org\/{rel}","templated":true}]}}