{"id":101921,"date":"2025-05-15T12:39:09","date_gmt":"2025-05-15T12:39:09","guid":{"rendered":"https:\/\/www.europesays.com\/fr\/101921\/"},"modified":"2025-05-15T12:39:09","modified_gmt":"2025-05-15T12:39:09","slug":"cest-le-club-qui-communiquera-eric-roy-ne-se-prononce-pas-sur-son-avenir-au-stade-brestois","status":"publish","type":"post","link":"https:\/\/www.europesays.com\/fr\/101921\/","title":{"rendered":"\u00ab\u00a0C\u2019est le club qui communiquera\u00a0\u00bb\u00a0: \u00c9ric Roy ne se prononce pas sur son avenir au Stade Brestois"},"content":{"rendered":"<p>\u00c9ric Roy \u00e9tait d\u2019autant plus attendu qu\u2019il flottait une ambiance particuli\u00e8re autour du centre d\u2019entra\u00eenement du SB29 aux environs de midi, ce jeudi. Peu avant cette heure, et au sortir d\u2019une s\u00e9ance plus courte que d\u2019ordinaire, Denis Le Saint, le pr\u00e9sident, Gr\u00e9gory Lorenzi, le directeur sportif, et \u00c9ric Roy, accompagn\u00e9s de Maxime Flamand, l\u2019analyste vid\u00e9o, ont \u00e9t\u00e9 vus sortant du bureau du staff sportif, situ\u00e9 tout pr\u00e8s de la salle de restauration des joueurs. Au terme d\u2019un \u00e9change qui n\u2019aura dur\u00e9 que quelques minutes, les quatre hommes sont ressortis, en silence.<\/p>\n<p>Au m\u00eame moment, la cantine, o\u00f9 d\u00e9jeunent normalement les joueurs \u00e0 cette heure, \u00e9tait vide, sugg\u00e9rant une prise de parole des dirigeants devant l\u2019ensemble du vestiaire. Une intervention qui, officiellement, visait \u00e0 remercier le groupe pour la saison accomplie.<\/p>\n<p>Un peu avant 12 h 15, certains d\u2019entre eux, Jonas Martin et Gr\u00e9goire Coudert en t\u00eate, sont finalement sortis, quelques secondes avant \u00c9ric Roy. Ce dernier, tr\u00e8s vite suivi de plusieurs membres du staff, dont ses adjoints Bruno Grougi et Julien Lachuer, s\u2019est \u00e0 nouveau introduit dans le bureau de l\u2019\u00e9tat-major sportif.<\/p>\n<p>\u00ab Le club communiquera en temps voulu \u00bb<\/p>\n<p>Une fois devant la presse, Roy n\u2019a pas tard\u00e9 \u00e0 \u00eatre interrog\u00e9 sur son avenir, se contentant de r\u00e9pondre dans un sourire. \u00ab C\u2019est incroyable. Le match \u00e0 Nice ne vous int\u00e9resse pas ? \u00c0 ce sujet, c\u2019est le club qui communiquera, ce n\u2019est pas moi. \u00ab Silenzio stampa*\u00bb ! \u00bb. Relanc\u00e9, Roy a r\u00e9affirm\u00e9 qu\u2019il n\u2019\u00e9tait \u00ab l\u00e0 que pour parler du match \u00bb avant de couper court \u00e0 la conversation. La pr\u00e9sence de Denis Le Saint, Pascal Robert et consorts ? \u00ab C\u2019\u00e9tait pour faire un cadeau aux joueurs \u00bb (un coffret contenant notamment une ancre marine et un maillot de la Ligue des champions), s\u2019est born\u00e9 \u00e0 r\u00e9pondre le technicien, visiblement pas d\u00e9cid\u00e9 \u00e0 en dire plus pour l\u2019instant. Le club, lui, dont on peut en d\u00e9duire qu\u2019il conna\u00eet d\u00e9sormais les intentions de son entra\u00eeneur, attendait une r\u00e9ponse ferme et d\u00e9finitive de ce dernier avant la fin du championnat. Soit avant samedi soir, aux environs de 23 h. Le compte \u00e0 rebours est lanc\u00e9.<\/p>\n<p class=\"tech\">*silence radio en italien<\/p>\n","protected":false},"excerpt":{"rendered":"\u00c9ric Roy \u00e9tait d\u2019autant plus attendu qu\u2019il flottait une ambiance particuli\u00e8re autour du centre d\u2019entra\u00eenement du SB29 aux&hellip;\n","protected":false},"author":2,"featured_media":101922,"comment_status":"","ping_status":"","sticky":false,"template":"","format":"standard","meta":{"footnotes":""},"categories":[1410],"tags":[3450,3166,63,1011,27,66,60,4449],"class_list":{"0":"post-101921","1":"post","2":"type-post","3":"status-publish","4":"format-standard","5":"has-post-thumbnail","7":"category-football","8":"tag-brest","9":"tag-en-continu-sports","10":"tag-football","11":"tag-fr","12":"tag-france","13":"tag-ligue-1","14":"tag-sports","15":"tag-stade-brestois"},"share_on_mastodon":{"url":"https:\/\/pubeurope.com\/@fr\/114511895783909350","error":""},"_links":{"self":[{"href":"https:\/\/www.europesays.com\/fr\/wp-json\/wp\/v2\/posts\/101921","targetHints":{"allow":["GET"]}}],"collection":[{"href":"https:\/\/www.europesays.com\/fr\/wp-json\/wp\/v2\/posts"}],"about":[{"href":"https:\/\/www.europesays.com\/fr\/wp-json\/wp\/v2\/types\/post"}],"author":[{"embeddable":true,"href":"https:\/\/www.europesays.com\/fr\/wp-json\/wp\/v2\/users\/2"}],"replies":[{"embeddable":true,"href":"https:\/\/www.europesays.com\/fr\/wp-json\/wp\/v2\/comments?post=101921"}],"version-history":[{"count":0,"href":"https:\/\/www.europesays.com\/fr\/wp-json\/wp\/v2\/posts\/101921\/revisions"}],"wp:featuredmedia":[{"embeddable":true,"href":"https:\/\/www.europesays.com\/fr\/wp-json\/wp\/v2\/media\/101922"}],"wp:attachment":[{"href":"https:\/\/www.europesays.com\/fr\/wp-json\/wp\/v2\/media?parent=101921"}],"wp:term":[{"taxonomy":"category","embeddable":true,"href":"https:\/\/www.europesays.com\/fr\/wp-json\/wp\/v2\/categories?post=101921"},{"taxonomy":"post_tag","embeddable":true,"href":"https:\/\/www.europesays.com\/fr\/wp-json\/wp\/v2\/tags?post=101921"}],"curies":[{"name":"wp","href":"https:\/\/api.w.org\/{rel}","templated":true}]}}