{"id":101923,"date":"2025-05-15T12:40:14","date_gmt":"2025-05-15T12:40:14","guid":{"rendered":"https:\/\/www.europesays.com\/fr\/101923\/"},"modified":"2025-05-15T12:40:14","modified_gmt":"2025-05-15T12:40:14","slug":"mort-de-daniel-bilalian-lelegance-avant-tout-salue-patrick-chene-sur-lci","status":"publish","type":"post","link":"https:\/\/www.europesays.com\/fr\/101923\/","title":{"rendered":"Mort de Daniel Bilalian : \u00ab\u00a0L&rsquo;\u00e9l\u00e9gance avant tout\u00a0\u00bb, salue Patrick Ch\u00eane sur LCI"},"content":{"rendered":"<p>Daniel Bilalian, ex-pr\u00e9sentateur des journaux t\u00e9l\u00e9vis\u00e9s d&rsquo;Antenne 2 puis France 2 et ancien patron du service des sports de France T\u00e9l\u00e9visions, est d\u00e9c\u00e9d\u00e9 mercredi \u00e0 l&rsquo;\u00e2ge de 78 ans.Figure de l&rsquo;audiovisuel public pendant plus de 40 ans, il avait pris sa retraite \u00e0 l&rsquo;automne 2016.Sur LCI, Patrick Ch\u00eane, son ancien confr\u00e8re, lui rend hommage.<\/p>\n<p data-module=\"article-paragraph\" class=\"jsx-362436225 Paragraph\">Daniel Bilalian est d\u00e9c\u00e9d\u00e9 de maladie \u00e0 son domicile, ce mercredi \u00e0 Neuilly-sur-Seine (Hauts-de-Seine). \u00c2g\u00e9 de 78 ans, le journaliste a \u00e9t\u00e9 successivement grand reporter, pr\u00e9sentateur et r\u00e9dacteur en chef des journaux de 13h et de 20h de France 2.\u00a0<\/p>\n<p data-module=\"article-paragraph\" class=\"jsx-362436225 Paragraph Paragraph__End\">Sur LCI, Patrick Ch\u00eane, son ancien coll\u00e8gue au sein du service public, se souvient de \u00ab\u00a0Bill\u00a0\u00bb, et salue un homme \u00ab\u00a0un peu d\u00e9cal\u00e9 dans le m\u00e9tier (&#8230;) qui faisait son travail tr\u00e8s au s\u00e9rieusement, mais qui ne prenait rien au s\u00e9rieux, avec du recul\u00a0\u00bb, \u00ab\u00a0un petit trait british\u00a0\u00bb, selon celui qui pr\u00e9sentait notamment le 13H de France 2.<\/p>\n<p>La r\u00e9daction de TF1info<\/p>\n","protected":false},"excerpt":{"rendered":"Daniel Bilalian, ex-pr\u00e9sentateur des journaux t\u00e9l\u00e9vis\u00e9s d&rsquo;Antenne 2 puis France 2 et ancien patron du service des sports&hellip;\n","protected":false},"author":2,"featured_media":101924,"comment_status":"","ping_status":"","sticky":false,"template":"","format":"standard","meta":{"footnotes":""},"categories":[1359],"tags":[1111,11,1921,58,59,1011,27,2400,1922,13646,2041,973,133,2040],"class_list":{"0":"post-101923","1":"post","2":"type-post","3":"status-publish","4":"format-standard","5":"has-post-thumbnail","7":"category-people","8":"tag-actu","9":"tag-actualites","10":"tag-article-video","11":"tag-divertissement","12":"tag-entertainment","13":"tag-fr","14":"tag-france","15":"tag-france-televisions","16":"tag-info","17":"tag-lci-midi","18":"tag-medias-et-divertissement","19":"tag-people","20":"tag-video","21":"tag-video-culture"},"share_on_mastodon":{"url":"https:\/\/pubeurope.com\/@fr\/114511899735403599","error":""},"_links":{"self":[{"href":"https:\/\/www.europesays.com\/fr\/wp-json\/wp\/v2\/posts\/101923","targetHints":{"allow":["GET"]}}],"collection":[{"href":"https:\/\/www.europesays.com\/fr\/wp-json\/wp\/v2\/posts"}],"about":[{"href":"https:\/\/www.europesays.com\/fr\/wp-json\/wp\/v2\/types\/post"}],"author":[{"embeddable":true,"href":"https:\/\/www.europesays.com\/fr\/wp-json\/wp\/v2\/users\/2"}],"replies":[{"embeddable":true,"href":"https:\/\/www.europesays.com\/fr\/wp-json\/wp\/v2\/comments?post=101923"}],"version-history":[{"count":0,"href":"https:\/\/www.europesays.com\/fr\/wp-json\/wp\/v2\/posts\/101923\/revisions"}],"wp:featuredmedia":[{"embeddable":true,"href":"https:\/\/www.europesays.com\/fr\/wp-json\/wp\/v2\/media\/101924"}],"wp:attachment":[{"href":"https:\/\/www.europesays.com\/fr\/wp-json\/wp\/v2\/media?parent=101923"}],"wp:term":[{"taxonomy":"category","embeddable":true,"href":"https:\/\/www.europesays.com\/fr\/wp-json\/wp\/v2\/categories?post=101923"},{"taxonomy":"post_tag","embeddable":true,"href":"https:\/\/www.europesays.com\/fr\/wp-json\/wp\/v2\/tags?post=101923"}],"curies":[{"name":"wp","href":"https:\/\/api.w.org\/{rel}","templated":true}]}}