{"id":101936,"date":"2025-05-15T12:48:08","date_gmt":"2025-05-15T12:48:08","guid":{"rendered":"https:\/\/www.europesays.com\/fr\/101936\/"},"modified":"2025-05-15T12:48:08","modified_gmt":"2025-05-15T12:48:08","slug":"un-affront-aux-regles-du-festival","status":"publish","type":"post","link":"https:\/\/www.europesays.com\/fr\/101936\/","title":{"rendered":"un affront aux r\u00e8gles du Festival ?"},"content":{"rendered":"<p>En smoking noir et n\u0153ud papillon, la star am\u00e9ricaine et \u00e9g\u00e9rie L\u2019Or\u00e9al Paris a ravi, hier soir, tous les regards sur le tapis rouge de Cannes.<\/p>\n<p class=\"fig-paragraph\">Ni tra\u00eene, ni fourreau de sir\u00e8ne, ni d\u00e9collet\u00e9, ni robe fendue&#8230; Hier soir, sur le tapis rouge du Festival de Cannes, la star am\u00e9ricaine de 67 ans a pris totalement le contrepied de la f\u00e9minit\u00e9 glamour et paillet\u00e9e. Si\u00a0<a href=\"https:\/\/madame.lefigaro.fr\/tag\/andie-macdowell\" target=\"_blank\" rel=\"noopener\" data-gtm-custom-categorie=\"navigation\" data-gtm-custom-action=\"crossclick\" data-gtm-custom-label=\"Contextuel\" data-gtm-event=\"customEventSPE\">Andy MacDowell<\/a>\u00a0a suivi \u00e0 la lettre le nouveau dress code impos\u00e9 par le Festival cette ann\u00e9e &#8211; pas de naked dress pour\u00a0<a href=\"http:\/\/madame.lefigaro.fr\/style\/news\/pour-des-raisons-de-decence-le-festival-de-cannes-rappelle-les-interdits-vestimentaires-sur-son-tapis-rouge-20250512\" data-fig-type=\"Article\" data-gtm-custom-categorie=\"navigation\" data-gtm-custom-action=\"crossclick\" data-gtm-custom-label=\"Contextuel\" data-gtm-event=\"customEventSPE\" data-fig-domain=\"MADAME\" target=\"_blank\" rel=\"noopener\">des raisons de d\u00e9cence\u00a0<\/a>ni de robes volumineuses qui compliquent la circulation sur les marches &#8211; elle a \u00e9galement opt\u00e9 pour un virage \u00e0 180 degr\u00e9s en affichant un look \u00e0 la masculinit\u00e9 d\u00e9clar\u00e9e.<\/p>\n<p>    Andie MacDowell, radieuse en smoking d\u2019homme \u00e0 la 78e \u00e9dition du Festival de Cannes.<br \/>\n                Gisela Schober \/ Getty Images<\/p>\n<p class=\"fig-paragraph\">Pour assister \u00e0 la projection de Mission Impossible\u00a0: The Final Reckoning en avant-premi\u00e8re mondiale, elle est donc arriv\u00e9e en parfait gentleman dans un smoking noir impeccable, port\u00e9 sur une chemise blanche immacul\u00e9e, orn\u00e9 d\u2019un n\u0153ud papillon en velours noir surdimensionn\u00e9. Un look qui a fait sensation tout comme sa l\u00e9gendaire chevelure d\u00e9sormais blanc argent\u00e9e, qu\u2019elle avait choisi de relever en chignon strict avec m\u00e8che asym\u00e9trique. Seule touche glam autoris\u00e9e\u00a0: les escarpins argent paillet\u00e9s sur lesquelles elle \u00e9tait juch\u00e9e.<\/p>\n<p>\u00a0\u00bb<br \/>\n        data-script=\u00a0\u00bbhttps:\/\/static.lefigaro.fr\/widget-video\/short-ttl\/video\/index.js\u00a0\u00bb<br \/>\n    &gt;<\/p>\n<p class=\"fig-paragraph\">Celle qui f\u00eate aussi le 40e anniversaire de sa collaboration avec\u00a0<a href=\"https:\/\/madame.lefigaro.fr\/tag\/l-oreal-paris\" target=\"_blank\" rel=\"noopener\" data-gtm-custom-categorie=\"navigation\" data-gtm-custom-action=\"crossclick\" data-gtm-custom-label=\"Contextuel\" data-gtm-event=\"customEventSPE\">L\u2019Or\u00e9al Paris<\/a>\u00a0a jou\u00e9 la carte de l\u2019\u00e9l\u00e9gance ultime et de la sobri\u00e9t\u00e9, arborant un mascara l\u00e9ger et un rouge \u00e0 l\u00e8vres mauve fonc\u00e9. L\u2019actrice iconique de Sexe, Mensonges et Vid\u00e9o, film qui avait remport\u00e9 la Palme d\u2019Or au Festival de Cannes 1989, prouve ainsi que, sur la Croisette, nul besoin de robes extraordinaires ou de gimmicks spectaculaires pour subjuguer les photographes et remporter la palme du chic absolu.<\/p>\n<p>    <a href=\"https:\/\/photo-madame.lefigaro.fr\/celebrites\/actu-people\/la-montee-des-marches-de-tom-cruise-fait-chavirer-cannes-20250514\" target=\"_blank\" rel=\"noopener\"><\/p>\n<p class=\"fig-slideshow__title\">\n                    La mont\u00e9e des marches de Tom Cruise fait chavirer Cannes\n                <\/p>\n<p>    <\/a><\/p>\n","protected":false},"excerpt":{"rendered":"En smoking noir et n\u0153ud papillon, la star am\u00e9ricaine et \u00e9g\u00e9rie L\u2019Or\u00e9al Paris a ravi, hier soir, tous&hellip;\n","protected":false},"author":2,"featured_media":101937,"comment_status":"","ping_status":"","sticky":false,"template":"","format":"standard","meta":{"footnotes":""},"categories":[8],"tags":[998,988,991,21766,1000,993,58,994,59,992,5634,638,1011,27,997,977,999,989,995,973,20995,990,996],"class_list":{"0":"post-101936","1":"post","2":"type-post","3":"status-publish","4":"format-standard","5":"has-post-thumbnail","7":"category-divertissement","8":"tag-accessoire","9":"tag-actu-mode","10":"tag-actualite-mode","11":"tag-andie-macdowell","12":"tag-celebrites","13":"tag-defiles","14":"tag-divertissement","15":"tag-egerie-mode","16":"tag-entertainment","17":"tag-fashion-week","18":"tag-festival-de-cannes","19":"tag-figaro","20":"tag-fr","21":"tag-france","22":"tag-lingerie","23":"tag-madame","24":"tag-mode-fashion-femme","25":"tag-mode-femme","26":"tag-nouvelle-tendance","27":"tag-people","28":"tag-tapis-rouge","29":"tag-tendance-mode","30":"tag-vetement"},"share_on_mastodon":{"url":"https:\/\/pubeurope.com\/@fr\/114511931187593376","error":""},"_links":{"self":[{"href":"https:\/\/www.europesays.com\/fr\/wp-json\/wp\/v2\/posts\/101936","targetHints":{"allow":["GET"]}}],"collection":[{"href":"https:\/\/www.europesays.com\/fr\/wp-json\/wp\/v2\/posts"}],"about":[{"href":"https:\/\/www.europesays.com\/fr\/wp-json\/wp\/v2\/types\/post"}],"author":[{"embeddable":true,"href":"https:\/\/www.europesays.com\/fr\/wp-json\/wp\/v2\/users\/2"}],"replies":[{"embeddable":true,"href":"https:\/\/www.europesays.com\/fr\/wp-json\/wp\/v2\/comments?post=101936"}],"version-history":[{"count":0,"href":"https:\/\/www.europesays.com\/fr\/wp-json\/wp\/v2\/posts\/101936\/revisions"}],"wp:featuredmedia":[{"embeddable":true,"href":"https:\/\/www.europesays.com\/fr\/wp-json\/wp\/v2\/media\/101937"}],"wp:attachment":[{"href":"https:\/\/www.europesays.com\/fr\/wp-json\/wp\/v2\/media?parent=101936"}],"wp:term":[{"taxonomy":"category","embeddable":true,"href":"https:\/\/www.europesays.com\/fr\/wp-json\/wp\/v2\/categories?post=101936"},{"taxonomy":"post_tag","embeddable":true,"href":"https:\/\/www.europesays.com\/fr\/wp-json\/wp\/v2\/tags?post=101936"}],"curies":[{"name":"wp","href":"https:\/\/api.w.org\/{rel}","templated":true}]}}