{"id":101957,"date":"2025-05-15T13:00:11","date_gmt":"2025-05-15T13:00:11","guid":{"rendered":"https:\/\/www.europesays.com\/fr\/101957\/"},"modified":"2025-05-15T13:00:11","modified_gmt":"2025-05-15T13:00:11","slug":"la-guinguette-du-pere-romu-souffle-sa-premiere-bougie-en-fanfare","status":"publish","type":"post","link":"https:\/\/www.europesays.com\/fr\/101957\/","title":{"rendered":"la Guinguette du p\u00e8re Romu souffle sa premi\u00e8re bougie en fanfare"},"content":{"rendered":"<p>            Par<br \/>\n        <strong><br \/>\n            <a href=\"https:\/\/actu.fr\/auteur\/metropoop\" title=\"Consulter tous les articles de R\u00e9daction M\u00e9tropolitain\" rel=\"nofollow noopener\" target=\"_blank\">R\u00e9daction M\u00e9tropolitain<\/a><br \/>\n        <\/strong><\/p>\n<p>        Publi\u00e9 le<\/p>\n<p>            15 mai 2025 \u00e0 11h58        <\/p>\n<p>Un \u00e9v\u00e9nement \u00e0 <strong>P\u00e9rols<\/strong> : ce samedi 17 mai 2025, <strong>la Guinguette du p\u00e8re Romu<\/strong> soufflera sa premi\u00e8re bougie. Pour l\u2019occasion, Romuald T\u00e9bani, plus connu sous le nom de Romu, pr\u00e9pare une grande f\u00eate. Il y aura un DJ, un magicien, un caricaturiste, un hypnotiseur et des surprises pour les habitu\u00e9s comme pour les curieux. Celle d\u2019un projet n\u00e9 d\u2019un coup de t\u00eate, devenu en quelques mois un rendez-vous incontournable \u00e0 P\u00e9rols.<\/p>\n<p>    <a href=\"https:\/\/www.google.com\/maps\/embed?pb=!1m18!1m12!1m3!1d2891.0481826422183!2d3.9538634!3d43.563879099999994!2m3!1f0!2f0!3f0!3m2!1i1024!2i768!4f13.1!3m3!1m2!1s0x12b6bb1f0438b21f%3A0x65bcd2d918591498!2sMarch%C3%A9%20de%20P%C3%A9rols%27.%20March%C3%A9%20traditionnel%2C%20P%C3%A9rols%20Village!5e0!3m2!1sfr!2sfr!4v1744782513915!5m2!1sfr!2sfr\" title=\"Ouvrie le lien\" rel=\"nofollow noopener\" target=\"_blank\">Cliquez ici pour visualiser le contenu<\/a><\/p>\n<p class=\" wall-content\">Derri\u00e8re la guinguette, il y a un homme. <strong>Romuald T\u00e9bani<\/strong>. Une figure de P\u00e9rols depuis 1982. Un visage connu. Pendant des ann\u00e9es, il a \u00e9t\u00e9 tr\u00e8s actif dans la vie locale, notamment au sein du club de football. Puis la maladie est venue tout bousculer. Les soucis de sant\u00e9, le handicap, la fatigue. Romu a d\u00fb quitter ses engagements. Il a connu des p\u00e9riodes difficiles, o\u00f9 tout semblait se refermer. Mais il n\u2019a pas l\u00e2ch\u00e9. \u00ab\u00a0Je ne m\u2019en sortais pas, alors j\u2019ai mont\u00e9 mon truc.\u00a0\u00bb<\/p>\n<p>Une guinguette \u00e0 son image<\/p>\n<p class=\" wall-content\">Depuis un an, chaque samedi matin, Romu s\u2019installe sur le march\u00e9 de P\u00e9rols, de 6h30 \u00e0 13h30. \u00c0 la Guinguette du p\u00e8re Romu, les moules sont offertes. Seul \u00e0 s\u2019occuper de l\u2019installation, il embauche quelqu\u2019un pour cuisiner. Le reste, il le g\u00e8re lui-m\u00eame. La guinguette ne se limite pas au march\u00e9 du samedi, Romu participe \u00e0 toutes les manifestations locales. Les mercredis du terroir, la f\u00eate de la musique, le 14 juillet. En un an, il a r\u00e9ussi \u00e0 cr\u00e9er un lieu sans mur, mais pas sans chaleur. Une guinguette en plein air, o\u00f9 tout le monde est le bienvenu.\u00a0<\/p>\n<p class=\" wall-content\">Suivez toute l\u2019actualit\u00e9 de vos villes et m\u00e9dias favoris en vous inscrivant \u00e0 <a href=\"https:\/\/moncompte.actu.fr\" title=\"D\u00e9couvez Mon Actu\" rel=\"nofollow noopener\" data-trk=\"{&quot;cta&quot;:{&quot;action&quot;:&quot;https:\\\/\\\/moncompte.actu.fr&quot;,&quot;category&quot;:&quot;mon compte&quot;,&quot;from&quot;:&quot;article footer&quot;,&quot;name&quot;:&quot;Mon actu&quot;,&quot;type&quot;:&quot;cta&quot;}}\" target=\"_blank\">Mon Actu<\/a>.<\/p>\n","protected":false},"excerpt":{"rendered":"Par R\u00e9daction M\u00e9tropolitain Publi\u00e9 le 15 mai 2025 \u00e0 11h58 Un \u00e9v\u00e9nement \u00e0 P\u00e9rols : ce samedi 17&hellip;\n","protected":false},"author":2,"featured_media":101958,"comment_status":"","ping_status":"","sticky":false,"template":"","format":"standard","meta":{"footnotes":""},"categories":[9599],"tags":[1111,11,1777,674,652,1011,27,1943,1652,2089,2208,12,2680,25],"class_list":{"0":"post-101957","1":"post","2":"type-post","3":"status-publish","4":"format-standard","5":"has-post-thumbnail","7":"category-montpellier","8":"tag-actu","9":"tag-actualites","10":"tag-eu","11":"tag-europe","12":"tag-famille","13":"tag-fr","14":"tag-france","15":"tag-handicap","16":"tag-loisirs-culture","17":"tag-marche","18":"tag-montpellier","19":"tag-news","20":"tag-occitanie","21":"tag-republique-francaise"},"share_on_mastodon":{"url":"https:\/\/pubeurope.com\/@fr\/114511978382288298","error":""},"_links":{"self":[{"href":"https:\/\/www.europesays.com\/fr\/wp-json\/wp\/v2\/posts\/101957","targetHints":{"allow":["GET"]}}],"collection":[{"href":"https:\/\/www.europesays.com\/fr\/wp-json\/wp\/v2\/posts"}],"about":[{"href":"https:\/\/www.europesays.com\/fr\/wp-json\/wp\/v2\/types\/post"}],"author":[{"embeddable":true,"href":"https:\/\/www.europesays.com\/fr\/wp-json\/wp\/v2\/users\/2"}],"replies":[{"embeddable":true,"href":"https:\/\/www.europesays.com\/fr\/wp-json\/wp\/v2\/comments?post=101957"}],"version-history":[{"count":0,"href":"https:\/\/www.europesays.com\/fr\/wp-json\/wp\/v2\/posts\/101957\/revisions"}],"wp:featuredmedia":[{"embeddable":true,"href":"https:\/\/www.europesays.com\/fr\/wp-json\/wp\/v2\/media\/101958"}],"wp:attachment":[{"href":"https:\/\/www.europesays.com\/fr\/wp-json\/wp\/v2\/media?parent=101957"}],"wp:term":[{"taxonomy":"category","embeddable":true,"href":"https:\/\/www.europesays.com\/fr\/wp-json\/wp\/v2\/categories?post=101957"},{"taxonomy":"post_tag","embeddable":true,"href":"https:\/\/www.europesays.com\/fr\/wp-json\/wp\/v2\/tags?post=101957"}],"curies":[{"name":"wp","href":"https:\/\/api.w.org\/{rel}","templated":true}]}}