{"id":101959,"date":"2025-05-15T13:01:12","date_gmt":"2025-05-15T13:01:12","guid":{"rendered":"https:\/\/www.europesays.com\/fr\/101959\/"},"modified":"2025-05-15T13:01:12","modified_gmt":"2025-05-15T13:01:12","slug":"fc-nantes-montpellier-un-groupe-quasi-complet-pour-le-match-du-maintien-mohamed-incertain","status":"publish","type":"post","link":"https:\/\/www.europesays.com\/fr\/101959\/","title":{"rendered":"FC Nantes &#8211; Montpellier. Un groupe quasi complet pour le match du maintien, Mohamed incertain ."},"content":{"rendered":"<p>En ballottage favorable pour le maintien, le FC Nantes est ma\u00eetre de son destin. Les Canaris, 15es (33\u00a0points), poss\u00e8dent deux longueurs d\u2019avance et une diff\u00e9rence de buts tr\u00e8s nettement avantageuse par rapport au Havre, barragiste (-16\u00a0pour le FC Nantes, -32\u00a0pour les Ciel et Marine).<\/p>\n<p>Face \u00e0 Montpellier, lanterne rouge et d\u00e9j\u00e0 rel\u00e9gu\u00e9, un match nul peut donc suffire au FC Nantes pour assurer son maintien. C\u2019est \u00e0 l\u2019h\u00f4tel thalasso du Crouesty \u00e0 Arzon, dans le Morbihan, qu\u2019Antoine Kombouar\u00e9 a choisi d\u2019emmener ses joueurs pour une\u00a0mise au vert prolong\u00e9e. Meschack Elia (pubis), forfait \u00e0 Auxerre, est disponible.<\/p>\n<p>L\u2019interrogation concerne la pr\u00e9sence de Mostafa Mohamed, qui est rest\u00e9 en soins et n\u2019a pas particip\u00e9 \u00e0 la s\u00e9ance ce jeudi matin pour des raisons obscures. <strong>\u00ab\u00a0Il a eu un petit souci musculaire\u00a0\u00bb<\/strong>, a justifi\u00e9 Antoine Kombouar\u00e9, alors que la 34e journ\u00e9e de Ligue est plac\u00e9e sous le signe de la lutte contre l\u2019homophobie.<\/p>\n<p><strong>Lire aussi.<\/strong>\u00a0<a href=\"https:\/\/nantes.maville.com\/sport\/detail_-mercato-fc-nantes.-zeze-et-leroux-ca-s-active-deja-fort-autour-des-jeunes-canaris-_8-6796641_actu.Htm\" target=\"_blank\" rel=\"nofollow noopener\">Mercato FC Nantes. Z\u00e9z\u00e9 et Leroux\u00a0: \u00e7a s\u2019active (d\u00e9j\u00e0) fort autour des jeunes Canaris<\/a><\/p>\n<p>Sekou Doucour\u00e9 (\u00e9paule) manque \u00e0 l\u2019appel. Sa\u00efdou Sow (rupture du ligament crois\u00e9 ant\u00e9rieur du genou gauche) est \u00e9videmment forfait. Le d\u00e9fenseur, pr\u00eat\u00e9 par Strasbourg sans option d\u2019achat, est rentr\u00e9 en Alsace et a \u00e9t\u00e9 op\u00e9r\u00e9.<\/p>\n<p>\u00a0<\/p>\n","protected":false},"excerpt":{"rendered":"En ballottage favorable pour le maintien, le FC Nantes est ma\u00eetre de son destin. Les Canaris, 15es (33\u00a0points),&hellip;\n","protected":false},"author":2,"featured_media":101960,"comment_status":"","ping_status":"","sticky":false,"template":"","format":"standard","meta":{"footnotes":""},"categories":[9599],"tags":[1111,11,3809,1465,1777,674,63,1011,27,1792,1922,2208,12,2680,25,6689,479,517,1470,9693],"class_list":{"0":"post-101959","1":"post","2":"type-post","3":"status-publish","4":"format-standard","5":"has-post-thumbnail","7":"category-montpellier","8":"tag-actu","9":"tag-actualites","10":"tag-ball","11":"tag-basket","12":"tag-eu","13":"tag-europe","14":"tag-football","15":"tag-fr","16":"tag-france","17":"tag-handball","18":"tag-info","19":"tag-montpellier","20":"tag-news","21":"tag-occitanie","22":"tag-republique-francaise","23":"tag-roche","24":"tag-rugby","25":"tag-sport","26":"tag-volley","27":"tag-yon"},"share_on_mastodon":{"url":"https:\/\/pubeurope.com\/@fr\/114511982286996709","error":""},"_links":{"self":[{"href":"https:\/\/www.europesays.com\/fr\/wp-json\/wp\/v2\/posts\/101959","targetHints":{"allow":["GET"]}}],"collection":[{"href":"https:\/\/www.europesays.com\/fr\/wp-json\/wp\/v2\/posts"}],"about":[{"href":"https:\/\/www.europesays.com\/fr\/wp-json\/wp\/v2\/types\/post"}],"author":[{"embeddable":true,"href":"https:\/\/www.europesays.com\/fr\/wp-json\/wp\/v2\/users\/2"}],"replies":[{"embeddable":true,"href":"https:\/\/www.europesays.com\/fr\/wp-json\/wp\/v2\/comments?post=101959"}],"version-history":[{"count":0,"href":"https:\/\/www.europesays.com\/fr\/wp-json\/wp\/v2\/posts\/101959\/revisions"}],"wp:featuredmedia":[{"embeddable":true,"href":"https:\/\/www.europesays.com\/fr\/wp-json\/wp\/v2\/media\/101960"}],"wp:attachment":[{"href":"https:\/\/www.europesays.com\/fr\/wp-json\/wp\/v2\/media?parent=101959"}],"wp:term":[{"taxonomy":"category","embeddable":true,"href":"https:\/\/www.europesays.com\/fr\/wp-json\/wp\/v2\/categories?post=101959"},{"taxonomy":"post_tag","embeddable":true,"href":"https:\/\/www.europesays.com\/fr\/wp-json\/wp\/v2\/tags?post=101959"}],"curies":[{"name":"wp","href":"https:\/\/api.w.org\/{rel}","templated":true}]}}