{"id":101961,"date":"2025-05-15T13:03:08","date_gmt":"2025-05-15T13:03:08","guid":{"rendered":"https:\/\/www.europesays.com\/fr\/101961\/"},"modified":"2025-05-15T13:03:08","modified_gmt":"2025-05-15T13:03:08","slug":"la-justice-alourdit-son-amende-pour-un-grave-incendie","status":"publish","type":"post","link":"https:\/\/www.europesays.com\/fr\/101961\/","title":{"rendered":"la justice alourdit son amende pour un grave incendie"},"content":{"rendered":"<p>            Par<br \/>\n        <strong><br \/>\n            <a href=\"https:\/\/actu.fr\/auteur\/adrien-filoche\" title=\"Consulter tous les articles de Adrien Filoche\" rel=\"nofollow noopener\" target=\"_blank\">Adrien Filoche<\/a><br \/>\n        <\/strong><\/p>\n<p>        Publi\u00e9 le<\/p>\n<p>            13 mai 2025 \u00e0 11h17        <\/p>\n<p><strong>C\u2019est un revers judiciaire pour TotalEnergies. <\/strong>Ce lundi 12 mai 2025, la Cour d\u2019appel de Rouen a tripl\u00e9 l\u2019amende contre la multinationale fran\u00e7aise, jug\u00e9e coupable de \u00ab\u2009blessures involontaires\u2009\u00bb \u00e0 la suite d\u2019un <a href=\"https:\/\/actu.fr\/normandie\/le-havre_76351\/cinq-blesses-a-la-raffinerie-total-pres-du-havre-on-n-est-passe-pas-loin-de-la-catastrophe_55905794.html\" rel=\"nofollow noopener\" target=\"_blank\">accident qui avait fait cinq bless\u00e9s<\/a>, dont un gri\u00e8vement, en 2016 au sein de la raffinerie de Gonfreville-l\u2019Orcher, pr\u00e8s du\u00a0<a href=\"https:\/\/actu.fr\/normandie\/le-havre_76351\" rel=\"nofollow noopener\" target=\"_blank\">Havre<\/a>. Total \u00e9cope donc d\u2019une amende plus sal\u00e9e que pr\u00e9vue.<\/p>\n<p>De 40\u2009000\u00a0\u00e0 120\u2009000 euros<\/p>\n<p class=\" wall-content\">Pourtant, en d\u00e9cembre\u00a02024, la soci\u00e9t\u00e9 fran\u00e7aise contestait sa condamnation, <a href=\"https:\/\/actu.fr\/normandie\/le-havre_76351\/total-et-un-ancien-cadre-condamnes-pour-blessures-involontaires-apres-un-incendie_57891422.html\" rel=\"nofollow noopener\" target=\"_blank\">prononc\u00e9e en 2023.<\/a> Pour rappel, suite \u00e0 l\u2019accident de 2016, le tribunal correctionnel du Havre avait, le 6 mars 2023, inflig\u00e9 40\u2009000 euros d\u2019amende \u00e0 la SAS TotalEnergies Raffinage France, tandis que l\u2019ancien directeur raffinage Europe \u00e9copait lui d\u2019une amende de 10\u2009000 euros.<\/p>\n<p class=\" wall-content\">Le lundi 12 mai 2025, la cour d\u2019Appel a ainsi d\u00e9cid\u00e9 de tripler le montant d\u00e9cid\u00e9 en premi\u00e8re instance, faisant <strong>grimper l\u2019amende de 40\u2009000 \u00e0 120\u2009000 euros.<\/strong><\/p>\n<p class=\" wall-content\">Dans un communiqu\u00e9, la CGT se f\u00e9licite dans un premier temps de la d\u00e9cision de la Cour d\u2019appel qui \u00ab\u2009signifie que les juges ont d\u00e9cid\u00e9 de durcir le ton vis-\u00e0-vis d\u2019un industriel\u2009\u00bb. Et le syndicat d\u2019ajouter\u2009: \u00ab\u2009Il faut d\u00e9sormais que le montant maximal des peines d\u2019amende soit d\u00e9plafonn\u00e9 et proportionnel au chiffre d\u2019affaires comme en mati\u00e8re de d\u00e9lits financiers et fiscaux\u2009\u00bb.<\/p>\n<p class=\" wall-content\">Toutefois, le syndicat se d\u00e9sole de la relaxe prononc\u00e9e contre le cadre, mis en cause dans l\u2019accident de 2016. La CGT y voit \u00ab\u2009un mauvais signal qui risque de d\u00e9responsabiliser les personnes physiques qui occupent des postes \u00e0 responsabilit\u00e9\u2009\u00bb.<\/p>\n<p>Vid\u00e9os : en ce moment sur Actu<\/p>\n<p class=\" wall-content\">Par ailleurs, toujours sur le terrain des batailles judiciaires, Total a \u00e9t\u00e9 renvoy\u00e9 devant le tribunal correctionnel suite \u00e0 la <a href=\"https:\/\/actu.fr\/normandie\/gonfreville-l-orcher_76305\/accident-mortel-du-travail-en-2019-a-la-raffinerie-pres-du-havre-nouveau-revers-pour-total_42547050.html\" rel=\"nofollow noopener\" target=\"_blank\">chute mortelle d\u2019un ouvrier survenue en 2019<\/a> dans cette m\u00eame raffinerie.<\/p>\n<p class=\" wall-content\">Suivez toute l\u2019actualit\u00e9 de vos villes et m\u00e9dias favoris en vous inscrivant \u00e0 <a href=\"https:\/\/moncompte.actu.fr\" title=\"D\u00e9couvez Mon Actu\" rel=\"nofollow noopener\" data-trk=\"{&quot;cta&quot;:{&quot;action&quot;:&quot;https:\\\/\\\/moncompte.actu.fr&quot;,&quot;category&quot;:&quot;mon compte&quot;,&quot;from&quot;:&quot;article footer&quot;,&quot;name&quot;:&quot;Mon actu&quot;,&quot;type&quot;:&quot;cta&quot;}}\" target=\"_blank\">Mon Actu<\/a>.<\/p>\n","protected":false},"excerpt":{"rendered":"Par Adrien Filoche Publi\u00e9 le 13 mai 2025 \u00e0 11h17 C\u2019est un revers judiciaire pour TotalEnergies. Ce lundi&hellip;\n","protected":false},"author":2,"featured_media":101962,"comment_status":"","ping_status":"","sticky":false,"template":"","format":"standard","meta":{"footnotes":""},"categories":[9587],"tags":[1111,11,1777,674,118,1011,27,303,12,5161,25,9590,13422,21767],"class_list":{"0":"post-101961","1":"post","2":"type-post","3":"status-publish","4":"format-standard","5":"has-post-thumbnail","7":"category-rouen","8":"tag-actu","9":"tag-actualites","10":"tag-eu","11":"tag-europe","12":"tag-faits-divers","13":"tag-fr","14":"tag-france","15":"tag-justice","16":"tag-news","17":"tag-normandie","18":"tag-republique-francaise","19":"tag-rouen","20":"tag-total","21":"tag-total-gonfreville"},"share_on_mastodon":{"url":"https:\/\/pubeurope.com\/@fr\/114511990138725462","error":""},"_links":{"self":[{"href":"https:\/\/www.europesays.com\/fr\/wp-json\/wp\/v2\/posts\/101961","targetHints":{"allow":["GET"]}}],"collection":[{"href":"https:\/\/www.europesays.com\/fr\/wp-json\/wp\/v2\/posts"}],"about":[{"href":"https:\/\/www.europesays.com\/fr\/wp-json\/wp\/v2\/types\/post"}],"author":[{"embeddable":true,"href":"https:\/\/www.europesays.com\/fr\/wp-json\/wp\/v2\/users\/2"}],"replies":[{"embeddable":true,"href":"https:\/\/www.europesays.com\/fr\/wp-json\/wp\/v2\/comments?post=101961"}],"version-history":[{"count":0,"href":"https:\/\/www.europesays.com\/fr\/wp-json\/wp\/v2\/posts\/101961\/revisions"}],"wp:featuredmedia":[{"embeddable":true,"href":"https:\/\/www.europesays.com\/fr\/wp-json\/wp\/v2\/media\/101962"}],"wp:attachment":[{"href":"https:\/\/www.europesays.com\/fr\/wp-json\/wp\/v2\/media?parent=101961"}],"wp:term":[{"taxonomy":"category","embeddable":true,"href":"https:\/\/www.europesays.com\/fr\/wp-json\/wp\/v2\/categories?post=101961"},{"taxonomy":"post_tag","embeddable":true,"href":"https:\/\/www.europesays.com\/fr\/wp-json\/wp\/v2\/tags?post=101961"}],"curies":[{"name":"wp","href":"https:\/\/api.w.org\/{rel}","templated":true}]}}