{"id":101967,"date":"2025-05-15T13:08:17","date_gmt":"2025-05-15T13:08:17","guid":{"rendered":"https:\/\/www.europesays.com\/fr\/101967\/"},"modified":"2025-05-15T13:08:17","modified_gmt":"2025-05-15T13:08:17","slug":"contrats-precaires-amiante-cse-restauration-des-entreprises-bretonnes-bientot-inspectees-2","status":"publish","type":"post","link":"https:\/\/www.europesays.com\/fr\/101967\/","title":{"rendered":"Contrats pr\u00e9caires, amiante, CSE, restauration: des entreprises bretonnes bient\u00f4t inspect\u00e9es"},"content":{"rendered":"<p><strong>\u00ab Contre les abus de contrats pr\u00e9caires<\/strong>. \u00bb La Direction r\u00e9gionale de l\u2019\u00e9conomie, de l\u2019emploi, du travail et des solidarit\u00e9s (Dreets) va d\u00e9cliner en Bretagne la campagne nationale de contr\u00f4les de l\u2019inspection du travail contre le recours abusifs aux contrats pr\u00e9caires.<\/p>\n<p><strong>\u00abCela a un impact sur la vie des travailleurs qui ont plus d\u2019accidents et de probl\u00e8mes de sant\u00e9\u00bb<\/strong>, explique V\u00e9ronique Thomas, adjoint \u00e0 la responsable du p\u00f4le politique du travail de la Dreets Bretagne. 172 entreprises bretonnes vont \u00eatre ainsi inspect\u00e9es, entre mai 2025 et mai 2026, en priorit\u00e9 dans l\u2019industrie agroalimentaire et le b\u00e2timent et les travaux publics (BTP). Car dans la r\u00e9gion, <strong>il y a une surrepr\u00e9sentation du recours \u00e0 l\u2019int\u00e9rim\u00bb<\/strong>, avec un taux 5, 9 %, quand il est de 4, 8 % au niveau national. Dans l\u2019agroalimentaire breton, c\u2019est 14 % (8, 3 % en France), 8 % dans le BTP et plus de 6 % dans les transports et l\u2019entreposage.<\/p>\n<p><strong>Lire aussi<\/strong> : <a href=\"https:\/\/rennes.maville.com\/actu\/actudet_-des-apprentis-pas-toujours-tres-bien-traites-selon-l-inspection-du-travail-dans-les-pays-de-la-loire-_53511-6793342_actu.Htm\" target=\"_blank\" rel=\"nofollow noopener\">Des apprentis pas toujours tr\u00e8s bien trait\u00e9s<\/a><\/p>\n<p>\t<img decoding=\"async\" src=\"https:\/\/www.europesays.com\/fr\/wp-content\/uploads\/2025\/05\/P35229269D6808562G_px_640_.jpg\" alt=\"photo h\u00e9l\u00e8ne avignon, responsable du p\u00f4le politique du travail de la dreets bretagne (direction r\u00e9gionale de l'\u00e9conomie, de l'emploi, du travail et des solidarit\u00e9s)  \u00a9  ouest-france\" width=\"640\" title=\" H\u00e9l\u00e8ne Avignon, responsable du p\u00f4le Politique du travail de la Dreets Bretagne (Direction r\u00e9gionale de l'\u00e9conomie, de l'emploi, du travail et des solidarit\u00e9s)   Ouest-France \"\/><\/p>\n<p class=\"elmt-legende\"> H\u00e9l\u00e8ne Avignon, responsable du p\u00f4le Politique du travail de la Dreets Bretagne (Direction r\u00e9gionale de l&rsquo;\u00e9conomie, de l&#8217;emploi, du travail et des solidarit\u00e9s)   Ouest-France <\/p>\n<p>\t<img decoding=\"async\" src=\"https:\/\/www.europesays.com\/fr\/wp-content\/uploads\/2025\/05\/P35229270D6808562G_px_640_.jpg\" alt=\"photo olivier capy, responsable de service; v\u00e9ronique thomas, adjointe \u00e0 la responsable du p\u00f4le travail; h\u00e9l\u00e8ne avignon, responsable du p\u00f4le politiques du travail de la dreets de bretagne; et thomas bonnet, inspecteur du travail.  \u00a9  ouest-france\" width=\"640\" title=\" Olivier Capy, responsable de service; V\u00e9ronique Thomas, adjointe \u00e0 la responsable du p\u00f4le Travail; H\u00e9l\u00e8ne Avignon, responsable du p\u00f4le politiques du travail de la Dreets de Bretagne; et Thomas Bonnet, inspecteur du travail.   Ouest-France \"\/><\/p>\n<p class=\"elmt-legende\"> Olivier Capy, responsable de service; V\u00e9ronique Thomas, adjointe \u00e0 la responsable du p\u00f4le Travail; H\u00e9l\u00e8ne Avignon, responsable du p\u00f4le politiques du travail de la Dreets de Bretagne; et Thomas Bonnet, inspecteur du travail.   Ouest-France <\/p>\n<p>Contr\u00f4les pour le \u00ab dialogue social \u00bb<\/p>\n<p>Sur la m\u00eame p\u00e9riode, la Drets Bretagne est \u00e0 l\u2019initiative aussi d\u2019une campagne pour v\u00e9rifier la bonne mise en place d\u2019un Comit\u00e9 social et \u00e9conomique (CSE) dans les entreprises de plus de 11 salari\u00e9s. Plus de 170 inspections sont \u00e9galement pr\u00e9vues. <strong>\u00ab Pour le moment, seulement 35 % des entreprises bretonnes de plus de onze salari\u00e9s ont mis en place un CSE \u00bb, <\/strong>conc\u00e8de V\u00e9ronique Thomas.<\/p>\n<p>Le fonctionnement et les moyens allou\u00e9s seront v\u00e9rifi\u00e9s, notamment la formation obligatoire des salari\u00e9s \u00e9lus. Les entreprises de plus de 300 salari\u00e9s seront \u00e9galement inspect\u00e9es sur la mise en place de la Commission sant\u00e9 s\u00e9curit\u00e9 condition de travail (CSSCT). <strong>\u00abLes manquement peuvent faire l\u2019objet de suites p\u00e9nales&#8230;\u00bb<\/strong> pr\u00e9vient la Dreets.<\/p>\n<p><strong>Lire aussi<\/strong>: <a href=\"https:\/\/fougeres.maville.com\/actu\/actudet_-en-ille-et-vilaine-pas-assez-d-inspecteurs-du-travail-alors-que-le-nombre-de-salaries-augmente-_7-6723167_actu.Htm\" target=\"_blank\" rel=\"nofollow noopener\">En Ille-et-Vilaine, \u00ab pas assez d\u2019inspecteurs du travail alors que le nombre de salari\u00e9s augmente \u00bb<\/a><\/p>\n<p>\t<img decoding=\"async\" src=\"https:\/\/www.europesays.com\/fr\/wp-content\/uploads\/2025\/05\/P35229271D6808562G_px_640_.jpg\" alt=\"photo v\u00e9ronique thomas, adjoint \u00e0 la responsable du p\u00f4le politique du travail de la dreets bretagne (direction r\u00e9gionale de l'\u00e9conomie, de l'emploi, du travail et des solidarit\u00e9s).  \u00a9  ouest-france\" width=\"640\" title=\" V\u00e9ronique Thomas, adjoint \u00e0 la responsable du p\u00f4le Politique du travail de la Dreets Bretagne (Direction r\u00e9gionale de l'\u00e9conomie, de l'emploi, du travail et des solidarit\u00e9s).   Ouest-France \"\/><\/p>\n<p class=\"elmt-legende\"> V\u00e9ronique Thomas, adjoint \u00e0 la responsable du p\u00f4le Politique du travail de la Dreets Bretagne (Direction r\u00e9gionale de l&rsquo;\u00e9conomie, de l&#8217;emploi, du travail et des solidarit\u00e9s).   Ouest-France <\/p>\n<p>Les caf\u00e9s et restaurants costarmoricains<\/p>\n<p>C\u2019est l\u2019une des deux campagnes d\u00e9partementales qui sont lanc\u00e9es et vont s\u2019\u00e9tendre pendant toute la saison estivale: <a href=\"https:\/\/bretagne.dreets.gouv.fr\/Campagne-departementale-de-l-inspection-du-travail-dans-les-Cotes-d-Armor-Cafes\" target=\"_blank\" rel=\"nofollow noopener\">le contr\u00f4le des caf\u00e9s-restaurants et enseignes de restauration rapide dans les C\u00f4tes d\u2019Armo<\/a>r. Une campagne qui sera men\u00e9e avec <a href=\"https:\/\/aist22.fr\/\" target=\"_blank\" rel=\"nofollow noopener\">l\u2019association interentreprises de sant\u00e9 au travail des C\u00f4tes d\u2019Armor (AIST22)<\/a>. Travail ill\u00e9gal, dur\u00e9e du temps de travail, l\u2019emploi des mineurs, les enjeux de sant\u00e9 et s\u00e9curit\u00e9&#8230; Ce sont les points sur lesquels les inspecteurs de la Dreets seront particuli\u00e8rement attentifs.<\/p>\n<p><strong>\u00abUne plaquette d\u2019information a \u00e9t\u00e9 \u00e9labor\u00e9e. Les contr\u00f4les seront pr\u00e9c\u00e9d\u00e9es d\u2019une p\u00e9riode d\u2019information<\/strong>, indique H\u00e9l\u00e8ne Avignon, responsable du p\u00f4le Politique du travail de la Dreets Bretagne. <strong>Un webinaire est \u00e9galement organis\u00e9 pour les salari\u00e9s et les chefs d\u2019entreprises. il aura lieu dans la matin\u00e9e du 3 juin\u00bb<\/strong>.<\/p>\n<p>Le d\u00e9samiantage des chantiers<\/p>\n<p>La seconde campagne de niveau d\u00e9partementale, men\u00e9e cette fois en Ille-et-Vilaine depuis ce mercredi 14 mai et jusqu\u2019\u00e0 la fin de l\u2019ann\u00e9e 2025, concernera les risques au travail inh\u00e9rents \u00e0 la pr\u00e9sence de l\u2019amiante sur des chantiers men\u00e9s par des entreprises de d\u00e9molition et de terrassement.<\/p>\n<p>\t<img decoding=\"async\" src=\"https:\/\/www.europesays.com\/fr\/wp-content\/uploads\/2025\/05\/P35229272D6808562G_px_640_.jpg\" alt=\"photo les risques au travail inh\u00e9rents \u00e0 la pr\u00e9sence de l\u2019amiante sur des chantiers men\u00e9s par des entreprises de d\u00e9molition et de terrassement feront l'objet d'une campagne des inspecteurs du travail d'ille-et-vilaine, jusqu'\u00e0 la fin de l'ann\u00e9e 2025.  \u00a9  ouest-france\" width=\"640\" title=\" Les risques au travail inh\u00e9rents \u00e0 la pr\u00e9sence de l\u2019amiante sur des chantiers men\u00e9s par des entreprises de d\u00e9molition et de terrassement feront l'objet d'une campagne des inspecteurs du travail d'Ille-et-Vilaine, jusqu'\u00e0 la fin de l'ann\u00e9e 2025.   Ouest-France \"\/><\/p>\n<p class=\"elmt-legende\"> Les risques au travail inh\u00e9rents \u00e0 la pr\u00e9sence de l\u2019amiante sur des chantiers men\u00e9s par des entreprises de d\u00e9molition et de terrassement feront l&rsquo;objet d&rsquo;une campagne des inspecteurs du travail d&rsquo;Ille-et-Vilaine, jusqu&rsquo;\u00e0 la fin de l&rsquo;ann\u00e9e 2025.   Ouest-France <\/p>\n<p>Elle sera fera en lien avec la Carsat (caisses d\u2019assurance retraite et de la sant\u00e9 au travail) et l\u2019OPPBTP (Organisme Professionnel de Pr\u00e9vention du B\u00e2timent et des Travaux Publics). <strong>\u00abDe pr\u00e9c\u00e9dents contr\u00f4les ont mis en lumi\u00e8re le d\u00e9faut de r\u00e9parage qui doit \u00eatre effectu\u00e9 avant les travaux, pas de plan de retrait non plus, des salari\u00e9s non form\u00e9s, ou encore l\u2019absence de mesures de restitution des chantiers\u00bb<\/strong>, d\u00e9taille H\u00e9l\u00e8ne Avignon.<\/p>\n<p>11650<\/p>\n<p>C\u2019est le nombre d\u2019interventions men\u00e9es en 2024 par les inspecteurs du travail en Bretagne, dont 62 % en contr\u00f4le sur les lieux de travail m\u00eame.<\/p>\n<p>4190 contr\u00f4le ont \u00e9t\u00e9 men\u00e9s pour la pr\u00e9vention des accidents du travail grave et mortels, entra\u00eenant 379 arr\u00eats de travaux en raisons de \u00absituations de danger grave et imminent\u00bb.<\/p>\n<p>\u00a0<\/p>\n","protected":false},"excerpt":{"rendered":"\u00ab Contre les abus de contrats pr\u00e9caires. \u00bb La Direction r\u00e9gionale de l\u2019\u00e9conomie, de l\u2019emploi, du travail et&hellip;\n","protected":false},"author":2,"featured_media":101591,"comment_status":"","ping_status":"","sticky":false,"template":"","format":"standard","meta":{"footnotes":""},"categories":[2821],"tags":[1111,11,21731,10334,829,21732,21729,19058,313,1777,674,1011,27,21733,12,21730,3086,584,25,2021],"class_list":{"0":"post-101967","1":"post","2":"type-post","3":"status-publish","4":"format-standard","5":"has-post-thumbnail","7":"category-rennes","8":"tag-actu","9":"tag-actualites","10":"tag-amiante","11":"tag-bientot","12":"tag-bretagne","13":"tag-bretonnes","14":"tag-contrats","15":"tag-cse","16":"tag-entreprises","17":"tag-eu","18":"tag-europe","19":"tag-fr","20":"tag-france","21":"tag-inspectees","22":"tag-news","23":"tag-precaires","24":"tag-redon","25":"tag-rennes","26":"tag-republique-francaise","27":"tag-restauration"},"share_on_mastodon":{"url":"https:\/\/pubeurope.com\/@fr\/114512009951575384","error":""},"_links":{"self":[{"href":"https:\/\/www.europesays.com\/fr\/wp-json\/wp\/v2\/posts\/101967","targetHints":{"allow":["GET"]}}],"collection":[{"href":"https:\/\/www.europesays.com\/fr\/wp-json\/wp\/v2\/posts"}],"about":[{"href":"https:\/\/www.europesays.com\/fr\/wp-json\/wp\/v2\/types\/post"}],"author":[{"embeddable":true,"href":"https:\/\/www.europesays.com\/fr\/wp-json\/wp\/v2\/users\/2"}],"replies":[{"embeddable":true,"href":"https:\/\/www.europesays.com\/fr\/wp-json\/wp\/v2\/comments?post=101967"}],"version-history":[{"count":0,"href":"https:\/\/www.europesays.com\/fr\/wp-json\/wp\/v2\/posts\/101967\/revisions"}],"wp:featuredmedia":[{"embeddable":true,"href":"https:\/\/www.europesays.com\/fr\/wp-json\/wp\/v2\/media\/101591"}],"wp:attachment":[{"href":"https:\/\/www.europesays.com\/fr\/wp-json\/wp\/v2\/media?parent=101967"}],"wp:term":[{"taxonomy":"category","embeddable":true,"href":"https:\/\/www.europesays.com\/fr\/wp-json\/wp\/v2\/categories?post=101967"},{"taxonomy":"post_tag","embeddable":true,"href":"https:\/\/www.europesays.com\/fr\/wp-json\/wp\/v2\/tags?post=101967"}],"curies":[{"name":"wp","href":"https:\/\/api.w.org\/{rel}","templated":true}]}}