{"id":101974,"date":"2025-05-15T13:12:10","date_gmt":"2025-05-15T13:12:10","guid":{"rendered":"https:\/\/www.europesays.com\/fr\/101974\/"},"modified":"2025-05-15T13:12:10","modified_gmt":"2025-05-15T13:12:10","slug":"cet-ete-le-festival-de-saint-paul-de-vence-promet-des-grands-noms-dans-des-lieux-dexception","status":"publish","type":"post","link":"https:\/\/www.europesays.com\/fr\/101974\/","title":{"rendered":"Cet \u00e9t\u00e9, le Festival de Saint-Paul-de-Vence promet des grands noms dans des lieux d\u2019exception"},"content":{"rendered":"<p>Des artistes d\u00e9j\u00e0 bien install\u00e9s. Et ceux qui le seront sans doute dans un avenir proche. Voil\u00e0 comment on pourrait d\u00e9finir le savoureux m\u00e9lange que tente de r\u00e9ussir chaque ann\u00e9e le Festival de Saint-Paul-de-Vence.<\/p>\n<p>Ses autres caract\u00e9ristiques? Sa dimension intimiste, sa capacit\u00e9 \u00e0 fid\u00e9liser les talents qu\u2019il accueille, mais aussi le fait d\u2019installer ses sc\u00e8nes dans des \u00e9crins particuli\u00e8rement prestigieux. Le \u00ab\u00a0QG\u00a0\u00bb de l\u2019\u00e9v\u00e9nement, c\u2019est la place de la Courtine, au c\u0153ur du village, avec sa vision panoramique.<\/p>\n<p>Partenaire historique de la manifestation, la Fondation Maeght accueille aussi des performances, forc\u00e9ment atypiques, dans le jardin du labyrinthe Mir\u00f3. En 2025, pour la premi\u00e8re fois, un nouveau spot sera explor\u00e9.<\/p>\n<p>Du c\u00f4t\u00e9 de la Fondation CAB, on pourra aussi s\u2019attendre \u00e0 un show particulier. Au total, cela donnera donc huit soir\u00e9es, balan\u00e7ant entre jazz et musique classique, avec un soup\u00e7on d\u2019\u00e9lectro, entre le 19 et le 27 juillet.<\/p>\n<p><strong>1. Deux pointures classiques pour commencer<\/strong><\/p>\n<p>\u00c0 l\u2019origine du Festival de Saint-Paul, dont il assure la direction artistique, le <b>Quatuor Modigliani<\/b>, consid\u00e9r\u00e9 comme une r\u00e9f\u00e9rence internationale, ouvrira le bal le 19 juillet. L\u2019occasion pour cette formation de naviguer entre les r\u00e9pertoires de Debussy, Haydn et Beethoven.<\/p>\n<p>Le 20 juillet, on restera dans la sph\u00e8re classique, avec la venue du<b> Trio Busch<\/b>, \u00e0 retrouver du c\u00f4t\u00e9 de la Fondation Maeght. Devenu une r\u00e9f\u00e9rence de la musique de chambre, le groupe a d\u2019abord explor\u00e9 Schubert et Dvo\u0159\u00e1k. \u00c0 Saint-Paul, ils se tourneront vers Mendelssohn, Beethoven et Frank Bridge.<\/p>\n<p><strong>2. Deux chanteuses inclassables pour continuer<\/strong><\/p>\n<p>Changement de registre, ensuite, le 21 juillet. Sur la place de la Courtine, on retrouvera la talentueuse <b>Gabi Hartmann<\/b>, chanteuse \u00e0 l\u2019\u00e2me voyageuse et tout-terrain.<\/p>\n<p>\u00ab\u00a0J\u2019ai toujours \u00e9t\u00e9 tr\u00e8s grand public. Dans ma mani\u00e8re d\u2019\u00e9crire des chansons, dans tout, j\u2019ai toujours \u00e9t\u00e9 plut\u00f4t folk. On a pu me mettre cette \u00e9tiquette jazz, m\u00eame si \u00e7a ne me correspond pas forc\u00e9ment au d\u00e9part\u00a0\u00bb, nous expliquait-elle en 2023, avant une date \u00e0 \u00c8ze, aux Nuits Dime On du Cap Estel.<\/p>\n<p>En sextet, elle pr\u00e9sentera La Femme aux yeux de sel, son deuxi\u00e8me album.<\/p>\n<p>Le 22 juillet, autre voix magique \u00e0 l\u2019affiche. <b>C\u00e9lia Kameni<\/b> d\u00e9barquera avec M\u00e9duse, un tr\u00e8s beau projet avec lequel elle avait envo\u00fbt\u00e9 le public de Jazz \u00e0 Valrose, l\u2019an dernier. Qu\u2019elle d\u00e9finit elle-m\u00eame comme un m\u00e9lange entre \u00ab\u00a0sensibilit\u00e9 et profondeur, avec un c\u00f4t\u00e9 planant\u00a0\u00bb.<\/p>\n<p>L\u00e0 encore, le carcan jazz volera en \u00e9clats, pour laisser place \u00e0 une \u00e9mancipation. \u00ab\u00a0Pendant longtemps, j\u2019ai \u00e9t\u00e9 au service des id\u00e9es et des envies des autres, avec plaisir. L\u00e0, j\u2019essaye vraiment de changer de r\u00f4le et de voir si cela me convient\u00a0\u00bb, glissait C\u00e9lia Kameni en 2024. Le chemin emprunt\u00e9 depuis semble lui convenir\u2026<\/p>\n<p><strong>3. Un ch\u0153ur a cappella, une fusion \u00e9lectro-viole de gambe<\/strong><\/p>\n<p>La suite du programme r\u00e9servera d\u2019autres surprises. Le 24 juillet, place aux <b>King\u2019s Singers<\/b>, parfois qualifi\u00e9s de \u00ab\u00a0Beatles du ch\u0153ur a cappella\u00a0\u00bb. Depuis sa formation en 1968 au King\u2019s College de Cambridge, le groupe fa\u00e7onne sa l\u00e9gende \u00e0 coup de Grammy et d\u2019Emmy Awards. Dans ses cordes? Aussi bien du Gershwin que les Beach Boys ou Lennon et McCartney. De quoi \u00e9veiller la curiosit\u00e9.<\/p>\n<p>Curiosit\u00e9 maximale, \u00e9galement, pour le concert de <b>Valentin Tournet <\/b>et <b>Djedjotronic<\/b>. Le premier qui joue de la viole de gambe est devenu le premier sp\u00e9cialiste de son instrument \u00e0 \u00eatre nomm\u00e9 aux Victoires de la musique classique. Le second excelle derri\u00e8re les platines et a notamment collabor\u00e9 avec Miss Kittin, reine de l\u2019\u00e9lectroclash, ou encore l\u2019Allemand Boys Noize. Cette association inattendue, \u00e0 d\u00e9couvrir le 25 juillet \u00e0 la Fondation CAB, explorera \u00ab\u00a0l\u2019alt\u00e9rit\u00e9, des mutations technologiques et de notre rapport au changement\u00a0\u00bb.<\/p>\n<p><strong>4. Des pianistes virtuoses et un \u00ab\u00a0vieil ami\u00a0\u00bb renomm\u00e9<\/strong><\/p>\n<p>La derni\u00e8re ligne droite du Festival, plus acad\u00e9mique (quoique\u2026 mais pas moins emballante, loin de l\u00e0. Retour place de la Courtine les 26 et 27 juillet, d\u2019abord avec le duo de pianistes <b>Beatrice Rana <\/b>et<b> Massimo Spada<\/b>. Des virtuoses qui embarqueront le public dans un registre assez surnaturel et f\u00e9erique.<\/p>\n<p>Et pour finir, les Saint-Paulois retrouveront <b>Renaud Capu\u00e7on<\/b>, figure de proue du violon classique en France, d\u00e9j\u00e0 programm\u00e9 dans ce festival il y a dix ans. Pour cette nouvelle halte, il sera accompagn\u00e9 par le pianiste <b>Guillaume Bellom<\/b>, avec lequel il s\u2019aventurera dans le romantisme de Robert Schumann et Johannes Brahms.<\/p>\n<p>Festival de Saint-Paul. De 26 \u00e0 39 euros la soir\u00e9e, r\u00e9duit \u00e0 15 euros. Rens. festivalsaintpauldevence.com<\/p>\n","protected":false},"excerpt":{"rendered":"Des artistes d\u00e9j\u00e0 bien install\u00e9s. Et ceux qui le seront sans doute dans un avenir proche. Voil\u00e0 comment&hellip;\n","protected":false},"author":2,"featured_media":101975,"comment_status":"","ping_status":"","sticky":false,"template":"","format":"standard","meta":{"footnotes":""},"categories":[2819],"tags":[1111,11,4156,251,1777,674,1011,27,12,2401,882,25],"class_list":{"0":"post-101974","1":"post","2":"type-post","3":"status-publish","4":"format-standard","5":"has-post-thumbnail","7":"category-nice","8":"tag-actu","9":"tag-actualites","10":"tag-concerts","11":"tag-culture","12":"tag-eu","13":"tag-europe","14":"tag-fr","15":"tag-france","16":"tag-news","17":"tag-nice","18":"tag-provence-alpes-cote-dazur","19":"tag-republique-francaise"},"share_on_mastodon":{"url":"https:\/\/pubeurope.com\/@fr\/114512025609578895","error":""},"_links":{"self":[{"href":"https:\/\/www.europesays.com\/fr\/wp-json\/wp\/v2\/posts\/101974","targetHints":{"allow":["GET"]}}],"collection":[{"href":"https:\/\/www.europesays.com\/fr\/wp-json\/wp\/v2\/posts"}],"about":[{"href":"https:\/\/www.europesays.com\/fr\/wp-json\/wp\/v2\/types\/post"}],"author":[{"embeddable":true,"href":"https:\/\/www.europesays.com\/fr\/wp-json\/wp\/v2\/users\/2"}],"replies":[{"embeddable":true,"href":"https:\/\/www.europesays.com\/fr\/wp-json\/wp\/v2\/comments?post=101974"}],"version-history":[{"count":0,"href":"https:\/\/www.europesays.com\/fr\/wp-json\/wp\/v2\/posts\/101974\/revisions"}],"wp:featuredmedia":[{"embeddable":true,"href":"https:\/\/www.europesays.com\/fr\/wp-json\/wp\/v2\/media\/101975"}],"wp:attachment":[{"href":"https:\/\/www.europesays.com\/fr\/wp-json\/wp\/v2\/media?parent=101974"}],"wp:term":[{"taxonomy":"category","embeddable":true,"href":"https:\/\/www.europesays.com\/fr\/wp-json\/wp\/v2\/categories?post=101974"},{"taxonomy":"post_tag","embeddable":true,"href":"https:\/\/www.europesays.com\/fr\/wp-json\/wp\/v2\/tags?post=101974"}],"curies":[{"name":"wp","href":"https:\/\/api.w.org\/{rel}","templated":true}]}}