{"id":1019770,"date":"2026-06-23T20:54:24","date_gmt":"2026-06-23T20:54:24","guid":{"rendered":"https:\/\/www.europesays.com\/fr\/1019770\/"},"modified":"2026-06-23T20:54:24","modified_gmt":"2026-06-23T20:54:24","slug":"dommartin-sous-amance-les-aides-scolaires-maintenues-malgre-lopposition-du-maire","status":"publish","type":"post","link":"https:\/\/www.europesays.com\/fr\/1019770\/","title":{"rendered":"Dommartin-sous-Amance. Les aides scolaires maintenues malgr\u00e9 l\u2019opposition du maire"},"content":{"rendered":"<p>Les \u00e9lus de Dommartin-sous-Amance, r\u00e9unis en conseil municipal, ont adopt\u00e9 l\u2019ensemble des d\u00e9lib\u00e9rations inscrites \u00e0 l\u2019ordre du jour. Trois \u00e9lus \u00e9taient excus\u00e9s. Les votes ont \u00e9t\u00e9 unanimes, sauf sur la question des bons scolaires attribu\u00e9s aux familles d\u2019enfants scolaris\u00e9s dans le regroupement p\u00e9dagogique du Grand Couronn\u00e9, \u00e0 l\u2019\u00e9cole du Pain-de-Sucre, \u00e0 Agincourt.<\/p>\n<p>Dominique Mathey, maire, a marqu\u00e9 son opposition au maintien de cette aide&#8230;.<\/p>\n","protected":false},"excerpt":{"rendered":"Les \u00e9lus de Dommartin-sous-Amance, r\u00e9unis en conseil municipal, ont adopt\u00e9 l\u2019ensemble des d\u00e9lib\u00e9rations inscrites \u00e0 l\u2019ordre du jour.&hellip;\n","protected":false},"author":2,"featured_media":1019771,"comment_status":"","ping_status":"","sticky":false,"template":"","format":"standard","meta":{"footnotes":"","_share_on_mastodon":"0"},"categories":[9635],"tags":[1111,11,12080,1984,20383,1704,1777,674,1011,27,775,1702,12,316,25],"class_list":["post-1019770","post","type-post","status-publish","format-standard","has-post-thumbnail","category-nancy","tag-actu","tag-actualites","tag-cc-de-seille-et-grand-couronne-54b","tag-conseil-municipal","tag-dommartin-sous-amance","tag-edition-nancy-et-agglomeration","tag-eu","tag-europe","tag-fr","tag-france","tag-grand-est","tag-nancy","tag-news","tag-politique","tag-republique-francaise"],"share_on_mastodon":{"url":"https:\/\/pubeurope.com\/@fr\/116801415890594912","error":""},"_links":{"self":[{"href":"https:\/\/www.europesays.com\/fr\/wp-json\/wp\/v2\/posts\/1019770","targetHints":{"allow":["GET"]}}],"collection":[{"href":"https:\/\/www.europesays.com\/fr\/wp-json\/wp\/v2\/posts"}],"about":[{"href":"https:\/\/www.europesays.com\/fr\/wp-json\/wp\/v2\/types\/post"}],"author":[{"embeddable":true,"href":"https:\/\/www.europesays.com\/fr\/wp-json\/wp\/v2\/users\/2"}],"replies":[{"embeddable":true,"href":"https:\/\/www.europesays.com\/fr\/wp-json\/wp\/v2\/comments?post=1019770"}],"version-history":[{"count":0,"href":"https:\/\/www.europesays.com\/fr\/wp-json\/wp\/v2\/posts\/1019770\/revisions"}],"wp:featuredmedia":[{"embeddable":true,"href":"https:\/\/www.europesays.com\/fr\/wp-json\/wp\/v2\/media\/1019771"}],"wp:attachment":[{"href":"https:\/\/www.europesays.com\/fr\/wp-json\/wp\/v2\/media?parent=1019770"}],"wp:term":[{"taxonomy":"category","embeddable":true,"href":"https:\/\/www.europesays.com\/fr\/wp-json\/wp\/v2\/categories?post=1019770"},{"taxonomy":"post_tag","embeddable":true,"href":"https:\/\/www.europesays.com\/fr\/wp-json\/wp\/v2\/tags?post=1019770"}],"curies":[{"name":"wp","href":"https:\/\/api.w.org\/{rel}","templated":true}]}}