{"id":101994,"date":"2025-05-15T13:22:09","date_gmt":"2025-05-15T13:22:09","guid":{"rendered":"https:\/\/www.europesays.com\/fr\/101994\/"},"modified":"2025-05-15T13:22:09","modified_gmt":"2025-05-15T13:22:09","slug":"une-note-de-la-police-judiciaire-alerte-sur-lexpansion-des-violences-criminelles","status":"publish","type":"post","link":"https:\/\/www.europesays.com\/fr\/101994\/","title":{"rendered":"une note de la police judiciaire alerte sur l&rsquo;expansion des violences criminelles"},"content":{"rendered":"<p class=\"rev-margin-0 rev-text-xs-normal\">Le document de 4 pages est r\u00e9dig\u00e9 par le Service d&rsquo;information, de renseignement et d&rsquo;analyse sur la criminalit\u00e9 organis\u00e9e, un service de la Direction nationale de la Police Judiciaire.<\/p>\n<p class=\"rev-margin-0 rev-text-xs-bold\">Photo d&rsquo;illustration F.B.<\/p>\n<p>La <a href=\"https:\/\/www.laprovence.com\/article\/faits-divers-justice\/9837714353100314\/l-ombre-du-gang-marseillais-dz-mafia-derriere-les-attaques-de-prison\" target=\"_blank\" rel=\"noopener\">DZ Mafia<\/a>, le \u00ab\u00a0savoir-faire marseillais\u00a0\u00bb\u2026 le crime organis\u00e9 de Marseille est largement cit\u00e9 dans une note du Service d\u2019information, de renseignement et d\u2019analyse sur la criminalit\u00e9 organis\u00e9e (Sirasco). Le rapport confidentiel, d\u00e9voil\u00e9 par <a href=\"https:\/\/www.leparisien.fr\/faits-divers\/enlevements-narcotrafic-comment-la-france-est-menacee-par-la-gangrene-mafieuse-14-05-2025-75CC6K5SR5DF3DATSRM5ZQYICI.php\" target=\"_blank\" rel=\"noopener\">Le Parisien<\/a> puis consult\u00e9 par d\u2019autres m\u00e9dias, alerte sur la mont\u00e9e des \u00ab\u00a0violences criminelles\u00a0\u00bb en France.<\/p>\n<p>La Sirasco d\u00e9nonce aussi \u00ab\u00a0la mont\u00e9e en puissance de certains groupes, comme la DZ Mafia, pourrait faire peser <strong>des risques sur les institutions<\/strong>\u00a0\u00bb et ses repr\u00e9sentants. Une pratique jusque-l\u00e0 plut\u00f4t r\u00e9pandue en Italie ou aux Pays-Bas, mais qui commence \u00e0 prendre de l\u2019ampleur en France. Les auteurs estiment qu\u2019une \u00ab\u00a0frange de la criminalit\u00e9 organis\u00e9e cherche d\u00e9lib\u00e9r\u00e9ment \u00e0 instaurer un rapport de force avec l\u2019\u00c9tat\u00a0\u00bb.<\/p>\n<p>\u00c0 Marseille, <a href=\"https:\/\/www.laprovence.com\/article\/faits-divers-justice\/2118203236761515\/menacee-de-mort-par-un-chef-de-la-dz-mafia-la-directrice-de-la-prison-des-baumettes-placee-sous-protection\" target=\"_blank\" rel=\"noopener\">la directrice de la prison des Baumettes a \u00e9t\u00e9 menac\u00e9e de mort<\/a> fin\u00a02024 par un chef de la DZ Mafia. Elle avait \u00e9t\u00e9 plac\u00e9e sous protection, le 6\u00a0d\u00e9cembre. \u00ab\u00a0Une diversification des cibles s\u2019observe\u00a0\u00bb, souligne la Sirasco.<\/p>\n<p>\u00ab\u00a0Ub\u00e9risation de la violence\u00a0\u00bb<\/p>\n<p>La note appelle aussi \u00e0 la vigilance quant \u00e0 la multiplication des tueurs recrut\u00e9s via messagerie crypt\u00e9e, une \u00ab\u00a0ub\u00e9risation de la violence\u00a0\u00bb. Dans la r\u00e9gion, plusieurs affaires ont eu lieu ces derniers mois. Un <a href=\"https:\/\/www.laprovence.com\/article\/region\/2552617613093314\/marseille-comment-la-guerre-des-clans-a-la-belle-de-mai-a-conduit-a-lassassinat-de-nessim-ramdane-et-dun-ado-de-15-ans-brule-vif\" target=\"_blank\" rel=\"noopener\">adolescent de 15\u00a0ans<\/a> a \u00e9t\u00e9 tu\u00e9 \u00e0 Marseille le 2\u00a0octobre alors qu\u2019il effectuait <strong>un contrat pour lequel il avait \u00e9t\u00e9 recrut\u00e9, via les r\u00e9seaux sociaux<\/strong>, <a href=\"https:\/\/www.laprovence.com\/article\/faits-divers-justice\/1950831276139315\/apres-le-recrutement-dun-tueur-depuis-la-prison-de-luynes-le-ministre-de-la-justice-diligente-une-inspection\" target=\"_blank\" rel=\"noopener\">par un homme de 23\u00a0ans d\u00e9tenu au centre p\u00e9nitentiaire de Luynes<\/a>. Deux jours plus tard, une victime collat\u00e9rale, le <a href=\"https:\/\/www.laprovence.com\/article\/faits-divers-justice\/1920656600028414\/homicide-de-la-belle-de-mai-nessim-ramdane-victime-innocente-footballeur-amateur-reconnu-et-pere-de-famille\" target=\"_blank\" rel=\"noopener\">chauffeur VTC Nessim Ramdane<\/a>, 36\u00a0ans, a \u00e9t\u00e9 tu\u00e9 par un gar\u00e7on de 14\u00a0ans qui avait \u00e9t\u00e9 recrut\u00e9 par le m\u00eame d\u00e9tenu.<\/p>\n<p>\u00ab\u00a0Le fait de faire appel \u00e0 des tiers rend l\u2019identification du commanditaire plus complexe et diminue le risque de reconnaissance par des t\u00e9moins des ex\u00e9cutants. Des clans perpignanais en conflit avaient ainsi fait appel \u00e0 des mercenaires bulgares et \u00e0 une \u00e9quipe de tueurs marseillais\u00a0\u00bb, pr\u00e9cise le document.<\/p>\n<p>Et de poursuivre\u00a0: \u00ab\u00a0Aujourd\u2019hui, le &lsquo;savoir-faire&rsquo; marseillais s\u2019exporte sur tout le territoire, tandis que des \u00e9quipes professionnelles originaires d\u2019\u00cele-de-France agissent \u00e0 Toulouse, Rennes, Amiens, Lyon, Nice, mais aussi \u00e0 Marseille\u201d.<\/p>\n","protected":false},"excerpt":{"rendered":"Le document de 4 pages est r\u00e9dig\u00e9 par le Service d&rsquo;information, de renseignement et d&rsquo;analyse sur la criminalit\u00e9&hellip;\n","protected":false},"author":2,"featured_media":101995,"comment_status":"","ping_status":"","sticky":false,"template":"","format":"standard","meta":{"footnotes":""},"categories":[2814],"tags":[930,17,1111,11,1777,674,274,1011,27,761,884,12,377,1072,882,25,21769,6939,96],"class_list":{"0":"post-101994","1":"post","2":"type-post","3":"status-publish","4":"format-standard","5":"has-post-thumbnail","7":"category-marseille","8":"tag-le","9":"tag-17","10":"tag-actu","11":"tag-actualites","12":"tag-eu","13":"tag-europe","14":"tag-faits-divers-justice","15":"tag-fr","16":"tag-france","17":"tag-marseillais","18":"tag-marseille","19":"tag-news","20":"tag-note","21":"tag-police","22":"tag-provence-alpes-cote-dazur","23":"tag-republique-francaise","24":"tag-sexporte","25":"tag-savoir-faire","26":"tag-une"},"share_on_mastodon":{"url":"https:\/\/pubeurope.com\/@fr\/114512064944226148","error":""},"_links":{"self":[{"href":"https:\/\/www.europesays.com\/fr\/wp-json\/wp\/v2\/posts\/101994","targetHints":{"allow":["GET"]}}],"collection":[{"href":"https:\/\/www.europesays.com\/fr\/wp-json\/wp\/v2\/posts"}],"about":[{"href":"https:\/\/www.europesays.com\/fr\/wp-json\/wp\/v2\/types\/post"}],"author":[{"embeddable":true,"href":"https:\/\/www.europesays.com\/fr\/wp-json\/wp\/v2\/users\/2"}],"replies":[{"embeddable":true,"href":"https:\/\/www.europesays.com\/fr\/wp-json\/wp\/v2\/comments?post=101994"}],"version-history":[{"count":0,"href":"https:\/\/www.europesays.com\/fr\/wp-json\/wp\/v2\/posts\/101994\/revisions"}],"wp:featuredmedia":[{"embeddable":true,"href":"https:\/\/www.europesays.com\/fr\/wp-json\/wp\/v2\/media\/101995"}],"wp:attachment":[{"href":"https:\/\/www.europesays.com\/fr\/wp-json\/wp\/v2\/media?parent=101994"}],"wp:term":[{"taxonomy":"category","embeddable":true,"href":"https:\/\/www.europesays.com\/fr\/wp-json\/wp\/v2\/categories?post=101994"},{"taxonomy":"post_tag","embeddable":true,"href":"https:\/\/www.europesays.com\/fr\/wp-json\/wp\/v2\/tags?post=101994"}],"curies":[{"name":"wp","href":"https:\/\/api.w.org\/{rel}","templated":true}]}}