{"id":102006,"date":"2025-05-15T13:28:09","date_gmt":"2025-05-15T13:28:09","guid":{"rendered":"https:\/\/www.europesays.com\/fr\/102006\/"},"modified":"2025-05-15T13:28:09","modified_gmt":"2025-05-15T13:28:09","slug":"un-chauffeur-de-bus-ratp-roue-de-coups-par-un-automobiliste","status":"publish","type":"post","link":"https:\/\/www.europesays.com\/fr\/102006\/","title":{"rendered":"un chauffeur de bus RATP rou\u00e9 de coups par un automobiliste"},"content":{"rendered":"<p>            Par<br \/>\n        <strong><br \/>\n            <a href=\"https:\/\/actu.fr\/auteur\/antoine-blanchet\" title=\"Consulter tous les articles de Antoine Blanchet\" rel=\"nofollow noopener\" target=\"_blank\">Antoine Blanchet<\/a><br \/>\n        <\/strong><\/p>\n<p>        Publi\u00e9 le<\/p>\n<p>            12 mai 2025 \u00e0 16h04        <\/p>\n<p>Des faits d\u2019une rare violence. Dimanche 11\u00a0mai 2025, <a href=\"https:\/\/actu.fr\/tag\/ratp\" rel=\"nofollow noopener\" target=\"_blank\">un conducteur de bus RATP<\/a><strong> a \u00e9t\u00e9 agress\u00e9 par un automobiliste<\/strong> \u00e0 <a href=\"https:\/\/actu.fr\/ile-de-france\/saint-ouen-sur-seine_93070\" rel=\"nofollow noopener\" target=\"_blank\">Saint-Ouen<\/a> (<a href=\"https:\/\/actu.fr\/ile-de-france\/seine-saint-denis_93\" rel=\"nofollow noopener\" target=\"_blank\">Seine-Saint-Denis<\/a>), nous indique la r\u00e9gie des transports dans un communiqu\u00e9. La victime a \u00e9t\u00e9 hospitalis\u00e9e. L\u2019auteur interpell\u00e9.<\/p>\n<p>Frapp\u00e9 \u00e0 coups de barre de fer<\/p>\n<p class=\" wall-content\">Vers 18h15, le chauffeur effectuait le trajet habituel de la ligne 255, lorsqu\u2019<strong>entre les arr\u00eats Michelet-Rosiers et Docteur-Bauer<\/strong>, une altercation a \u00e9clat\u00e9 avec un automobiliste. L\u2019employ\u00e9 RATP aurait demand\u00e9 au conducteur de d\u00e9placer son v\u00e9hicule qui l\u2019emp\u00eachait de passer et ce dernier l\u2019aurait alors insult\u00e9 et frapp\u00e9, pr\u00e9cisent nos confr\u00e8res du <a href=\"https:\/\/www.leparisien.fr\/seine-saint-denis-93\/les-chauffeurs-en-ont-marre-a-saint-ouen-un-conducteur-de-bus-roue-de-coups-par-un-automobiliste-12-05-2025-WZAKSHXK7FBRVMJK5O535UZZ3Q.php\" rel=\"nofollow noopener\" target=\"_blank\">Parisien<\/a>.<\/p>\n<p>L\u2019automobiliste interpell\u00e9<\/p>\n<p class=\" wall-content\">La victime, touch\u00e9e \u00e0 la t\u00eate, est aussi insult\u00e9e par d\u2019autres individus pr\u00e9sents. Apr\u00e8s \u00eatre revenu au terminus, le chauffeur a \u00e9t\u00e9 hospitalis\u00e9, nous indique la RATP. La r\u00e9gie des transports a d\u00e9clar\u00e9 \u00ab\u2009condamner avec la plus grande fermet\u00e9 cet agissement inacceptable\u2009\u00bb. L\u2019auteur des faits a \u00e9t\u00e9 plac\u00e9 en garde \u00e0 vue.<\/p>\n<p class=\" wall-content\">Suivez toute l\u2019actualit\u00e9 de vos villes et m\u00e9dias favoris en vous inscrivant \u00e0 <a href=\"https:\/\/moncompte.actu.fr\" title=\"D\u00e9couvez Mon Actu\" rel=\"nofollow noopener\" data-trk=\"{&quot;cta&quot;:{&quot;action&quot;:&quot;https:\\\/\\\/moncompte.actu.fr&quot;,&quot;category&quot;:&quot;mon compte&quot;,&quot;from&quot;:&quot;article footer&quot;,&quot;name&quot;:&quot;Mon actu&quot;,&quot;type&quot;:&quot;cta&quot;}}\" target=\"_blank\">Mon Actu<\/a>.<\/p>\n","protected":false},"excerpt":{"rendered":"Par Antoine Blanchet Publi\u00e9 le 12 mai 2025 \u00e0 16h04 Des faits d\u2019une rare violence. Dimanche 11\u00a0mai 2025,&hellip;\n","protected":false},"author":2,"featured_media":102007,"comment_status":"","ping_status":"","sticky":false,"template":"","format":"standard","meta":{"footnotes":""},"categories":[1888],"tags":[1111,1928,11,1927,1777,674,118,1011,27,12,1926,626,1925,625,25],"class_list":{"0":"post-102006","1":"post","2":"type-post","3":"status-publish","4":"format-standard","5":"has-post-thumbnail","7":"category-paris","8":"tag-actu","9":"tag-actu-paris","10":"tag-actualites","11":"tag-actualites-paris","12":"tag-eu","13":"tag-europe","14":"tag-faits-divers","15":"tag-fr","16":"tag-france","17":"tag-news","18":"tag-news-paris","19":"tag-paris","20":"tag-paris-news","21":"tag-ratp","22":"tag-republique-francaise"},"share_on_mastodon":{"url":"https:\/\/pubeurope.com\/@fr\/114512088492190507","error":""},"_links":{"self":[{"href":"https:\/\/www.europesays.com\/fr\/wp-json\/wp\/v2\/posts\/102006","targetHints":{"allow":["GET"]}}],"collection":[{"href":"https:\/\/www.europesays.com\/fr\/wp-json\/wp\/v2\/posts"}],"about":[{"href":"https:\/\/www.europesays.com\/fr\/wp-json\/wp\/v2\/types\/post"}],"author":[{"embeddable":true,"href":"https:\/\/www.europesays.com\/fr\/wp-json\/wp\/v2\/users\/2"}],"replies":[{"embeddable":true,"href":"https:\/\/www.europesays.com\/fr\/wp-json\/wp\/v2\/comments?post=102006"}],"version-history":[{"count":0,"href":"https:\/\/www.europesays.com\/fr\/wp-json\/wp\/v2\/posts\/102006\/revisions"}],"wp:featuredmedia":[{"embeddable":true,"href":"https:\/\/www.europesays.com\/fr\/wp-json\/wp\/v2\/media\/102007"}],"wp:attachment":[{"href":"https:\/\/www.europesays.com\/fr\/wp-json\/wp\/v2\/media?parent=102006"}],"wp:term":[{"taxonomy":"category","embeddable":true,"href":"https:\/\/www.europesays.com\/fr\/wp-json\/wp\/v2\/categories?post=102006"},{"taxonomy":"post_tag","embeddable":true,"href":"https:\/\/www.europesays.com\/fr\/wp-json\/wp\/v2\/tags?post=102006"}],"curies":[{"name":"wp","href":"https:\/\/api.w.org\/{rel}","templated":true}]}}