{"id":1020130,"date":"2026-06-24T00:50:20","date_gmt":"2026-06-24T00:50:20","guid":{"rendered":"https:\/\/www.europesays.com\/fr\/1020130\/"},"modified":"2026-06-24T00:50:20","modified_gmt":"2026-06-24T00:50:20","slug":"meurtre-de-theo-11-ans-etrangle-a-rennes-la-police-recherche-une-temoin-qui-aurait-assiste-aux-faits","status":"publish","type":"post","link":"https:\/\/www.europesays.com\/fr\/1020130\/","title":{"rendered":"Meurtre de Th\u00e9o 11\u00a0ans, \u00e9trangl\u00e9 \u00e0 Rennes\u00a0: la police recherche une t\u00e9moin qui aurait assist\u00e9 aux faits"},"content":{"rendered":"<p>\n                Article premium,<br \/>\n                    R\u00e9serv\u00e9 aux\u00a0abonn\u00e9s\n            <\/p>\n<p class=\"su-standfirst chapeau\">La police judiciaire a lanc\u00e9 un appel \u00e0 t\u00e9moignages sur les r\u00e9seaux sociaux, mardi 23\u00a0juin 2026, pour tenter de retrouver une t\u00e9moin qui aurait assist\u00e9 au meurtre de Th\u00e9o, fin mai\u00a02026, \u00e0 Rennes\u00a0(Ille-et-Vilaine). Une femme qui ne se serait pas pr\u00e9sent\u00e9e aux services d\u2019enqu\u00eate.<\/p>\n<p>                                        <img decoding=\"async\" class=\"su-media\" src=\"https:\/\/media.ouest-france.fr\/v1\/pictures\/MjAyNjA2NTFkNTM3NTJiYjNjZjIzZjQ1ODY5NDRiZjk5MjVhMjU?width=1260&amp;height=708&amp;focuspoint=50%2C25&amp;cropresize=1&amp;client_id=bpeditorial&amp;sign=307c78739b568e96b69e4b798043f7e72e0973d8af6647a7deba46a064d20a23\" alt=\"Le corps de Th\u00e9o, 11\u00a0ans, avait \u00e9t\u00e9 d\u00e9couvert inanim\u00e9, sur les berges de la Vilaine dans le centre-ville de Rennes.\"  \/><\/p>\n<p>                            Le corps de Th\u00e9o, 11\u00a0ans, avait \u00e9t\u00e9 d\u00e9couvert inanim\u00e9, sur les berges de la Vilaine dans le centre-ville de Rennes. | JUSTIN PICAUD \/ OUEST-FRANCE<\/p>\n<p>                            fermer<\/p>\n<ul class=\"su-row su-carrousel-container su-not-list\" data-suswipe=\"{\" rambo=\"\" .carrousel-nav-bas=\"\" .item=\"\">\n<li class=\"su-col-xs-6 su-col-md-24 carrousel-contenu su-carrousel-item\" data-ofvwidth=\"{\" mobileonly=\"\"><img decoding=\"async\" data-ofmaxheight=\"\" class=\"su-media lazyload\" alt=\"Le corps de Th\u00e9o, 11\u00a0ans, avait \u00e9t\u00e9 d\u00e9couvert inanim\u00e9, sur les berges de la Vilaine dans le centre-ville de Rennes.\" src=\"data:image\/png;base64,iVBORw0KGgoAAAANSUhEUgAAABAAAAAJCAYAAAA7KqwyAAAAGXRFWHRTb2Z0d2FyZQBBZG9iZSBJbWFnZVJlYWR5ccllPAAAABhJREFUeNpi\/P\/\/PwMlgHHUgFEDgAAgwAD+lBrvy+NcxAAAAABJRU5ErkJggg==\" data-oflazyload=\"{&quot;srcset&quot;:&quot;https:\/\/media.ouest-france.fr\/v1\/pictures\/MjAyNjA2NTFkNTM3NTJiYjNjZjIzZjQ1ODY5NDRiZjk5MjVhMjU?width=320&amp;focuspoint=50%2C25&amp;cropresize=1&amp;client_id=bpeditorial&amp;sign=a83b0ae0c3b1c9a6a39bf3537f6db91ea36c874136f527b6a5c41e1f9de4b512 320w,https:\/\/media.ouest-france.fr\/v1\/pictures\/MjAyNjA2NTFkNTM3NTJiYjNjZjIzZjQ1ODY5NDRiZjk5MjVhMjU?width=375&amp;focuspoint=50%2C25&amp;cropresize=1&amp;client_id=bpeditorial&amp;sign=9a97344a8a6ed086b217cd83dd67dab13043a69f76d814eea832ff31ce22a9b2 360w,https:\/\/media.ouest-france.fr\/v1\/pictures\/MjAyNjA2NTFkNTM3NTJiYjNjZjIzZjQ1ODY5NDRiZjk5MjVhMjU?width=480&amp;focuspoint=50%2C25&amp;cropresize=1&amp;client_id=bpeditorial&amp;sign=bf112febfe7b90f133d7a2c6ed156503b4dba237e8fc0c16d419bda7194d9db3 480w,https:\/\/media.ouest-france.fr\/v1\/pictures\/MjAyNjA2NTFkNTM3NTJiYjNjZjIzZjQ1ODY5NDRiZjk5MjVhMjU?width=630&amp;focuspoint=50%2C25&amp;cropresize=1&amp;client_id=bpeditorial&amp;sign=9b56829530acb0da0d3b0284ae8e8a53e32c8a58a532666fbd5712bb3e58a178 630w,https:\/\/media.ouest-france.fr\/v1\/pictures\/MjAyNjA2NTFkNTM3NTJiYjNjZjIzZjQ1ODY5NDRiZjk5MjVhMjU?width=940&amp;focuspoint=50%2C25&amp;cropresize=1&amp;client_id=bpeditorial&amp;sign=696784b50eabf82a7518b22d34d23c8f5cfb72ae6959844d9db04538e9377cec 940w,https:\/\/media.ouest-france.fr\/v1\/pictures\/MjAyNjA2NTFkNTM3NTJiYjNjZjIzZjQ1ODY5NDRiZjk5MjVhMjU?width=1260&amp;focuspoint=50%2C25&amp;cropresize=1&amp;client_id=bpeditorial&amp;sign=d6006f47c02ded0ca62e1da5f4f6789012a32f90fe0f070cf03b5aa889a646bd 1260w&quot;}\"\/>Le corps de Th\u00e9o, 11\u00a0ans, avait \u00e9t\u00e9 d\u00e9couvert inanim\u00e9, sur les berges de la Vilaine dans le centre-ville de Rennes. | JUSTIN PICAUD \/ OUEST-FRANCE<\/li>\n<\/ul>\n<p>        Publi\u00e9 le 23\/06\/2026  \u00e0 18h38<\/p>\n<p>                            Lire plus tard<\/p>\n<p>                            Partager<\/p>\n<ul id=\"partage-col-gauche\" class=\"su-not-list su-hidden su-margin-top-xs\">\n<li>FacebookFacebook<\/li>\n<li>BlueSkyBlueSky<\/li>\n<li>FlipboardFlipboard<\/li>\n<li>linkedinLinkedIn<\/li>\n<\/ul>\n<p>Pr\u00e8s d\u2019un mois jour pour jour apr\u00e8s le meurtre du jeune Th\u00e9o, 11\u00a0ans, <a href=\"https:\/\/www.ouest-france.fr\/societe\/faits-divers\/recit-un-quartier-sous-le-choc-et-de-nombreuses-questions-apres-la-mort-dun-enfant-de-11-ans-etrangle-a-rennes-1ed6dd36-584c-11f1-a4a7-f780c203d7d6\" target=\"_self\" rel=\"nofollow noopener\">\u00e9trangl\u00e9 dans le centre-ville de Rennes<\/a>, la police nationale d\u2019Ille-et-Vilaine a lanc\u00e9 un appel \u00e0 t\u00e9moins mardi 23\u00a0juin 2026. Dans le cadre de l\u2019information judiciaire en cours, relative \u00e0 l\u2019agression mortelle, les forces de l\u2019ordre sont activement \u00e0 la recherche d\u2019une t\u00e9moin des faits qui aurait \u00e9t\u00e9 vue \u00e0 proximit\u00e9 des lieux du drame.<\/p>\n<p>Pour rappel, dimanche 24\u00a0mai&#8230;<\/p>\n<p style=\"text-align: center; background-color: #dbbe4d; padding-top: 5px; padding-bottom: 5px; font-size: 14px;\"><strong>D\u00e9j\u00e0 abonn\u00e9 ? <\/strong><a data-trkartmonet=\"Identification\" data-trk-sipa=\"{\" blockcategory=\"\" paywall=\"\" href=\"http:\/\/www.ouest-france.fr\/login?redirect=https:\/\/www.ouest-france.fr\/faits-divers\/meurtres\/meurtre-de-theo-11-ans-etrangle-a-rennes-la-police-recherche-une-temoin-qui-aurait-assiste-aux-faits-0034b18a-6f1e-11f1-b8a9-4a6626afbf8d\" rel=\"nofollow noopener\" title=\"Se connecter \u00e0 Ouest-France\" class=\"su-link-light\" target=\"_blank\">Connectez-vous<\/a><\/p>\n<p style=\"text-align: center; padding-top: 15px; padding-bottom: 8px; vertical-align: bottom;\">bloqu\u00e9<strong> Pour lire la suite, abonnez-vous<\/strong><\/p>\n<p style=\"text-align: center;\"><strong>1er mois \u00e0 1\u20ac<\/strong><\/p>\n<p style=\"text-align: center; margin-top: -5px;\">Annulable \u00e0 tout moment<\/p>\n<p style=\"text-align: center;\">\u00a0<\/p>\n<p style=\"text-align: center;\"><a data-ida=\"\" data-trkartmonet=\"Tunnel OF+\" data-trk-sipa=\"{&#010;\" blockcategory=\"\" paywall=\"\" :=\"\" m=\"\" of=\"\" class=\"&#010;        su-button&#010;        su-subscription&#010;        &#010;        &#010;    \" data-trk-bloc=\"paywall\" href=\"https:\/\/abonnement.ouest-france.fr\/tunnel\/pack-essentiel-article\/122096117101?int_medium=lien&amp;int_campaign=PWFR0225-OF&amp;int_content=page-article-payant_boutonjaune-paywall&amp;marquesource=OF&amp;rt=https:\/\/www.ouest-france.fr\/faits-divers\/meurtres\/meurtre-de-theo-11-ans-etrangle-a-rennes-la-police-recherche-une-temoin-qui-aurait-assiste-aux-faits-0034b18a-6f1e-11f1-b8a9-4a6626afbf8d\" rel=\"nofollow noopener\" target=\"_blank\"><br \/>\n    <strong>Je m&rsquo;abonne<\/strong><br \/>\n<\/a><\/p>\n<p style=\"text-align: center; padding-top: 10px; padding-bottom: 10px;\"><img decoding=\"async\" src=\"https:\/\/media.ouest-france.fr\/v1\/fonts\/be7723fcee3f1866f1ce99184077fc6f-carte-bancaire.svg?height=36\" alt=\"CB\"\/>\u00a0\u00a0<img decoding=\"async\" src=\"https:\/\/media.ouest-france.fr\/v1\/fonts\/1819d54c599d8afa64539cfba4ac9dde-rib.svg?height=36\" alt=\"RIB\"\/>\u00a0\u00a0<img decoding=\"async\" src=\"https:\/\/media.ouest-france.fr\/v1\/fonts\/065fc80d7b6a03d14a834c224ce723e1-paypal.svg?height=36\" alt=\"PAYPAL\"\/><\/p>\n","protected":false},"excerpt":{"rendered":"Article premium, R\u00e9serv\u00e9 aux\u00a0abonn\u00e9s La police judiciaire a lanc\u00e9 un appel \u00e0 t\u00e9moignages sur les r\u00e9seaux sociaux, mardi&hellip;\n","protected":false},"author":2,"featured_media":1020131,"comment_status":"","ping_status":"","sticky":false,"template":"","format":"standard","meta":{"footnotes":"","_share_on_mastodon":"0"},"categories":[2821],"tags":[1111,11,1120,829,1777,674,118,1011,27,848,28152,12,584,25],"class_list":["post-1020130","post","type-post","status-publish","format-standard","has-post-thumbnail","category-rennes","tag-actu","tag-actualites","tag-agression","tag-bretagne","tag-eu","tag-europe","tag-faits-divers","tag-fr","tag-france","tag-ille-et-vilaine","tag-meurtres","tag-news","tag-rennes","tag-republique-francaise"],"share_on_mastodon":{"url":"https:\/\/pubeurope.com\/@fr\/116802345376007459","error":""},"_links":{"self":[{"href":"https:\/\/www.europesays.com\/fr\/wp-json\/wp\/v2\/posts\/1020130","targetHints":{"allow":["GET"]}}],"collection":[{"href":"https:\/\/www.europesays.com\/fr\/wp-json\/wp\/v2\/posts"}],"about":[{"href":"https:\/\/www.europesays.com\/fr\/wp-json\/wp\/v2\/types\/post"}],"author":[{"embeddable":true,"href":"https:\/\/www.europesays.com\/fr\/wp-json\/wp\/v2\/users\/2"}],"replies":[{"embeddable":true,"href":"https:\/\/www.europesays.com\/fr\/wp-json\/wp\/v2\/comments?post=1020130"}],"version-history":[{"count":0,"href":"https:\/\/www.europesays.com\/fr\/wp-json\/wp\/v2\/posts\/1020130\/revisions"}],"wp:featuredmedia":[{"embeddable":true,"href":"https:\/\/www.europesays.com\/fr\/wp-json\/wp\/v2\/media\/1020131"}],"wp:attachment":[{"href":"https:\/\/www.europesays.com\/fr\/wp-json\/wp\/v2\/media?parent=1020130"}],"wp:term":[{"taxonomy":"category","embeddable":true,"href":"https:\/\/www.europesays.com\/fr\/wp-json\/wp\/v2\/categories?post=1020130"},{"taxonomy":"post_tag","embeddable":true,"href":"https:\/\/www.europesays.com\/fr\/wp-json\/wp\/v2\/tags?post=1020130"}],"curies":[{"name":"wp","href":"https:\/\/api.w.org\/{rel}","templated":true}]}}