{"id":1020217,"date":"2026-06-24T01:48:15","date_gmt":"2026-06-24T01:48:15","guid":{"rendered":"https:\/\/www.europesays.com\/fr\/1020217\/"},"modified":"2026-06-24T01:48:15","modified_gmt":"2026-06-24T01:48:15","slug":"la-commission-europeenne-franchit-une-ligne-rouge-en-recevant-les-talibans-a-bruxelles-mediapart","status":"publish","type":"post","link":"https:\/\/www.europesays.com\/fr\/1020217\/","title":{"rendered":"La Commission europ\u00e9enne franchit une ligne rouge en recevant les talibans \u00e0 Bruxelles &#8211; Mediapart"},"content":{"rendered":"<ol>\n<li><a href=\"https:\/\/news.google.com\/rss\/articles\/CBMi1AFBVV95cUxNR25qNWdGQlgwWWpKejVnUmcwejZ4RWRqc1BiZndCRjB1ckk4bUxuN1FlTFdTY2lzQWR5MkUtWXk5TUNtdjJkR3ZDMVdJd3dXbHM5MlNSUUo0WTNBNUV6c2JVQ2wyVzFWd0QyUVJ2SFF4UF9VX3FJS0dsckRwNHFLNXZrSTBjWlVlSkhKSUlGS3QyaENKRFd3TV9ITjlSckQ0SEw2Vzc3V1RkMU5sc2YyS3VPM2hjbk9hUmlLTEJVd1hmRmZzQ1FSMzlVbmkzTG5iYzA1Ng?oc=5\" target=\"_blank\" rel=\"nofollow noopener\">La Commission europ\u00e9enne franchit une ligne rouge en recevant les talibans \u00e0 Bruxelles<\/a>&nbsp;&nbsp;Mediapart<\/li>\n<li><a href=\"https:\/\/news.google.com\/rss\/articles\/CBMi0gFBVV95cUxPdldoYm8wSzlBR1dWR0h1SWRzWUJxcW9kbjJwbXN3Q1VEZ0pHdVp2bVpqSVc0LUtZV3pnYmRGUkpONWc4SkYwd1Y2Ynd4TUlaeXN2V0RhLVJubmRCT0NHQ2hPQ0x0dDl2U180VUtlU181RVRIOHJaaDR0NmptM1Q5QUtLVF9jd1lRdy1mbjl1ZU9mSGpqRHhQcGtlUUpOb3NfZm93TUw1UG5sVTBhV1RaVVpoV0huYmJrd3czM0hPZHJoRFRud0dMQml4ZjJ1MGU0eEE?oc=5\" target=\"_blank\" rel=\"nofollow noopener\">A Bruxelles, une rencontre in\u00e9dite entre responsables talibans et l&rsquo;UE sur l&rsquo;immigration<\/a>&nbsp;&nbsp;Orange Actualit\u00e9s<\/li>\n<li><a href=\"https:\/\/news.google.com\/rss\/articles\/CBMi8AFBVV95cUxOR0VvVUNhaVo5RFh2a3VITjAxNVk4SHpTUFMtLUR3WFYwdEQzNWtCNDhkTy1zYjNzQWN6UUZpM29fVGoweVh0WW9yOXd4cTd6VGltZng0dV91MzN0dFNVRjlTUFJjTlhYNGIxRlBTSVBFTHY4U0RVcU16Zk5QSWlaYURfTlFfQko0bW5WNGU4amprT0FkcEJYTEg3ZnpwNW1iWXZLMVZlS0FVOHY2MHp0eVRtZmszdDFJbnFPUU5oY041RzYySjBQYV9XbzNIbU9tN3RjakZlcFdwOE5nalJRRmZCa3F4S3dlR1BnSEFJUXU?oc=5\" target=\"_blank\" rel=\"nofollow noopener\">Une d\u00e9l\u00e9gation talibane \u00e0 Bruxelles pour parler immigration : \u201cComment peut-on s\u2019entendre avec eux ?\u201d<\/a>&nbsp;&nbsp;Courrier international<\/li>\n<li><a href=\"https:\/\/news.google.com\/rss\/articles\/CBMiowJBVV95cUxQelM3VFhtc2k2SHFQdXB2RlhRTmI0dkotVmFyZzQ2TGZtR3hheXN1T0FQU2xta2RDRVRxVE96VnFmY0ZxQ2VDUEQ4LUdSZHdNM2xlN2JUSWpEeVlfRTh3S3hjS2dGanBKWXdBXzVYZklnakc2MzhqWDRFeHo5Wm9iWkkxZDk4QWpUWWpiQjNKWXk5MjVndGY2SGphVFFrWmpSUmFLZVp1WG9DTV9MUXdULWs5QkhjNVYtNkdJRDVPOUNvSlZRcUYwMmNLZVNzR1UxTXUxQUstVnQxRXVyTkVvb2lMTXV3SXVFLXRfdUdwNDlkYXhreHpJdjBudXptbWFhWWg2dkxfSVBnRHR5TERuUC1Bbi1ydzhOX2R2WDVDRGNTT0U?oc=5\" target=\"_blank\" rel=\"nofollow noopener\">Elle ne les reconna\u00eet pas, mais les re\u00e7oit \u00e0 Bruxelles pour expulser les r\u00e9fugi\u00e9s afghans : l\u2019hypocrisie de la Commission europ\u00e9enne avec les talibans<\/a>&nbsp;&nbsp;L&rsquo;Humanit\u00e9<\/li>\n<li><a href=\"https:\/\/news.google.com\/rss\/articles\/CBMi0AFBVV95cUxQTUZ6aktiTkljZFB5NmRUNVdNZHlvWWxQRUlBaGxGYl9mcGl4UGdkWTk0WkZwTmNjaDdtZzZBLUJ0QUh4QkpIdmJvUDBGcVlZeV80MTJZV3UzU2xFbWZDdV9JU1E3Njk4VVIxRm0wN1hQdzFXMldjNE8xb1ZwNjBWWHdRSzFGakVIdFdmQXVOeC00Q2MxeDJqc0xBSjJyWmpJcFRBUC1BQUpCRVdBdXd6dVFmOXMzSEdWbEI4R3luYnZCLS00V29lQ3RkVHBaS191?oc=5\" target=\"_blank\" rel=\"nofollow noopener\">Quand les talibans sont re\u00e7us en visite officielle \u00e0 Bruxelles pour parler d\u2019immigration<\/a>&nbsp;&nbsp;Le Figaro<\/li>\n<\/ol>\n","protected":false},"excerpt":{"rendered":"La Commission europ\u00e9enne franchit une ligne rouge en recevant les talibans \u00e0 Bruxelles&nbsp;&nbsp;Mediapart A Bruxelles, une rencontre in\u00e9dite&hellip;\n","protected":false},"author":2,"featured_media":1020218,"comment_status":"","ping_status":"","sticky":false,"template":"","format":"standard","meta":{"footnotes":"","_share_on_mastodon":"0"},"categories":[5],"tags":[11,598,2196,32786,1011,27,14,10090,12,106559,19982,28],"class_list":["post-1020217","post","type-post","status-publish","format-standard","has-post-thumbnail","category-international","tag-actualites","tag-afghanistan","tag-commission-europeenne","tag-expulsions-detrangers","tag-fr","tag-france","tag-international","tag-migrations","tag-news","tag-pacte-migratoire-europeen","tag-talibans","tag-world"],"share_on_mastodon":{"url":"https:\/\/pubeurope.com\/@fr\/116802571929432073","error":""},"_links":{"self":[{"href":"https:\/\/www.europesays.com\/fr\/wp-json\/wp\/v2\/posts\/1020217","targetHints":{"allow":["GET"]}}],"collection":[{"href":"https:\/\/www.europesays.com\/fr\/wp-json\/wp\/v2\/posts"}],"about":[{"href":"https:\/\/www.europesays.com\/fr\/wp-json\/wp\/v2\/types\/post"}],"author":[{"embeddable":true,"href":"https:\/\/www.europesays.com\/fr\/wp-json\/wp\/v2\/users\/2"}],"replies":[{"embeddable":true,"href":"https:\/\/www.europesays.com\/fr\/wp-json\/wp\/v2\/comments?post=1020217"}],"version-history":[{"count":0,"href":"https:\/\/www.europesays.com\/fr\/wp-json\/wp\/v2\/posts\/1020217\/revisions"}],"wp:featuredmedia":[{"embeddable":true,"href":"https:\/\/www.europesays.com\/fr\/wp-json\/wp\/v2\/media\/1020218"}],"wp:attachment":[{"href":"https:\/\/www.europesays.com\/fr\/wp-json\/wp\/v2\/media?parent=1020217"}],"wp:term":[{"taxonomy":"category","embeddable":true,"href":"https:\/\/www.europesays.com\/fr\/wp-json\/wp\/v2\/categories?post=1020217"},{"taxonomy":"post_tag","embeddable":true,"href":"https:\/\/www.europesays.com\/fr\/wp-json\/wp\/v2\/tags?post=1020217"}],"curies":[{"name":"wp","href":"https:\/\/api.w.org\/{rel}","templated":true}]}}