{"id":102031,"date":"2025-05-15T13:41:10","date_gmt":"2025-05-15T13:41:10","guid":{"rendered":"https:\/\/www.europesays.com\/fr\/102031\/"},"modified":"2025-05-15T13:41:10","modified_gmt":"2025-05-15T13:41:10","slug":"la-france-est-elle-vraiment-si-nulle-dans-la-competition-liberation","status":"publish","type":"post","link":"https:\/\/www.europesays.com\/fr\/102031\/","title":{"rendered":"la France est-elle vraiment si nulle\u00a0dans la comp\u00e9tition ? \u2013 Lib\u00e9ration"},"content":{"rendered":"<p class=\"sc-ksZaOG ehjQrN text-element\">Quarante-huit ans apr\u00e8s, l\u2018enfant aux yeux de lumi\u00e8re de Marie Myriam doit \u00eatre proche de la retraite. Depuis sa victoire en 1977, aucun candidat n\u2019a r\u00e9ussi \u00e0 prendre la suite de la chanteuse au <a href=\"https:\/\/www.liberation.fr\/international\/europe\/a-leurovision-2025-la-francophonie-fait-son-retour-en-fanfare-20250513_YB44X3LCPZEYBFBTPFUWXFTZ54\/\" target=\"_blank\" rel=\"noreferrer noopener\" title=\"https:\/\/www.liberation.fr\/international\/europe\/a-leurovision-2025-la-francophonie-fait-son-retour-en-fanfare-20250513_YB44X3LCPZEYBFBTPFUWXFTZ54\/\">panth\u00e9on des gagnants fran\u00e7ais<\/a>. Malgr\u00e9 le recours \u00e0 des artistes reconnus, \u00e0 des bouts de paroles en anglais et des mises en sc\u00e8ne plus audacieuses, le troph\u00e9e n\u2019a pas encore retrouv\u00e9 preneur. Pourtant, bien loin des clich\u00e9s sur la nullit\u00e9 des candidats tricolores et de leurs r\u00e9sultats catastrophiques au fil des d\u00e9cennies, la France peut en r\u00e9alit\u00e9 se targuer d\u2019un plut\u00f4t beau palmar\u00e8s.<\/p>\n","protected":false},"excerpt":{"rendered":"Quarante-huit ans apr\u00e8s, l\u2018enfant aux yeux de lumi\u00e8re de Marie Myriam doit \u00eatre proche de la retraite. Depuis&hellip;\n","protected":false},"author":2,"featured_media":102032,"comment_status":"","ping_status":"","sticky":false,"template":"","format":"standard","meta":{"footnotes":""},"categories":[4],"tags":[11,2399,1011,27,12,25],"class_list":{"0":"post-102031","1":"post","2":"type-post","3":"status-publish","4":"format-standard","5":"has-post-thumbnail","7":"category-france","8":"tag-actualites","9":"tag-eurovision","10":"tag-fr","11":"tag-france","12":"tag-news","13":"tag-republique-francaise"},"share_on_mastodon":{"url":"https:\/\/pubeurope.com\/@fr\/114512139680180452","error":""},"_links":{"self":[{"href":"https:\/\/www.europesays.com\/fr\/wp-json\/wp\/v2\/posts\/102031","targetHints":{"allow":["GET"]}}],"collection":[{"href":"https:\/\/www.europesays.com\/fr\/wp-json\/wp\/v2\/posts"}],"about":[{"href":"https:\/\/www.europesays.com\/fr\/wp-json\/wp\/v2\/types\/post"}],"author":[{"embeddable":true,"href":"https:\/\/www.europesays.com\/fr\/wp-json\/wp\/v2\/users\/2"}],"replies":[{"embeddable":true,"href":"https:\/\/www.europesays.com\/fr\/wp-json\/wp\/v2\/comments?post=102031"}],"version-history":[{"count":0,"href":"https:\/\/www.europesays.com\/fr\/wp-json\/wp\/v2\/posts\/102031\/revisions"}],"wp:featuredmedia":[{"embeddable":true,"href":"https:\/\/www.europesays.com\/fr\/wp-json\/wp\/v2\/media\/102032"}],"wp:attachment":[{"href":"https:\/\/www.europesays.com\/fr\/wp-json\/wp\/v2\/media?parent=102031"}],"wp:term":[{"taxonomy":"category","embeddable":true,"href":"https:\/\/www.europesays.com\/fr\/wp-json\/wp\/v2\/categories?post=102031"},{"taxonomy":"post_tag","embeddable":true,"href":"https:\/\/www.europesays.com\/fr\/wp-json\/wp\/v2\/tags?post=102031"}],"curies":[{"name":"wp","href":"https:\/\/api.w.org\/{rel}","templated":true}]}}