{"id":1020396,"date":"2026-06-24T03:38:18","date_gmt":"2026-06-24T03:38:18","guid":{"rendered":"https:\/\/www.europesays.com\/fr\/1020396\/"},"modified":"2026-06-24T03:38:18","modified_gmt":"2026-06-24T03:38:18","slug":"a-paris-le-cirque-dhiver-en-travaux-pour-retrouver-son-lustre-dorigine-2","status":"publish","type":"post","link":"https:\/\/www.europesays.com\/fr\/1020396\/","title":{"rendered":"A Paris, le Cirque d&rsquo;hiver en travaux pour retrouver son \u00ab\u00a0lustre d&rsquo;origine\u00a0\u00bb"},"content":{"rendered":"<p class=\"mb-4 text-lg md:leading-8 break-words\">Pr\u00e8s de 200 ans apr\u00e8s son ouverture en 1852, la salle de spectacle parisienne du Cirque d&rsquo;hiver vient de d\u00e9marrer des travaux pour retrouver son \u00e9clat originel, avec, dans un premier temps, la restauration de 20 fresques ornementales.<\/p>\n<p class=\"mb-4 text-lg md:leading-8 break-words\">Dispos\u00e9es au-dessus des gradins, ces fresques repr\u00e9sentent \u00ab\u00a0une sorte de chronologie historique du rapport de l&rsquo;homme avec le cheval\u00a0\u00bb, de l&rsquo;Antiquit\u00e9 gr\u00e9co-romaine au milieu du XIXe, explique St\u00e9phane Millet, l&rsquo;architecte qui supervise les travaux.<\/p>\n<p class=\"mb-4 text-lg md:leading-8 break-words\">\u00ab\u00a0\u00c0 Paris, il y avait 5 ou 6 cirques qui cohabitaient en m\u00eame temps, parce que le spectacle pr\u00e9f\u00e9r\u00e9 des Parisiens, c&rsquo;\u00e9tait les sports \u00e9questres. Il faut s&rsquo;imaginer \u00e7a, la relation homme-cheval n&rsquo;a jamais \u00e9t\u00e9 plus \u00e9troite et plus importante qu&rsquo;au milieu du XIXe si\u00e8cle\u00a0\u00bb, d\u00e9taille l&rsquo;architecte, \u00e9galement charg\u00e9 de la r\u00e9novation de l&rsquo;Op\u00e9ra Garnier \u00e0 Paris.<\/p>\n<p class=\"mb-4 text-lg md:leading-8 break-words\">Les quelques toiles d\u00e9voil\u00e9es lundi matin ont \u00e9t\u00e9 ternies par le temps et boursoufl\u00e9es par l&rsquo;humidit\u00e9, mais la restauration, pr\u00e9vue pour durer entre 1 an et 18 mois, permettra de \u00ab\u00a0retrouver une image presque fid\u00e8le \u00e0 100%\u00a0\u00bb, affirme St\u00e9phane Millet.<\/p>\n<p class=\"mb-4 text-lg md:leading-8 break-words\">Pour r\u00e9parer ces fragiles vestiges du Second Empire, les restaurateurs appliqueront un film protecteur afin d&rsquo;assouplir les toiles, puis de les faire descendre le long des gradins et les acheminer jusqu&rsquo;aux ateliers.<\/p>\n<p class=\"mb-4 text-lg md:leading-8 break-words\">Pour l&rsquo;instant, et jusqu&rsquo;\u00e0 jeudi, les techniciens s&rsquo;affairent \u00e0 d\u00e9clouer les panneaux de bois qui recouvraient les toiles depuis les ann\u00e9es 1950, dans cette salle con\u00e7ue par l&rsquo;architecte Jacques Hittorff au milieu du XIXe si\u00e8cle.<\/p>\n<p class=\"mb-4 text-lg md:leading-8 break-words\">Les travaux incluent aussi la r\u00e9novation des gradins, pour r\u00e9soudre des probl\u00e8mes de s\u00e9curit\u00e9 et d&rsquo;accessibilit\u00e9.<\/p>\n<p class=\"mb-4 text-lg md:leading-8 break-words\">Afin de retrouver tout le \u00ab\u00a0lustre d&rsquo;origine\u00a0\u00bb, selon les mots de St\u00e9phane Millet, des vitraux seront \u00e9galement r\u00e9install\u00e9s sur les baies au-dessus des fresques.<\/p>\n<p class=\"mb-4 text-lg md:leading-8 break-words\">La toile polychrome qui ornait le plafond retrouvera, elle aussi, son aspect originel, au cours de travaux qui devraient s&rsquo;\u00e9taler au total sur 6 \u00e0 7 ans et se d\u00e9rouler l&rsquo;\u00e9t\u00e9 pour ne pas perturber la programmation du Cirque.<\/p>\n<p class=\"mb-4 text-lg md:leading-8 break-words\">Pour cette r\u00e9novation dont le montant devrait s&rsquo;\u00e9lever \u00e0 plusieurs millions d&rsquo;euros, la famille Bouglione, propri\u00e9taire du Cirque d&rsquo;Hiver depuis 1934, b\u00e9n\u00e9ficie du soutien de la Direction r\u00e9gionale des affaires culturelles (DRAC) et de la r\u00e9gion Ile-de-France.<\/p>\n<p class=\"mb-4 text-lg md:leading-8 break-words\">Le Cirque d&rsquo;hiver, connu pour son architecture circulaire, accueille des spectacles de cirque, mais \u00e9galement du th\u00e9\u00e2tre, du cabaret ou des com\u00e9dies musicales.<\/p>\n<p class=\"mb-4 text-lg md:leading-8 break-words\">aec\/vg\/jmo<\/p>\n","protected":false},"excerpt":{"rendered":"Pr\u00e8s de 200 ans apr\u00e8s son ouverture en 1852, la salle de spectacle parisienne du Cirque d&rsquo;hiver vient&hellip;\n","protected":false},"author":2,"featured_media":1020397,"comment_status":"","ping_status":"","sticky":false,"template":"","format":"standard","meta":{"footnotes":"","_share_on_mastodon":"0"},"categories":[1888],"tags":[1111,1928,11,1927,106584,40990,1777,674,1011,27,12,1926,626,1925,25,106585,44529,74787],"class_list":["post-1020396","post","type-post","status-publish","format-standard","has-post-thumbnail","category-paris","tag-actu","tag-actu-paris","tag-actualites","tag-actualites-paris","tag-cirque-d39hiver","tag-direction-regionale-des-affaires-culturelles","tag-eu","tag-europe","tag-fr","tag-france","tag-news","tag-news-paris","tag-paris","tag-paris-news","tag-republique-francaise","tag-stephane-millet","tag-travaux-de-renovation","tag-xixe-siecle"],"share_on_mastodon":{"url":"https:\/\/pubeurope.com\/@fr\/116803004451693858","error":""},"_links":{"self":[{"href":"https:\/\/www.europesays.com\/fr\/wp-json\/wp\/v2\/posts\/1020396","targetHints":{"allow":["GET"]}}],"collection":[{"href":"https:\/\/www.europesays.com\/fr\/wp-json\/wp\/v2\/posts"}],"about":[{"href":"https:\/\/www.europesays.com\/fr\/wp-json\/wp\/v2\/types\/post"}],"author":[{"embeddable":true,"href":"https:\/\/www.europesays.com\/fr\/wp-json\/wp\/v2\/users\/2"}],"replies":[{"embeddable":true,"href":"https:\/\/www.europesays.com\/fr\/wp-json\/wp\/v2\/comments?post=1020396"}],"version-history":[{"count":0,"href":"https:\/\/www.europesays.com\/fr\/wp-json\/wp\/v2\/posts\/1020396\/revisions"}],"wp:featuredmedia":[{"embeddable":true,"href":"https:\/\/www.europesays.com\/fr\/wp-json\/wp\/v2\/media\/1020397"}],"wp:attachment":[{"href":"https:\/\/www.europesays.com\/fr\/wp-json\/wp\/v2\/media?parent=1020396"}],"wp:term":[{"taxonomy":"category","embeddable":true,"href":"https:\/\/www.europesays.com\/fr\/wp-json\/wp\/v2\/categories?post=1020396"},{"taxonomy":"post_tag","embeddable":true,"href":"https:\/\/www.europesays.com\/fr\/wp-json\/wp\/v2\/tags?post=1020396"}],"curies":[{"name":"wp","href":"https:\/\/api.w.org\/{rel}","templated":true}]}}