{"id":102051,"date":"2025-05-15T13:54:11","date_gmt":"2025-05-15T13:54:11","guid":{"rendered":"https:\/\/www.europesays.com\/fr\/102051\/"},"modified":"2025-05-15T13:54:11","modified_gmt":"2025-05-15T13:54:11","slug":"itc-spoiler-leroy-surprend-paul-et-rose-en-train-de","status":"publish","type":"post","link":"https:\/\/www.europesays.com\/fr\/102051\/","title":{"rendered":"ITC &#8211; [SPOILER] &#8211; Leroy surprend Paul et Rose en train de\u2026"},"content":{"rendered":"<p id=\"descriptionPanel\" aria-labelledby=\"descriptionArrow\" aria-expanded=\"false\" class=\"mr-2 line-clamp-2 pr-2.5 text-secondary overflow-visible\">Paul Garnier n&rsquo;a pas dit son dernier mot. Pr\u00eat \u00e0 tout pour reconqu\u00e9rir le coeur de Rose Latour, il se montre particuli\u00e8rement pr\u00e9sent et \u00e0 l&rsquo;\u00e9coute pour elle. Il a mis Marc Leroy sur le banc de touche, et compte bien en profiter. Malgr\u00e9 la peine de coeur de Rose, il n&rsquo;h\u00e9site pas \u00e0 se montrer entreprenant. Il la fait rire et sourire. Rose va-t-elle succomber au charme de son ex ? Spoiler de l&rsquo;\u00e9pisode 1179 d&rsquo;Ici tout commence. Retrouvez \u00ab\u00a0Ici tout commence\u00a0\u00bb, du lundi au vendredi \u00e0 18h35 sur TF1.<\/p>\n<p><a class=\"shrink-0\" href=\"https:\/\/www.tf1.fr\/tf1\/ici-tout-commence\" target=\"_blank\" rel=\"noopener\"><img decoding=\"async\" src=\"https:\/\/www.europesays.com\/fr\/wp-content\/uploads\/2025\/05\/program-card-portrait-1-0d2bc5-87b354-0@1x.jpg\" width=\"138\" height=\"184\" alt=\"\" loading=\"eager\" fetchpriority=\"auto\" class=\"aspect-[3\/4] h-24 w-auto rounded-3px\" aria-hidden=\"true\"\/><\/a><\/p>\n","protected":false},"excerpt":{"rendered":"Paul Garnier n&rsquo;a pas dit son dernier mot. Pr\u00eat \u00e0 tout pour reconqu\u00e9rir le coeur de Rose Latour,&hellip;\n","protected":false},"author":2,"featured_media":102052,"comment_status":"","ping_status":"","sticky":false,"template":"","format":"standard","meta":{"footnotes":""},"categories":[1356],"tags":[58,59,3483,14231,1011,27,620,14232,14234,252,1364,14235,14233],"class_list":{"0":"post-102051","1":"post","2":"type-post","3":"status-publish","4":"format-standard","5":"has-post-thumbnail","7":"category-television","8":"tag-divertissement","9":"tag-entertainment","10":"tag-extrait","11":"tag-extrait-ici-tout-commence","12":"tag-fr","13":"tag-france","14":"tag-ici-tout-commence","15":"tag-ici-tout-commence-extrait","16":"tag-streaming-ici-tout-commence","17":"tag-television","18":"tag-tv","19":"tag-video-en-streaming-ici-tout-commence","20":"tag-video-ici-tout-commence"},"share_on_mastodon":{"url":"https:\/\/pubeurope.com\/@fr\/114512191114130760","error":""},"_links":{"self":[{"href":"https:\/\/www.europesays.com\/fr\/wp-json\/wp\/v2\/posts\/102051","targetHints":{"allow":["GET"]}}],"collection":[{"href":"https:\/\/www.europesays.com\/fr\/wp-json\/wp\/v2\/posts"}],"about":[{"href":"https:\/\/www.europesays.com\/fr\/wp-json\/wp\/v2\/types\/post"}],"author":[{"embeddable":true,"href":"https:\/\/www.europesays.com\/fr\/wp-json\/wp\/v2\/users\/2"}],"replies":[{"embeddable":true,"href":"https:\/\/www.europesays.com\/fr\/wp-json\/wp\/v2\/comments?post=102051"}],"version-history":[{"count":0,"href":"https:\/\/www.europesays.com\/fr\/wp-json\/wp\/v2\/posts\/102051\/revisions"}],"wp:featuredmedia":[{"embeddable":true,"href":"https:\/\/www.europesays.com\/fr\/wp-json\/wp\/v2\/media\/102052"}],"wp:attachment":[{"href":"https:\/\/www.europesays.com\/fr\/wp-json\/wp\/v2\/media?parent=102051"}],"wp:term":[{"taxonomy":"category","embeddable":true,"href":"https:\/\/www.europesays.com\/fr\/wp-json\/wp\/v2\/categories?post=102051"},{"taxonomy":"post_tag","embeddable":true,"href":"https:\/\/www.europesays.com\/fr\/wp-json\/wp\/v2\/tags?post=102051"}],"curies":[{"name":"wp","href":"https:\/\/api.w.org\/{rel}","templated":true}]}}