{"id":102055,"date":"2025-05-15T13:56:12","date_gmt":"2025-05-15T13:56:12","guid":{"rendered":"https:\/\/www.europesays.com\/fr\/102055\/"},"modified":"2025-05-15T13:56:12","modified_gmt":"2025-05-15T13:56:12","slug":"a-cannes-la-realisatrice-du-documentaire-sur-fatima-hassouna-devoile-ses-derniers-mots-echanges-avec-elle","status":"publish","type":"post","link":"https:\/\/www.europesays.com\/fr\/102055\/","title":{"rendered":"\u00c0 Cannes, la r\u00e9alisatrice du documentaire sur Fatima Hassouna d\u00e9voile ses derniers mots \u00e9chang\u00e9s avec elle"},"content":{"rendered":"<p>        <img decoding=\"async\" loading=\"lazy\" src=\"https:\/\/www.europesays.com\/fr\/wp-content\/uploads\/2025\/05\/1e98403_sirius-fs-upload-1-u70mzmqnv9g9-1747303744853-9855-1440x900.jpg\"  width=\"728\" height=\"410\" alt=\"Fatima Hassouna, ici dans le documentaire \u00ab\u00a0Put Your Sould on Your Hand and Walk\u00a0\u00bb.\"\/>  <\/p>\n<p>R\u00caVES D\u2019EAU PRODUCTIONS<\/p>\n<p>Fatima Hassouna, ici dans le documentaire \u00ab\u00a0Put Your Sould on Your Hand and Walk\u00a0\u00bb.<\/p>\n<p class=\"asset asset-text\">CIN\u00c9MA &#8211; \u00ab\u00a0Fatima voulait venir \u00e0 <a href=\"https:\/\/www.huffingtonpost.fr\/culture\/video\/festival-de-cannes-dans-mission-impossible-8-tom-cruise-prouve-qu-il-sait-tout-faire-meme-en-boxer_250040.html\" target=\"_blank\" rel=\"noopener\" title=\"Nouvelle fen\u00eatre\">Cannes<\/a>.\u00a0\u00bb Dans une interview accord\u00e9e au <a href=\"https:\/\/www.leparisien.fr\/culture-loisirs\/cinema\/festival-de-cannes\/sepideh-farsi-realisatrice-du-portrait-dune-photojournaliste-tuee-a-gaza-fatma-voulait-venir-a-cannes-15-05-2025-JTLLVOMVMFF37EMEP3ZDCADSUU.php\" target=\"_blank\" rel=\"noopener\" title=\"Nouvelle fen\u00eatre\">Parisien<\/a>, ce mercredi 15\u00a0mai, la cin\u00e9aste iranienne Sepideh Farsi livre les derniers \u00e9changes qu\u2019elle a eus avec la photoreporter palestinienne <a href=\"https:\/\/www.huffingtonpost.fr\/international\/article\/fatima-hassouna-photojournaliste-au-c-ur-d-un-documentaire-selectionne-a-cannes-a-ete-tuee-a-gaza_248944.html\" target=\"_blank\" rel=\"noopener\" title=\"Nouvelle fen\u00eatre\">Fatima Hassouna<\/a>, tu\u00e9e par une frappe isra\u00e9lienne au lendemain de l\u2019annonce de la s\u00e9lection au <a href=\"https:\/\/www.huffingtonpost.fr\/festival-de-cannes-2025\/article\/au-festival-de-cannes-2025-c-est-leur-premier-film-derriere-la-camera-mais-vous-les-connaissez-deja_249638.html\" target=\"_blank\" rel=\"noopener\" title=\"Nouvelle fen\u00eatre\">festival<\/a> du documentaire dont elle fait l\u2019objet.<\/p>\n<p class=\"asset asset-text\">\u00ab\u00a0Je me disais que, peut-\u00eatre, les associations humanitaires nous aideraient \u00e0 la faire sortir. J\u2019esp\u00e9rais un miracle, comme tous les jours depuis ma rencontre avec elle\u00a0\u00bb, raconte au quotidien la r\u00e9alisatrice, dont le film Put Your Soul on Your Hand and Walk est projet\u00e9 au Festival de Cannes dans la section parall\u00e8le de l\u2019ACID, ce m\u00eame mercredi.<\/p>\n<p class=\"asset asset-text\">D\u00e9sireuse de raconter les massacres de l\u2019int\u00e9rieur, Sepideh Farsi est entr\u00e9e en contact avec la journaliste il y a un peu plus d\u2019un an, apr\u00e8s avoir \u00e9t\u00e9 refoul\u00e9e de Gaza alors qu\u2019elle filmait des r\u00e9fugi\u00e9s palestiniens dans la capitale \u00e9gyptienne. Surnomm\u00e9e\u00a0Fatem, Fatima Hassouna est ainsi devenue les \u00ab\u00a0yeux\u00a0\u00bb de la r\u00e9alisatrice sur place. Et Sepideh Farsi, un lien vers le monde ext\u00e9rieur pour Fatima. Cette ligne de vie d\u2019une dur\u00e9e de 200\u00a0jours est le sujet du film.<\/p>\n<p class=\"asset asset-text\">Fatima Hassouna, elle, n\u2019en verra rien. \u00c0 25\u00a0ans, elle et dix membres de sa famille ont \u00e9t\u00e9 tu\u00e9s dans une frappe isra\u00e9lienne sur leur maison dans le quartier d\u2019Al-Tuffah, au nord de Gaza, le mercredi 16\u00a0avril. Une attaque que les forces de Tsahal d\u00e9clarent avoir men\u00e9e pour cibler \u00ab\u00a0un membre du Hamas\u00a0\u00bb, et \u00e0 propos de laquelle elles disent avoir \u00ab\u00a0pris les pr\u00e9cautions pour \u00e9viter des victimes civiles\u00a0\u00bb.<\/p>\n<p class=\"asset asset-text\">\u00ab\u00a0La veille de sa mort, Fatima m\u2019a dit\u00a0: \u201cje suis s\u00fbre que cette guerre va finir un jour, rien n\u2019est \u00e9ternel\u201d, se souvient la cin\u00e9aste, toujours au Parisien. Elle r\u00eavait d\u2019une vie normale, dans un endroit calme. Elle voulait voyager, aller au Vatican, d\u00e9couvrir T\u00e9h\u00e9ran. Elle s\u2019\u00e9tait fianc\u00e9e en d\u00e9cembre et devait se marier.\u00a0\u00bb<\/p>\n<p>    \u00ab\u00a0Mon Gaza a besoin de moi\u00a0\u00bb    <\/p>\n<p class=\"asset asset-text\">Au fil du tournage, elle raconte avoir vu Fatima Hassouna commencer \u00e0 manquer de tout, \u00e0 avoir faim. \u00ab\u00a0Elle \u00e9tait un peu comme une ombre d\u2019elle-m\u00eame, je la voyais glisser. C\u2019\u00e9tait la nourriture, la fatigue, les bombes, les drones\u00a0\u00bb, raconte Sepideh Farsi au micro de <a href=\"https:\/\/www.radiofrance.fr\/franceinter\/podcasts\/l-invite-de-7h50\/l-invite-de-7h50-du-jeudi-15-mai-2025-4392310\" target=\"_blank\" rel=\"noopener\" title=\"Nouvelle fen\u00eatre\">France Inter<\/a>. \u00ab\u00a0Elle me disait\u00a0: \u201caucun endroit n\u2019est s\u00fbr \u00e0\u00a0Gaza, de toute fa\u00e7on, et moi je ne peux pas quitter\u00a0Gaza. Mon\u00a0Gaza\u00a0a besoin de moi\u201d\u00a0\u00bb, continue-t-elle, cette fois \u00e0 l\u2019AFP.<\/p>\n<p class=\"asset asset-text\">\u00c0 l\u2019annonce de sa mort, le Festival de Cannes a partag\u00e9 un communiqu\u00e9 \u00e9voquant la tristesse de ses organisateurs, selon lesquels la photoreporter fait partie \u00ab\u00a0des trop nombreuses victimes de la violence qui embrase la r\u00e9gion depuis des mois\u00a0\u00bb. Tandis que plusieurs centaines de stars du cin\u00e9ma r\u00e9unies par Lib\u00e9ration dans une tribune ont appel\u00e9 \u00e0 un \u00e9veil collectif au sujet du g\u00e9nocide en cours, Juliette Binoche a pour sa part prononc\u00e9 quelques mots en m\u00e9moire de Fatima Hassouna lors de la c\u00e9r\u00e9monie d\u2019ouverture mardi.<\/p>\n<p class=\"asset asset-text\">Ce jeudi, un nouvel hommage doit lui \u00eatre rendu lors de la premi\u00e8re de Put Your Soul on Your Hand and Walk, un titre (qu\u2019on pourrait traduire en fran\u00e7ais par \u00ab\u00a0mets ton c\u0153ur sur ta main et marche\u00a0\u00bb) donn\u00e9 en r\u00e9f\u00e9rence \u00e0 une phrase que la d\u00e9funte a un jour prononc\u00e9e \u00e0 Sepideh Farsi. La sortie du film &#8211; le treizi\u00e8me pour la cin\u00e9aste contestataire dans son pays &#8211; est annonc\u00e9e au 25\u00a0septembre dans les salles fran\u00e7aises.<\/p>\n<p class=\"asset asset-text\"><strong>\u00c0 voir \u00e9galement sur Le HuffPost\u00a0:<\/strong><\/p>\n<p> La lecture de ce contenu est susceptible d\u2019entra\u00eener un d\u00e9p\u00f4t de cookies de la part de l\u2019op\u00e9rateur tiers qui l\u2019h\u00e9berge. Compte-tenu des choix que vous avez exprim\u00e9s en mati\u00e8re de d\u00e9p\u00f4t de cookies, nous avons bloqu\u00e9 l\u2019affichage de ce contenu. Si vous souhaitez y acc\u00e9der, vous devez accepter la cat\u00e9gorie de cookies \u201cContenus tiers\u201d en cliquant sur le bouton ci-dessous. <\/p>\n<p> Lire la Vid\u00e9o                <\/p>\n","protected":false},"excerpt":{"rendered":"R\u00caVES D\u2019EAU PRODUCTIONS Fatima Hassouna, ici dans le documentaire \u00ab\u00a0Put Your Sould on Your Hand and Walk\u00a0\u00bb. CIN\u00c9MA&hellip;\n","protected":false},"author":2,"featured_media":102056,"comment_status":"","ping_status":"","sticky":false,"template":"","format":"standard","meta":{"footnotes":""},"categories":[1354],"tags":[650,3259,251,58,59,5634,8285,1346,1011,27,1360],"class_list":{"0":"post-102055","1":"post","2":"type-post","3":"status-publish","4":"format-standard","5":"has-post-thumbnail","7":"category-films","8":"tag-cinema","9":"tag-conflit-israelo-palestinien","10":"tag-culture","11":"tag-divertissement","12":"tag-entertainment","13":"tag-festival-de-cannes","14":"tag-festival-de-cannes-2025","15":"tag-films","16":"tag-fr","17":"tag-france","18":"tag-movies"},"share_on_mastodon":{"url":"https:\/\/pubeurope.com\/@fr\/114512198646571111","error":""},"_links":{"self":[{"href":"https:\/\/www.europesays.com\/fr\/wp-json\/wp\/v2\/posts\/102055","targetHints":{"allow":["GET"]}}],"collection":[{"href":"https:\/\/www.europesays.com\/fr\/wp-json\/wp\/v2\/posts"}],"about":[{"href":"https:\/\/www.europesays.com\/fr\/wp-json\/wp\/v2\/types\/post"}],"author":[{"embeddable":true,"href":"https:\/\/www.europesays.com\/fr\/wp-json\/wp\/v2\/users\/2"}],"replies":[{"embeddable":true,"href":"https:\/\/www.europesays.com\/fr\/wp-json\/wp\/v2\/comments?post=102055"}],"version-history":[{"count":0,"href":"https:\/\/www.europesays.com\/fr\/wp-json\/wp\/v2\/posts\/102055\/revisions"}],"wp:featuredmedia":[{"embeddable":true,"href":"https:\/\/www.europesays.com\/fr\/wp-json\/wp\/v2\/media\/102056"}],"wp:attachment":[{"href":"https:\/\/www.europesays.com\/fr\/wp-json\/wp\/v2\/media?parent=102055"}],"wp:term":[{"taxonomy":"category","embeddable":true,"href":"https:\/\/www.europesays.com\/fr\/wp-json\/wp\/v2\/categories?post=102055"},{"taxonomy":"post_tag","embeddable":true,"href":"https:\/\/www.europesays.com\/fr\/wp-json\/wp\/v2\/tags?post=102055"}],"curies":[{"name":"wp","href":"https:\/\/api.w.org\/{rel}","templated":true}]}}