{"id":102061,"date":"2025-05-15T13:59:09","date_gmt":"2025-05-15T13:59:09","guid":{"rendered":"https:\/\/www.europesays.com\/fr\/102061\/"},"modified":"2025-05-15T13:59:09","modified_gmt":"2025-05-15T13:59:09","slug":"heidi-klum-na-t-elle-rien-compris-au-protocole-vestimentaire-du-festival-de-cannes","status":"publish","type":"post","link":"https:\/\/www.europesays.com\/fr\/102061\/","title":{"rendered":"Heidi Klum n\u2019a-t-elle rien compris au protocole vestimentaire du Festival de Cannes ?"},"content":{"rendered":"<p>Ce mardi 13 mai, le mannequin a fait une apparition remarqu\u00e9e sur le tapis rouge, lors de l\u2019ouverture du Festival de Cannes. Habill\u00e9e d\u2019une robe tr\u00e8s imposante, l\u2019Allemande a d\u00e9fi\u00e9 les r\u00e8gles, avec un large sourire.<\/p>\n<p class=\"fig-paragraph\">Le romancier Alphonse Karr disait\u00a0: \u00abLes hommes font les lois, les femmes les abrogent\u00bb. Une maxime que semble avoir confirm\u00e9e le tapis rouge du Festival de Cannes. Certes, les nouvelles r\u00e8gles \u00e9tablies par la direction du festival ont sans doute \u00e9t\u00e9 \u00e9labor\u00e9es par un comit\u00e9 mixte, mais ce sont bien les femmes qui l\u2019ont d\u00e9fi\u00e9 ces premiers jours de festival. En effet, \u00e0 la veille de l\u2019ouverture de l\u2019\u00e9dition 2025, une mise \u00e0 jour de la charte du festivalier a \u00e9t\u00e9 divulgu\u00e9e. Il y est pr\u00e9cis\u00e9 notamment que les longues tra\u00eenes et les volumes trop imposants n\u2019ont pas leur place sur le tapis rouge. Idem, pour la nudit\u00e9, pour des \u00abraisons de d\u00e9cence\u00bb. Mais\u00a0<a href=\"http:\/\/madame.lefigaro.fr\/style\/news\/a-19-ans-henry-samuel-le-fils-de-heidi-klum-et-de-seal-fait-des-debuts-remarques-dans-la-mode-20250320\" target=\"_blank\" data-fig-type=\"Article\" rel=\"noopener nofollow\" data-gtm-custom-categorie=\"navigation\" data-gtm-custom-action=\"crossclick\" data-gtm-custom-label=\"Contextuel\" data-gtm-event=\"customEventSPE\" data-fig-domain=\"MADAME\">Heidi Klum<\/a>\u00a0ne l\u2019a pas entendu de cette oreille. \u00c0 cette occasion, elle s\u2019est pr\u00e9sent\u00e9e \u00e0 la mont\u00e9e des marches du film Partir un jour, r\u00e9alis\u00e9 par Am\u00e9lie Bonnin, dans une robe XXL \u00e0 l\u2019allure d\u2019un bouquet de fleurs.<\/p>\n<p>    Heidi Klum en Elie Saab sur le tapis rouge. (Cannes, le 13 mai 2025.)<br \/>\n                Stephane Cardinale &#8211; Corbis \/ Corbis via Getty Images<\/p>\n<p>Une cr\u00e9ation spectaculaire<\/p>\n<p class=\"fig-paragraph\">Ainsi, le mannequin allemand a pr\u00e9f\u00e9r\u00e9, d\u00e8s le premier jour, donner le ton, avec une robe d\u2019envergure. La pi\u00e8ce, sign\u00e9e Elie Saab, \u00e9tait compos\u00e9e de multiples superpositions de tissus ros\u00e9s, donnant l\u2019impression d\u2019une tra\u00eene form\u00e9e de p\u00e9tales de fleurs. Dot\u00e9e d\u2019un bustier et d\u2019une fente remontant quasiment jusqu\u2019\u00e0 l\u2019aine, la robe a fait sensation et les photographes l\u2019ont immortalis\u00e9e sous toutes les coutures. Mais c\u2019est surtout \u00e0 l\u2019arri\u00e8re que la cr\u00e9ation surprenait, puisque sa tra\u00eene occupait une belle partie du tapis rouge. En somme, il ne manquait plus qu\u2019une partie transparente afin d\u2019\u00eatre compl\u00e8tement \u00abhors la loi\u00bb.<\/p>\n<p class=\"fig-paragraph\">Un coup d\u2019\u00e9clat qui n\u2019a pas manqu\u00e9 d\u2019\u00eatre salu\u00e9 sur les r\u00e9seaux, o\u00f9 l\u2019on peut voir des commentaires tels que\u00a0: \u201cBravo, c\u2019est un bel exemple d\u2019argumentation contre le code vestimentaire et ses nouvelles r\u00e8gles sous le signe de la b\u00eatise!\u201d, ou encore \u201cReine\u00a0! On se fout de ce dress code!\u201d. \u00c0 l\u2019instar du mannequin, l\u2019actrice chinoise Wan QianHui, a elle aussi, foul\u00e9 les marches dans une robe bustier blanche imposante et dot\u00e9e de volants bouffants. Un vent de r\u00e9bellion souffle d\u00e9j\u00e0 sur les marches de Cannes.<\/p>\n<p>\u00a0\u00bb<br \/>\n        data-script=\u00a0\u00bbhttps:\/\/static.lefigaro.fr\/widget-video\/short-ttl\/video\/index.js\u00a0\u00bb<br \/>\n    &gt;<\/p>\n","protected":false},"excerpt":{"rendered":"Ce mardi 13 mai, le mannequin a fait une apparition remarqu\u00e9e sur le tapis rouge, lors de l\u2019ouverture&hellip;\n","protected":false},"author":2,"featured_media":102062,"comment_status":"","ping_status":"","sticky":false,"template":"","format":"standard","meta":{"footnotes":""},"categories":[8],"tags":[998,988,991,1000,993,58,994,21778,59,992,5634,638,1011,27,14487,997,977,999,989,995,973,987,20995,990,996],"class_list":{"0":"post-102061","1":"post","2":"type-post","3":"status-publish","4":"format-standard","5":"has-post-thumbnail","7":"category-divertissement","8":"tag-accessoire","9":"tag-actu-mode","10":"tag-actualite-mode","11":"tag-celebrites","12":"tag-defiles","13":"tag-divertissement","14":"tag-egerie-mode","15":"tag-elie-saab","16":"tag-entertainment","17":"tag-fashion-week","18":"tag-festival-de-cannes","19":"tag-figaro","20":"tag-fr","21":"tag-france","22":"tag-heidi-klum","23":"tag-lingerie","24":"tag-madame","25":"tag-mode-fashion-femme","26":"tag-mode-femme","27":"tag-nouvelle-tendance","28":"tag-people","29":"tag-robe","30":"tag-tapis-rouge","31":"tag-tendance-mode","32":"tag-vetement"},"share_on_mastodon":{"url":"https:\/\/pubeurope.com\/@fr\/114512210434782164","error":""},"_links":{"self":[{"href":"https:\/\/www.europesays.com\/fr\/wp-json\/wp\/v2\/posts\/102061","targetHints":{"allow":["GET"]}}],"collection":[{"href":"https:\/\/www.europesays.com\/fr\/wp-json\/wp\/v2\/posts"}],"about":[{"href":"https:\/\/www.europesays.com\/fr\/wp-json\/wp\/v2\/types\/post"}],"author":[{"embeddable":true,"href":"https:\/\/www.europesays.com\/fr\/wp-json\/wp\/v2\/users\/2"}],"replies":[{"embeddable":true,"href":"https:\/\/www.europesays.com\/fr\/wp-json\/wp\/v2\/comments?post=102061"}],"version-history":[{"count":0,"href":"https:\/\/www.europesays.com\/fr\/wp-json\/wp\/v2\/posts\/102061\/revisions"}],"wp:featuredmedia":[{"embeddable":true,"href":"https:\/\/www.europesays.com\/fr\/wp-json\/wp\/v2\/media\/102062"}],"wp:attachment":[{"href":"https:\/\/www.europesays.com\/fr\/wp-json\/wp\/v2\/media?parent=102061"}],"wp:term":[{"taxonomy":"category","embeddable":true,"href":"https:\/\/www.europesays.com\/fr\/wp-json\/wp\/v2\/categories?post=102061"},{"taxonomy":"post_tag","embeddable":true,"href":"https:\/\/www.europesays.com\/fr\/wp-json\/wp\/v2\/tags?post=102061"}],"curies":[{"name":"wp","href":"https:\/\/api.w.org\/{rel}","templated":true}]}}