{"id":102066,"date":"2025-05-15T14:02:08","date_gmt":"2025-05-15T14:02:08","guid":{"rendered":"https:\/\/www.europesays.com\/fr\/102066\/"},"modified":"2025-05-15T14:02:08","modified_gmt":"2025-05-15T14:02:08","slug":"la-france-se-dit-prete-a-se-rallier-a-lobjectif-de-5-du-pib-en-depenses-de-securite","status":"publish","type":"post","link":"https:\/\/www.europesays.com\/fr\/102066\/","title":{"rendered":"la France se dit pr\u00eate \u00e0 se rallier \u00e0 l&rsquo;objectif de 5% du PIB en d\u00e9penses de s\u00e9curit\u00e9"},"content":{"rendered":"<p>Le secr\u00e9taire g\u00e9n\u00e9ral de l\u2019Otan Mark Rutte souhaite que les pays de l\u2019Alliance consacrent au moins 3,5% de leur Produit int\u00e9rieur brut (PIB) \u00e0 des d\u00e9penses militaires stricto sensu d\u2019ici 2032, mais aussi 1,5% \u00e0 des d\u00e9penses de s\u00e9curit\u00e9, plus larges, comme les infrastructures.<\/p>\n<p class=\"fig-paragraph\">La France est pr\u00eate \u00e0 se rallier \u00e0 l&rsquo;objectif de 5% du Produit int\u00e9rieur brut (PIB) en d\u00e9penses militaires et de s\u00e9curit\u00e9, discut\u00e9 au sein de<a href=\"http:\/\/www.lefigaro.fr\/economie\/il-est-temps-de-creer-une-institution-internationale-bancaire-le-projet-de-creation-d-une-banque-de-l-otan-suscite-des-doutes-en-europe-20250429\" target=\"_blank\" data-fig-type=\"Article\" rel=\"noopener\" data-gtm-custom-categorie=\"navigation\" data-gtm-custom-action=\"crossclick\" data-gtm-custom-label=\"Contextuel\" data-gtm-event=\"customEventSPE\" data-fig-domain=\"LEFIGARO\">\u00a0l&rsquo;Otan<\/a>, a laiss\u00e9 entendre jeudi 15 mai 2025 le ministre fran\u00e7ais des Affaires \u00e9trang\u00e8res\u00a0<a href=\"https:\/\/www.lefigaro.fr\/tag\/jean-noel-barrot\" target=\"_blank\" rel=\"noopener\" data-gtm-custom-categorie=\"navigation\" data-gtm-custom-action=\"crossclick\" data-gtm-custom-label=\"Contextuel\" data-gtm-event=\"customEventSPE\">Jean-No\u00ebl Barrot<\/a>. \u00abLe pr\u00e9sident (fran\u00e7ais Emmanuel) Macron a d\u00e9j\u00e0 d\u00e9clar\u00e9 que l&rsquo;objectif de 3 \u00e0 3,5% est le bon parce qu&rsquo;il nous permet de financer les capacit\u00e9s de d\u00e9fense\u00bb, a-t-il d\u00e9clar\u00e9 en marge d&rsquo;une r\u00e9union de l&rsquo;Otan \u00e0 Antalya, en\u00a0<a href=\"http:\/\/www.lefigaro.fr\/international\/trois-ans-apres-l-echec-des-negociations-en-turquie-vers-une-nouvelle-rencontre-poutine-zelensky-20250512\" target=\"_blank\" data-fig-type=\"Article\" rel=\"noopener\" data-gtm-custom-categorie=\"navigation\" data-gtm-custom-action=\"crossclick\" data-gtm-custom-label=\"Contextuel\" data-gtm-event=\"customEventSPE\" data-fig-domain=\"LEFIGARO\">Turquie<\/a>.<\/p>\n<p class=\"fig-paragraph\">Le secr\u00e9taire g\u00e9n\u00e9ral de l&rsquo;Otan\u00a0<a href=\"http:\/\/www.lefigaro.fr\/international\/adhesion-de-l-ukraine-menace-russe-donald-trump-les-multiples-defis-de-mark-rutte-le-nouveau-secretaire-general-de-l-otan-20240930\" target=\"_blank\" data-fig-type=\"Article\" rel=\"noopener\" data-gtm-custom-categorie=\"navigation\" data-gtm-custom-action=\"crossclick\" data-gtm-custom-label=\"Contextuel\" data-gtm-event=\"customEventSPE\" data-fig-domain=\"LEFIGARO\">Mark Rutte<\/a>\u00a0souhaite que les pays de l&rsquo;Alliance consacrent au moins 3,5% de leur Produit int\u00e9rieur brut (PIB) \u00e0 des d\u00e9penses militaires stricto sensu d&rsquo;ici 2032, mais aussi 1,5% \u00e0 des d\u00e9penses de s\u00e9curit\u00e9, plus larges, comme les infrastructures. Ce dernier objectif est plus facilement atteignable, particuli\u00e8rement pour les pays les plus en retard.<\/p>\n<p>Berlin a ouvert la marche<\/p>\n<p class=\"fig-paragraph\">Sur ce point, Jean-No\u00ebl Barrot a sugg\u00e9r\u00e9 que ce pourcentage \u00e9tait \u00e9galement \u00e0 la port\u00e9e de la France, qui consacre actuellement environ 2% de son PIB \u00e0 des d\u00e9penses militaires. \u00abL&rsquo;objectif de 3,5% est le bon montant pour les d\u00e9penses de base en mati\u00e8re de d\u00e9fense\u00bb, a-t-il expliqu\u00e9. \u00abMais cela s&rsquo;accompagne de d\u00e9penses qui vont concourir \u00e0 l&rsquo;augmentation de notre capacit\u00e9 de d\u00e9fense, qui ne sont pas des d\u00e9penses de d\u00e9fense directes, mais qui doivent \u00eatre r\u00e9alis\u00e9es\u00bb, comme la cybers\u00e9curit\u00e9 ou la mobilit\u00e9 militaire, a-t-il soulign\u00e9.<\/p>\n<p>\u00a0\u00bb<br \/>\n        data-script=\u00a0\u00bbhttps:\/\/static.lefigaro.fr\/widget-video\/short-ttl\/video\/index.js\u00a0\u00bb<br \/>\n    &gt;<\/p>\n<p class=\"fig-paragraph\">Son homologue allemand a \u00e9galement affirm\u00e9 ce jeudi que Berlin \u00e9tait\u00a0<a href=\"http:\/\/www.lefigaro.fr\/international\/otan-l-allemagne-se-dit-prete-a-suivre-trump-sur-l-objectif-de-5-pour-la-defense-20250515\" data-fig-type=\"NewsFlash\" data-gtm-custom-categorie=\"navigation\" data-gtm-custom-action=\"crossclick\" data-gtm-custom-label=\"Contextuel\" data-gtm-event=\"customEventSPE\" data-fig-domain=\"LEFIGARO\" target=\"_blank\" rel=\"noopener\">pr\u00eat \u00e0 \u00absuivre\u00bb le pr\u00e9sident am\u00e9ricain Donald Trump<\/a>\u00a0dans sa volont\u00e9 que tous les pays membres de l&rsquo;Alliance se fixent comme objectif de consacrer 5% de leur PIB \u00e0 la d\u00e9fense. \u00abNous allons, bien s\u00fbr, en reparler aujourd&rsquo;hui. Mais il faut regarder le r\u00e9sultat. Et le r\u00e9sultat est que ce sont les 5% que le pr\u00e9sident Trump a demand\u00e9. Et nous le suivons sur ce point\u00bb, a d\u00e9clar\u00e9 Johann Wadephul lors de cette r\u00e9union. Fin 2024, 22 pays de l&rsquo;Otan ont atteint l&rsquo;objectif de 2% de d\u00e9penses militaires, retenu en 2014 lors d&rsquo;un pr\u00e9c\u00e9dent sommet de l&rsquo;Alliance. Plusieurs pays, dont l&rsquo;Italie, l&rsquo;Espagne ou\u00a0<a href=\"http:\/\/www.lefigaro.fr\/actualite-france\/l-equilibre-de-la-loi-sur-l-aide-a-mourir-au-coeur-des-desaccords-en-commission-nous-prevoyons-moins-de-garde-fous-qu-en-belgique-20250504\" target=\"_blank\" data-fig-type=\"Article\" rel=\"noopener\" data-gtm-custom-categorie=\"navigation\" data-gtm-custom-action=\"crossclick\" data-gtm-custom-label=\"Contextuel\" data-gtm-event=\"customEventSPE\" data-fig-domain=\"LEFIGARO\">la Belgique<\/a>, sont encore tr\u00e8s en de\u00e7\u00e0, mais ont toutefois promis de l&rsquo;atteindre cette ann\u00e9e.<\/p>\n","protected":false},"excerpt":{"rendered":"Le secr\u00e9taire g\u00e9n\u00e9ral de l\u2019Otan Mark Rutte souhaite que les pays de l\u2019Alliance consacrent au moins 3,5% de&hellip;\n","protected":false},"author":2,"featured_media":102067,"comment_status":"","ping_status":"","sticky":false,"template":"","format":"standard","meta":{"footnotes":""},"categories":[5],"tags":[259,11,260,1011,27,14,2121,261,12,136,262,28],"class_list":{"0":"post-102066","1":"post","2":"type-post","3":"status-publish","4":"format-standard","5":"has-post-thumbnail","7":"category-international","8":"tag-actualite-internationale","9":"tag-actualites","10":"tag-affaires-etrangeres","11":"tag-fr","12":"tag-france","13":"tag-international","14":"tag-jean-noel-barrot","15":"tag-ministere-des-affaires-etrangeres","16":"tag-news","17":"tag-otan","18":"tag-politique-etrangere","19":"tag-world"},"share_on_mastodon":{"url":"https:\/\/pubeurope.com\/@fr\/114512222271363167","error":""},"_links":{"self":[{"href":"https:\/\/www.europesays.com\/fr\/wp-json\/wp\/v2\/posts\/102066","targetHints":{"allow":["GET"]}}],"collection":[{"href":"https:\/\/www.europesays.com\/fr\/wp-json\/wp\/v2\/posts"}],"about":[{"href":"https:\/\/www.europesays.com\/fr\/wp-json\/wp\/v2\/types\/post"}],"author":[{"embeddable":true,"href":"https:\/\/www.europesays.com\/fr\/wp-json\/wp\/v2\/users\/2"}],"replies":[{"embeddable":true,"href":"https:\/\/www.europesays.com\/fr\/wp-json\/wp\/v2\/comments?post=102066"}],"version-history":[{"count":0,"href":"https:\/\/www.europesays.com\/fr\/wp-json\/wp\/v2\/posts\/102066\/revisions"}],"wp:featuredmedia":[{"embeddable":true,"href":"https:\/\/www.europesays.com\/fr\/wp-json\/wp\/v2\/media\/102067"}],"wp:attachment":[{"href":"https:\/\/www.europesays.com\/fr\/wp-json\/wp\/v2\/media?parent=102066"}],"wp:term":[{"taxonomy":"category","embeddable":true,"href":"https:\/\/www.europesays.com\/fr\/wp-json\/wp\/v2\/categories?post=102066"},{"taxonomy":"post_tag","embeddable":true,"href":"https:\/\/www.europesays.com\/fr\/wp-json\/wp\/v2\/tags?post=102066"}],"curies":[{"name":"wp","href":"https:\/\/api.w.org\/{rel}","templated":true}]}}