{"id":102068,"date":"2025-05-15T14:03:06","date_gmt":"2025-05-15T14:03:06","guid":{"rendered":"https:\/\/www.europesays.com\/fr\/102068\/"},"modified":"2025-05-15T14:03:06","modified_gmt":"2025-05-15T14:03:06","slug":"adrien-laurent-linfluenceur-qui-fait-de-lhypersexualisation-des-femmes-son-fonds-de-commerce","status":"publish","type":"post","link":"https:\/\/www.europesays.com\/fr\/102068\/","title":{"rendered":"Adrien Laurent, l\u2019influenceur qui fait de l\u2019hypersexualisation des femmes son fonds de commerce"},"content":{"rendered":"<p>Acteur de films pornographiques et influenceur sur les r\u00e9seaux sociaux, cet ancien candidat de t\u00e9l\u00e9r\u00e9alit\u00e9 &#8211; vis\u00e9 par une plainte pour viol aggrav\u00e9 &#8211; a construit sa notori\u00e9t\u00e9 sur des contenus rabaissant les femmes. La ministre \u00e0 l\u2019\u00c9galit\u00e9 femme homme, Aurore Berger, exige que TikTok retire ses vid\u00e9os de la plateforme.<\/p>\n<p class=\"fig-paragraph\">Pour retrouver la premi\u00e8re apparition t\u00e9l\u00e9vis\u00e9e d\u2019Adrien Laurent, il faut remonter en 2016. \u00c2g\u00e9 alors de 22 ans, il participe \u00e0 l\u2019\u00e9mission \u00ab Garde \u00e0 vous\u00a0\u00bb sur\u00a0<a href=\"http:\/\/www.lefigaro.fr\/medias\/nicolas-de-tavernost-pressenti-a-la-direction-generale-de-lfp-media-20250328\" data-fig-type=\"NewsFlash\" data-gtm-custom-categorie=\"navigation\" data-gtm-custom-action=\"crossclick\" data-gtm-custom-label=\"Contextuel\" data-gtm-event=\"customEventSPE\" data-fig-domain=\"LEFIGARO\" rel=\"nofollow noopener\" target=\"_blank\">M6\u00a0<\/a>dans laquelle de jeunes hommes doivent revivre le service militaire. Rapidement, sa personnalit\u00e9 est remarqu\u00e9e du public, ce qui le propulse sous le feu des projecteurs. Dans la foul\u00e9e, Adrien Laurent est rep\u00e9r\u00e9 par des recruteurs charg\u00e9s de trouver de nouveaux candidats de t\u00e9l\u00e9r\u00e9alit\u00e9 pour les \u00e9missions du petit \u00e9cran. Il signe sa participation \u00e0 la quatri\u00e8me saison des \u00abPrinces de l\u2019Amour\u00bb, diffus\u00e9 alors sur\u00a0<a href=\"https:\/\/www.lefigaro.fr\/medias\/2018\/10\/14\/20004-20181014ARTFIG00112-jerome-fouqueray-w9-est-la-chaine-de-television-la-plus-puissante-sur-le-digital.php\" data-fig-type=\"Article\" data-gtm-custom-categorie=\"navigation\" data-gtm-custom-action=\"crossclick\" data-gtm-custom-label=\"Contextuel\" data-gtm-event=\"customEventSPE\" data-fig-domain=\"LEFIGARO\" rel=\"nofollow noopener\" target=\"_blank\">W9<\/a>. Tr\u00e8s populaire \u00e0 l\u2019\u00e9poque, ce programme met en sc\u00e8ne six jeunes hommes charg\u00e9s de trouver leur \u00e2me s\u0153ur parmi des pr\u00e9tendantes venues sp\u00e9cialement pour les s\u00e9duire.<\/p>\n<p class=\"fig-paragraph\">La notori\u00e9t\u00e9 d\u2019Adrien Laurent explose alors qu\u2019il se met en couple avec la candidate Elsa Dasc. Rupture, reconqu\u00eate et disputes vont rythmer leur relation, le tout sous les yeux des t\u00e9l\u00e9spectateurs qui n\u2019en perdront pas une miette. Adrien Laurent gagne en abonn\u00e9s sur les r\u00e9seaux sociaux et encha\u00eene les participations \u00e0 d\u2019autres \u00e9missions de t\u00e9l\u00e9r\u00e9alit\u00e9 comme \u00abLes Anges\u00bb sur NRJ12 ou \u00abLa Villa des C\u0153urs Bris\u00e9s\u00bb sur<a href=\"http:\/\/www.lefigaro.fr\/flash-eco\/tf1-m6-et-altice-signent-sur-la-vente-de-tfx-et-6ter-20220408\" data-fig-type=\"NewsFlash\" data-gtm-custom-categorie=\"navigation\" data-gtm-custom-action=\"crossclick\" data-gtm-custom-label=\"Contextuel\" data-gtm-event=\"customEventSPE\" data-fig-domain=\"LEFIGARO\" rel=\"nofollow noopener\" target=\"_blank\">\u00a0TFX<\/a>.<\/p>\n<p>Le \u00ab AD Show\u00a0\u00bb<\/p>\n<p class=\"fig-paragraph\">Il vit alors de ses participations t\u00e9l\u00e9visuelles mais surtout des partenariats scell\u00e9s avec\u00a0<a href=\"http:\/\/www.lefigaro.fr\/medias\/l-argent-facile-c-est-fini-un-an-apres-le-vote-de-la-loi-le-grand-coup-de-balai-dans-le-milieu-des-influenceurs-20240616\" data-fig-type=\"Article\" data-gtm-custom-categorie=\"navigation\" data-gtm-custom-action=\"crossclick\" data-gtm-custom-label=\"Contextuel\" data-gtm-event=\"customEventSPE\" data-fig-domain=\"LEFIGARO\" rel=\"nofollow noopener\" target=\"_blank\">les marques qui payent \u00e0 l\u2019\u00e9poque grassement les influenceurs pour promouvoir nombre de produits en ligne<\/a>. Celui qu\u2019on appelle d\u00e9sormais AD Laurent devient une des personnalit\u00e9s issues de la t\u00e9l\u00e9r\u00e9alit\u00e9 les plus suivies sur\u00a0<a href=\"http:\/\/www.lefigaro.fr\/secteur\/high-tech\/instagram-et-whatsapp-n-auraient-pas-pu-percer-sans-facebook-plaide-zuckerberg-au-proces-meta-20250416\" data-fig-type=\"NewsFlash\" data-gtm-custom-categorie=\"navigation\" data-gtm-custom-action=\"crossclick\" data-gtm-custom-label=\"Contextuel\" data-gtm-event=\"customEventSPE\" data-fig-domain=\"LEFIGARO\" rel=\"nofollow noopener\" target=\"_blank\">Instagram<\/a>. Pendant le\u00a0<a href=\"https:\/\/www.lefigaro.fr\/story\/5-ans-du-confinement--la-peur-nous-a-abrutis-pendant-le-covid-19-et-a-remplace-toute-forme-danalyse-critique-17743\" data-fig-type=\"Story\" data-gtm-custom-categorie=\"navigation\" data-gtm-custom-action=\"crossclick\" data-gtm-custom-label=\"Contextuel\" data-gtm-event=\"customEventSPE\" data-fig-domain=\"LEFIGARO\" rel=\"nofollow noopener\" target=\"_blank\">confinement<\/a>\u00a0du printemps 2020, alors que toute la France est enferm\u00e9e, l\u2019ancien candidat se lance dans les vid\u00e9os en direct sur Instagram. Chaque soir, il se filme et invite ses abonn\u00e9s \u00e0 rejoindre son live qu\u2019il renomme le \u00ab AD show\u00a0\u00bb.<\/p>\n<p class=\"fig-paragraph\">Par \u00e9crans interpos\u00e9s les inconnus s\u2019encha\u00eenent et peuvent proposer de se mettre en sc\u00e8ne, montrer un talent de leur choix. C\u2019est en tout cas ce qu\u2019avan\u00e7ait d\u2019Adrien Laurent \u00e0 l\u2019\u00e9poque. Car en r\u00e9alit\u00e9, la plupart des participants sont des participantes invit\u00e9es \u00e0 danser, \u00abtwerker\u00bb et \u00e0 r\u00e9aliser des strip-teases devant des milliers de spectateurs connect\u00e9s en direct, le tout sous les commentaires d\u2019Adrien Laurent qui n\u2019h\u00e9sitait pas \u00e0 imiter des grognements et aboiements canins pendant les passages des jeunes filles.<\/p>\n<p>Compte Instagram supprim\u00e9<\/p>\n<p class=\"fig-paragraph\">Ces vid\u00e9os largement visionn\u00e9es et jug\u00e9es hypersexualisantes pour les participantes ont alors commenc\u00e9 \u00e0 faire l\u2019objet de critiques. D\u00e9j\u00e0, de nombreux internautes d\u00e9plorent le fait qu\u2019Adrien Laurent soit largement suivi par des mineurs pouvant assister \u00e0 ces sc\u00e8nes d\u00e9gradantes. Adrien Laurent s\u2019\u00e9tait alors justifi\u00e9 en affirmant lancer ces directs volontairement \u00e0 des heures tardives pour \u00e9viter que des personnes mineures ne tombent dessus. Bon nombre d\u2019internautes ont r\u00e9torqu\u00e9 qu\u2019en p\u00e9riode de confinement, tous les jeunes avaient une utilisation accentu\u00e9e de leur t\u00e9l\u00e9phone et des\u00a0<a href=\"http:\/\/www.lefigaro.fr\/secteur\/high-tech\/le-gouvernement-relance-l-epineux-dossier-de-l-interdiction-des-reseaux-sociaux-aux-moins-de-15-ans-20250512\" data-fig-type=\"Article\" data-gtm-custom-categorie=\"navigation\" data-gtm-custom-action=\"crossclick\" data-gtm-custom-label=\"Contextuel\" data-gtm-event=\"customEventSPE\" data-fig-domain=\"LEFIGARO\" rel=\"nofollow noopener\" target=\"_blank\">r\u00e9seaux sociaux<\/a>\u00a0et que l\u2019heure tardive n\u2019\u00e9tait en rien une protection.<\/p>\n<p class=\"fig-paragraph\">Autre critique majeure \u00e0 l\u2019\u00e9poque\u00a0: le manque de v\u00e9rification de l\u2019\u00e2ge des jeunes filles participant aux vid\u00e9os, pouvant donc \u00eatre potentiellement mineures. Des contenus trop explicites, jug\u00e9s dangereux voir \u00ab d\u00e9go\u00fbtants \u00bb par de nombreux internautes qui ont amen\u00e9 \u00e0 des signalements en masse du compte Instagram du protagoniste. Celui-ci a \u00e9t\u00e9 supprim\u00e9 de la plateforme en mai 2020. AD Laurent s\u2019est, \u00e0 l\u2019\u00e9poque, d\u00e9fendu dans une interview avec le sp\u00e9cialiste de la t\u00e9l\u00e9r\u00e9alit\u00e9, Sam Zirah, en affirmant avoir impos\u00e9 des r\u00e8gles lors de ses AD Show, prohibant la nudit\u00e9 ou les r\u00e9f\u00e9rences pornographiques.<\/p>\n<p>Industrie pornographique<\/p>\n<p class=\"fig-paragraph\">En parall\u00e8le de ce scandale, AD Laurent a continu\u00e9 de cultiver son image masculiniste de\u00a0<a href=\"http:\/\/www.lefigaro.fr\/actualite-france\/machoires-carrees-steroides-coups-de-marteau-qu-est-ce-que-le-looksmaxxing-cette-tendance-masculiniste-qui-cartonne-sur-tiktok-20250418\" data-fig-type=\"Article\" data-gtm-custom-categorie=\"navigation\" data-gtm-custom-action=\"crossclick\" data-gtm-custom-label=\"Contextuel\" data-gtm-event=\"customEventSPE\" data-fig-domain=\"LEFIGARO\" rel=\"nofollow noopener\" target=\"_blank\">m\u00e2le alpha ultra-muscl\u00e9<\/a>\u00a0au sourire ultra-blanc et au vocabulaire trash envers les femmes. \u00c0 la sortie du confinement l\u2019ancien candidat de t\u00e9l\u00e9r\u00e9alit\u00e9 s\u2019est lanc\u00e9 pleinement sur la plateforme Mym, con\u00e7u pour fournir des contenus exclusifs contre un abonnement mensuel pay\u00e9 par des abonn\u00e9s. La plateforme est particuli\u00e8rement pris\u00e9e pour la vente de photos et vid\u00e9os pour adulte. En parall\u00e8le, le candidat a v\u00e9ritablement entam\u00e9 une carri\u00e8re d\u2019acteur pornographique en r\u00e9alisant diff\u00e9rents tournages, notamment aux \u00c9tats-Unis.<\/p>\n<p class=\"fig-paragraph\">Populaire \u00e9galement sur\u00a0<a href=\"http:\/\/www.lefigaro.fr\/marseille\/voles-dans-un-zoo-et-revendus-sur-snapchat-a-marseille-les-dessous-d-un-incroyable-trafic-de-singes-20250405\" data-fig-type=\"NewsFlash\" data-gtm-custom-categorie=\"navigation\" data-gtm-custom-action=\"crossclick\" data-gtm-custom-label=\"Contextuel\" data-gtm-event=\"customEventSPE\" data-fig-domain=\"LEFIGARO\" rel=\"nofollow noopener\" target=\"_blank\">Snapchat<\/a>\u00a0et sur\u00a0<a href=\"http:\/\/www.lefigaro.fr\/international\/bras-de-fer-sino-americain-le-vietnam-mise-sur-un-patriotisme-tiktok-pour-federer-la-jeunesse-20250430\" data-fig-type=\"Article\" data-gtm-custom-categorie=\"navigation\" data-gtm-custom-action=\"crossclick\" data-gtm-custom-label=\"Contextuel\" data-gtm-event=\"customEventSPE\" data-fig-domain=\"LEFIGARO\" rel=\"nofollow noopener\" target=\"_blank\">TikTok<\/a>, AD Laurent continue d\u2019\u00eatre tr\u00e8s pr\u00e9sent, fort de son 1,8 million d\u2019abonn\u00e9s qu&rsquo;il appelle \u00ab mes pupuces\u00a0\u00bb. Sur le r\u00e9seau social chinois il s\u2019affiche r\u00e9guli\u00e8rement aux c\u00f4t\u00e9s de jeunes femmes multipliant les r\u00e9f\u00e9rences sexuelles. Des vid\u00e9os qui encouragent \u00ab une vision d\u00e9form\u00e9e et toxique de la sexualit\u00e9 o\u00f9 la domination et la violence prennent le pas sur le respect et le consentement\u00a0\u00bb exprimait la ministre d\u00e9l\u00e9gu\u00e9e \u00e0 l\u2019\u00c9galit\u00e9 femme homme,\u00a0<a href=\"http:\/\/www.lefigaro.fr\/faits-divers\/aurore-berge-alerte-tiktok-sur-les-contenus-preoccupants-de-l-influenceur-ad-laurent-20250514\" data-fig-type=\"NewsFlash\" data-gtm-custom-categorie=\"navigation\" data-gtm-custom-action=\"crossclick\" data-gtm-custom-label=\"Contextuel\" data-gtm-event=\"customEventSPE\" data-fig-domain=\"LEFIGARO\" rel=\"nofollow noopener\" target=\"_blank\">Aurore Berger<\/a>\u00a0dans une lettre adress\u00e9e au pr\u00e9sident de\u00a0<a href=\"http:\/\/www.lefigaro.fr\/societes\/des-lundi-les-francais-vont-pouvoir-faire-leur-shopping-sur-tiktok-20250327\" data-fig-type=\"NewsFlash\" data-gtm-custom-categorie=\"navigation\" data-gtm-custom-action=\"crossclick\" data-gtm-custom-label=\"Contextuel\" data-gtm-event=\"customEventSPE\" data-fig-domain=\"LEFIGARO\" rel=\"nofollow noopener\" target=\"_blank\">TikTok France<\/a>\u00a0rendue publique le 14 mai. Elle demande que la plateforme retire les contenus publi\u00e9s par l\u2019influenceur.<\/p>\n<p class=\"fig-paragraph\">Adrien Laurent a depuis longtemps laiss\u00e9 tomber la t\u00e9l\u00e9r\u00e9alit\u00e9 traditionnelle, pour se consacrer \u00e0 ces mises en sc\u00e8ne sur les r\u00e9seaux sociaux, notamment avec d\u2019autres cr\u00e9ateurs de contenu jug\u00e9s tr\u00e8s probl\u00e9matiques. \u00c0 l\u2019instar de ses nombreuses apparitions dans les vid\u00e9os de l\u2019ancien candidat de t\u00e9l\u00e9r\u00e9alit\u00e9 S\u00e9bastien Dubois, renomm\u00e9 Sebbydaddy. Ce dernier explique face cam\u00e9ra que c\u2019est \u00ab plus int\u00e9ressant d\u2019\u00eatre avec une jeune femme\u00a0\u00bb de 22 ans, alors qu\u2019\u00ab une jeune femme de 33 ans a d\u00e9j\u00e0 tout v\u00e9cu \u00bb. Il explique aussi aimer \u00ab les femmes tr\u00e8s soumises \u00bb, qui ne travaillent pas et qui peuvent \u00abs\u2019occuper de lui\u00bb.<\/p>\n<p>\u00a0\u00bb<br \/>\n        data-script=\u00a0\u00bbhttps:\/\/static.lefigaro.fr\/widget-video\/short-ttl\/video\/index.js\u00a0\u00bb<br \/>\n    &gt;<\/p>\n<p>Une plainte pour viol aggrav\u00e9<\/p>\n<p class=\"fig-paragraph\">En mars 2024, une plainte pour viol aggrav\u00e9 a \u00e9t\u00e9 d\u00e9pos\u00e9e \u00e0 l\u2019encontre d\u2019Adrien Laurent. La plaignante anonyme \u00e9voque deux viols \u00ab particuli\u00e8rement sauvages\u00a0\u00bb qui se seraient produits lors d\u2019un s\u00e9jour en\u00a0<a href=\"http:\/\/www.lefigaro.fr\/societes\/en-australie-un-duopole-dans-la-distribution-fait-barrage-a-la-concurrence-etrangere-20250511\" data-fig-type=\"Article\" data-gtm-custom-categorie=\"navigation\" data-gtm-custom-action=\"crossclick\" data-gtm-custom-label=\"Contextuel\" data-gtm-event=\"customEventSPE\" data-fig-domain=\"LEFIGARO\" rel=\"nofollow noopener\" target=\"_blank\">Australie\u00a0<\/a>en 2018, alors qu\u2019elle est \u00e2g\u00e9e de 22 ans. La plainte serait \u00e9tay\u00e9e de t\u00e9moignages et examens m\u00e9dicaux. La plaignante affirme souffrir depuis d\u2019un s\u00e9v\u00e8re traumatisme.<\/p>\n<p class=\"fig-paragraph\">Dans une interview qu\u2019Adrien Laurent a accord\u00e9e \u00e0 Sam Zirah \u00e0 ce propos, l\u2019acteur pornographique, sourire aux l\u00e8vres, d\u00e9ment les accusations. Dans la section commentaire de la vid\u00e9o post\u00e9e sur\u00a0<a href=\"http:\/\/www.lefigaro.fr\/secteur\/high-tech\/sur-la-video-en-direct-twitch-resiste-a-la-concurrence-de-youtube-et-de-kick-20250424\" data-fig-type=\"Article\" data-gtm-custom-categorie=\"navigation\" data-gtm-custom-action=\"crossclick\" data-gtm-custom-label=\"Contextuel\" data-gtm-event=\"customEventSPE\" data-fig-domain=\"LEFIGARO\" rel=\"nofollow noopener\" target=\"_blank\">YouTube<\/a>\u00a0et visionn\u00e9e plus de 700 000 fois, ses adorateurs continuent d\u2019exprimer leur soutien. \u00ab Le mec est sp\u00e9cial, controvers\u00e9, sulfureux, provocateur&#8230; on peut lui reprocher plein de choses, mais sa franchise, son honn\u00eatet\u00e9 et sa libert\u00e9 sont g\u00e9niales\u00a0\u00bb peut-on lire.<\/p>\n<p class=\"fig-paragraph\">Encore tr\u00e8s populaire en ligne malgr\u00e9 ces graves accusations, AD Laurent est aussi r\u00e9guli\u00e8rement invit\u00e9 \u00e0 faire des apparitions en bo\u00eete de nuit dans diff\u00e9rentes villes de France. Des \u00e9v\u00e9nements festifs qu\u2019il organise parfois lui-m\u00eame et qu\u2019il renomme \u00ab pupuceland\u00a0\u00bb dans lesquels il n\u2019h\u00e9site pas \u00e0 faire monter sur sc\u00e8ne des jeunes femmes venues pour danser devant un public majoritairement masculin. Des \u00e9v\u00e9nements qui affichent complets et dans lesquels des jeunes se bousculent pour l\u2019apercevoir.<\/p>\n<p class=\"fig-paragraph\">Derni\u00e8rement, sa venue dans la bo\u00eete de nuit le Boho \u00e0\u00a0<a href=\"http:\/\/www.lefigaro.fr\/faits-divers\/d-une-cite-a-l-autre-de-rouen-a-evreux-la-fabrique-de-mohamed-amra-une-enfance-au-coeur-de-la-delinquance-20250509\" data-fig-type=\"Article\" data-gtm-custom-categorie=\"navigation\" data-gtm-custom-action=\"crossclick\" data-gtm-custom-label=\"Contextuel\" data-gtm-event=\"customEventSPE\" data-fig-domain=\"LEFIGARO\" rel=\"nofollow noopener\" target=\"_blank\">Rouen<\/a>\u00a0a suscit\u00e9 l\u2019indignation des organisations f\u00e9ministes. Une manifestation a \u00e9t\u00e9 organis\u00e9e par le collectif Nous Toutes pendant la soir\u00e9e devant l\u2019\u00e9tablissement, tenant \u00e0 rappeler \u00e0 tous les participants la plainte d\u00e9pos\u00e9e contre AD Laurent et son comportement particuli\u00e8rement d\u00e9gradant envers les femmes.<\/p>\n","protected":false},"excerpt":{"rendered":"Acteur de films pornographiques et influenceur sur les r\u00e9seaux sociaux, cet ancien candidat de t\u00e9l\u00e9r\u00e9alit\u00e9 &#8211; vis\u00e9 par&hellip;\n","protected":false},"author":2,"featured_media":102069,"comment_status":"","ping_status":"","sticky":false,"template":"","format":"standard","meta":{"footnotes":""},"categories":[4],"tags":[47,11,722,723,1011,27,727,726,142,310,655,720,12,719,25,3667,724,725,717,2587,718,2439,1265,721,728],"class_list":{"0":"post-102068","1":"post","2":"type-post","3":"status-publish","4":"format-standard","5":"has-post-thumbnail","7":"category-france","8":"tag-actualite","9":"tag-actualites","10":"tag-blog","11":"tag-blogs","12":"tag-fr","13":"tag-france","14":"tag-gadget","15":"tag-gadgets","16":"tag-high-tech","17":"tag-internet","18":"tag-iphone","19":"tag-multimedia","20":"tag-news","21":"tag-nouvelles-technolgies","22":"tag-republique-francaise","23":"tag-sexisme","24":"tag-smartphone","25":"tag-tablette","26":"tag-technologie","27":"tag-telerealite","28":"tag-tic","29":"tag-tiktok","30":"tag-viol","31":"tag-web","32":"tag-widgets"},"share_on_mastodon":{"url":"https:\/\/pubeurope.com\/@fr\/114512226070674855","error":""},"_links":{"self":[{"href":"https:\/\/www.europesays.com\/fr\/wp-json\/wp\/v2\/posts\/102068","targetHints":{"allow":["GET"]}}],"collection":[{"href":"https:\/\/www.europesays.com\/fr\/wp-json\/wp\/v2\/posts"}],"about":[{"href":"https:\/\/www.europesays.com\/fr\/wp-json\/wp\/v2\/types\/post"}],"author":[{"embeddable":true,"href":"https:\/\/www.europesays.com\/fr\/wp-json\/wp\/v2\/users\/2"}],"replies":[{"embeddable":true,"href":"https:\/\/www.europesays.com\/fr\/wp-json\/wp\/v2\/comments?post=102068"}],"version-history":[{"count":0,"href":"https:\/\/www.europesays.com\/fr\/wp-json\/wp\/v2\/posts\/102068\/revisions"}],"wp:featuredmedia":[{"embeddable":true,"href":"https:\/\/www.europesays.com\/fr\/wp-json\/wp\/v2\/media\/102069"}],"wp:attachment":[{"href":"https:\/\/www.europesays.com\/fr\/wp-json\/wp\/v2\/media?parent=102068"}],"wp:term":[{"taxonomy":"category","embeddable":true,"href":"https:\/\/www.europesays.com\/fr\/wp-json\/wp\/v2\/categories?post=102068"},{"taxonomy":"post_tag","embeddable":true,"href":"https:\/\/www.europesays.com\/fr\/wp-json\/wp\/v2\/tags?post=102068"}],"curies":[{"name":"wp","href":"https:\/\/api.w.org\/{rel}","templated":true}]}}