{"id":1020734,"date":"2026-06-24T07:18:30","date_gmt":"2026-06-24T07:18:30","guid":{"rendered":"https:\/\/www.europesays.com\/fr\/1020734\/"},"modified":"2026-06-24T07:18:30","modified_gmt":"2026-06-24T07:18:30","slug":"marseille-le-nouveau-samu-zonal-inaugure-a-lhopital-de-la-timone","status":"publish","type":"post","link":"https:\/\/www.europesays.com\/fr\/1020734\/","title":{"rendered":"Marseille : le nouveau SAMU zonal inaugur\u00e9 \u00e0 l\u2019H\u00f4pital de La Timone"},"content":{"rendered":"<p>Dans un contexte climatique de plus en plus extr\u00eame, la r\u00e9gion Provence-Alpes-C\u00f4te d&rsquo;Azur se dote d&rsquo;un outil de pointe pour la gestion des urgences m\u00e9dicales. Ce mardi 23 juin 2026, les autorit\u00e9s de l&rsquo;\u00c9tat, de la R\u00e9gion Sud et de l&rsquo;AP-HM ont inaugur\u00e9 le nouveau b\u00e2timent du SAMU zonal au sein de l&rsquo;H\u00f4pital de La Timone \u00e0 Marseille. Une structure strat\u00e9gique de 23 millions d&rsquo;euros, d\u00e9j\u00e0 mise \u00e0 l&rsquo;\u00e9preuve par un \u00e9pisode caniculaire qui g\u00e9n\u00e8re pr\u00e8s de 3 000 appels quotidiens.<\/p>\n<p class=\"ng-star-inserted\">\u00a0<\/p>\n<p>Un hub technologique pour la sant\u00e9 r\u00e9gionale<\/p>\n<p class=\"ng-star-inserted\">Situ\u00e9 au c\u0153ur du p\u00f4le hospitalier de La Timone, ce nouvel \u00e9quipement ne se limite plus \u00e0 la seule ville de Marseille. En tant que SAMU zonal, il couvre l&rsquo;ensemble du territoire r\u00e9gional et assure la coordination des moyens de secours pour toute la zone de d\u00e9fense Sud.<\/p>\n<p class=\"ng-star-inserted\">Le b\u00e2timent regroupe d\u00e9sormais en un lieu unique des services essentiels : le SAMU et le SMUR, le Centre de R\u00e9ception et de R\u00e9gulation des Appels (CRRA), la Cellule d\u2019Urgence M\u00e9dico-Psychologique (CUMP), ainsi que le Centre Anti-Poison. Cette centralisation vise \u00e0 optimiser la r\u00e9activit\u00e9 face aux catastrophes majeures ou \u00e0 l&rsquo;afflux massif de victimes.<\/p>\n<p class=\"ng-star-inserted\">\u00a0<\/p>\n<p>3 000 appels par jour : une mise en service sous haute tension<\/p>\n<p class=\"ng-star-inserted\">L&rsquo;inauguration intervient alors que les services de secours font face \u00e0 des chaleurs exceptionnelles. Le SAMU enregistre actuellement une activit\u00e9 record avec 3 000 appels trait\u00e9s chaque jour, soit une part significative du million d&rsquo;appels annuels re\u00e7us par le centre marseillais.<\/p>\n<p class=\"ng-star-inserted\">Face \u00e0 cette saturation, un protocole de niveau 3 a \u00e9t\u00e9 activ\u00e9. Le nouveau centre permet justement de mieux piloter ces crises sanitaires en facilitant les transferts inter-hospitaliers et la mobilisation de renforts m\u00e9dicaux sur l&rsquo;ensemble des d\u00e9partements de la r\u00e9gion.<\/p>\n<p class=\"ng-star-inserted\">\u00ab\u00a0En pleine p\u00e9riode de forte chaleur, ce nouveau SAMU zonal montre toute son importance pour notre territoire. Il renforce notre capacit\u00e9 \u00e0 r\u00e9pondre aux situations d\u2019urgence et aux crises exceptionnelles \u00bb, indique la R\u00e9gion Sud.<\/p>\n<p class=\"ng-star-inserted\">\u00a0<\/p>\n<p>Un investissement majeur du plan \u00ab\u00a0Marseille en Grand\u00a0\u00bb<\/p>\n<p class=\"ng-star-inserted\">D&rsquo;un montant de 23 millions d&rsquo;euros, la construction de ce p\u00f4le a \u00e9t\u00e9 financ\u00e9e \u00e0 hauteur de 17 millions par l&rsquo;\u00c9tat et 6 millions par la R\u00e9gion Sud. Ce projet constitue l&rsquo;un des piliers du programme \u00ab\u00a0Cap sur 2030\u00a0\u00bb de l&rsquo;AP-HM.<\/p>\n<p class=\"ng-star-inserted\">Pour Jacques Witkowski, Pr\u00e9fet des Bouches-du-Rh\u00f4ne, l&rsquo;objectif est clair : \u00ab Offrir aux 300 soignants un lieu de travail pour faire face \u00e0 l&rsquo;accroissement des urgences. Ce b\u00e2timent incarne une sant\u00e9 publique innovante et protectrice \u00bb. Fran\u00e7ois Cr\u00e9mieux, Directeur g\u00e9n\u00e9ral de l\u2019AP-HM, souligne pour sa part que cet outil est d\u00e9sormais \u00e0 la hauteur de l&rsquo;activit\u00e9 du deuxi\u00e8me SAMU de France.<\/p>\n<p class=\"ng-star-inserted\">\u00a0<\/p>\n<p>Un b\u00e2timent exemplaire en mati\u00e8re de durabilit\u00e9<\/p>\n<p class=\"ng-star-inserted\">Au-del\u00e0 de ses capacit\u00e9s op\u00e9rationnelles, le projet a obtenu la labellisation \u00ab\u00a0B\u00e2timent Durable M\u00e9diterran\u00e9en\u00a0\u00bb de niveau Or. L&rsquo;infrastructure int\u00e8gre des panneaux photovolta\u00efques en toiture, utilise des mat\u00e9riaux \u00e0 faible impact carbone et a privil\u00e9gi\u00e9 le r\u00e9emploi de mat\u00e9riaux issus d&rsquo;autres chantiers du site hospitalier.<\/p>\n<p class=\"ng-star-inserted\">Pour Yann Bubien, Directeur g\u00e9n\u00e9ral de l&rsquo;ARS PACA, ce nouveau si\u00e8ge est un atout majeur pour anticiper les d\u00e9fis de demain : \u00ab Cette organisation renforce la coordination, la r\u00e9activit\u00e9 et l\u2019efficacit\u00e9 de la r\u00e9ponse aux urgences \u00bb.<\/p>\n<p class=\"ng-star-inserted\">\u00a0<\/p>\n<p class=\"ng-star-inserted\">cr\u00e9dit photo F. Boukla\u00a0<\/p>\n","protected":false},"excerpt":{"rendered":"Dans un contexte climatique de plus en plus extr\u00eame, la r\u00e9gion Provence-Alpes-C\u00f4te d&rsquo;Azur se dote d&rsquo;un outil de&hellip;\n","protected":false},"author":2,"featured_media":1020735,"comment_status":"","ping_status":"","sticky":false,"template":"","format":"standard","meta":{"footnotes":"","_share_on_mastodon":"0"},"categories":[2814],"tags":[1111,11,1777,674,1011,27,884,12,882,25,14322,71],"class_list":["post-1020734","post","type-post","status-publish","format-standard","has-post-thumbnail","category-marseille","tag-actu","tag-actualites","tag-eu","tag-europe","tag-fr","tag-france","tag-marseille","tag-news","tag-provence-alpes-cote-dazur","tag-republique-francaise","tag-samu","tag-sante"],"share_on_mastodon":{"url":"https:\/\/pubeurope.com\/@fr\/116803869605562930","error":""},"_links":{"self":[{"href":"https:\/\/www.europesays.com\/fr\/wp-json\/wp\/v2\/posts\/1020734","targetHints":{"allow":["GET"]}}],"collection":[{"href":"https:\/\/www.europesays.com\/fr\/wp-json\/wp\/v2\/posts"}],"about":[{"href":"https:\/\/www.europesays.com\/fr\/wp-json\/wp\/v2\/types\/post"}],"author":[{"embeddable":true,"href":"https:\/\/www.europesays.com\/fr\/wp-json\/wp\/v2\/users\/2"}],"replies":[{"embeddable":true,"href":"https:\/\/www.europesays.com\/fr\/wp-json\/wp\/v2\/comments?post=1020734"}],"version-history":[{"count":0,"href":"https:\/\/www.europesays.com\/fr\/wp-json\/wp\/v2\/posts\/1020734\/revisions"}],"wp:featuredmedia":[{"embeddable":true,"href":"https:\/\/www.europesays.com\/fr\/wp-json\/wp\/v2\/media\/1020735"}],"wp:attachment":[{"href":"https:\/\/www.europesays.com\/fr\/wp-json\/wp\/v2\/media?parent=1020734"}],"wp:term":[{"taxonomy":"category","embeddable":true,"href":"https:\/\/www.europesays.com\/fr\/wp-json\/wp\/v2\/categories?post=1020734"},{"taxonomy":"post_tag","embeddable":true,"href":"https:\/\/www.europesays.com\/fr\/wp-json\/wp\/v2\/tags?post=1020734"}],"curies":[{"name":"wp","href":"https:\/\/api.w.org\/{rel}","templated":true}]}}