{"id":102076,"date":"2025-05-15T14:07:14","date_gmt":"2025-05-15T14:07:14","guid":{"rendered":"https:\/\/www.europesays.com\/fr\/102076\/"},"modified":"2025-05-15T14:07:14","modified_gmt":"2025-05-15T14:07:14","slug":"laneuvelotte-la-ministre-de-la-ruralite-soutient-le-programme-villages-davenir","status":"publish","type":"post","link":"https:\/\/www.europesays.com\/fr\/102076\/","title":{"rendered":"Laneuvelotte. La ministre de la ruralit\u00e9 soutient le programme Villages d\u2019avenir"},"content":{"rendered":"<p>Fran\u00e7oise Gatel, ministre d\u00e9l\u00e9gu\u00e9e charg\u00e9e de la ruralit\u00e9, poursuit son cycle de d\u00e9placements pour \u00e9valuer le plan France Ruralit\u00e9s sur le terrain, deux ans apr\u00e8s son lancement.<\/p>\n<p>Apr\u00e8s un discours d\u2019ouverture au congr\u00e8s national de G\u00eetes de France au centre Prouv\u00e9 de Nancy, la transition \u00e9tait toute trouv\u00e9e avec Laneuvelotte, puisque le convoi des personnalit\u00e9s s\u2019est arr\u00eat\u00e9 devant la ferme Deranton, entre les chambres d\u2019h\u00f4tes des Volets Bleus et le g\u00eete du Marronnier, ouvert en&#8230;<\/p>\n","protected":false},"excerpt":{"rendered":"Fran\u00e7oise Gatel, ministre d\u00e9l\u00e9gu\u00e9e charg\u00e9e de la ruralit\u00e9, poursuit son cycle de d\u00e9placements pour \u00e9valuer le plan France&hellip;\n","protected":false},"author":2,"featured_media":102077,"comment_status":"","ping_status":"","sticky":false,"template":"","format":"standard","meta":{"footnotes":""},"categories":[9635],"tags":[1111,11,12080,1704,1777,674,1011,27,775,13793,1702,12,316,25],"class_list":{"0":"post-102076","1":"post","2":"type-post","3":"status-publish","4":"format-standard","5":"has-post-thumbnail","7":"category-nancy","8":"tag-actu","9":"tag-actualites","10":"tag-cc-de-seille-et-grand-couronne-54b","11":"tag-edition-nancy-et-agglomeration","12":"tag-eu","13":"tag-europe","14":"tag-fr","15":"tag-france","16":"tag-grand-est","17":"tag-laneuvelotte","18":"tag-nancy","19":"tag-news","20":"tag-politique","21":"tag-republique-francaise"},"share_on_mastodon":{"url":"https:\/\/pubeurope.com\/@fr\/114512241865276840","error":""},"_links":{"self":[{"href":"https:\/\/www.europesays.com\/fr\/wp-json\/wp\/v2\/posts\/102076","targetHints":{"allow":["GET"]}}],"collection":[{"href":"https:\/\/www.europesays.com\/fr\/wp-json\/wp\/v2\/posts"}],"about":[{"href":"https:\/\/www.europesays.com\/fr\/wp-json\/wp\/v2\/types\/post"}],"author":[{"embeddable":true,"href":"https:\/\/www.europesays.com\/fr\/wp-json\/wp\/v2\/users\/2"}],"replies":[{"embeddable":true,"href":"https:\/\/www.europesays.com\/fr\/wp-json\/wp\/v2\/comments?post=102076"}],"version-history":[{"count":0,"href":"https:\/\/www.europesays.com\/fr\/wp-json\/wp\/v2\/posts\/102076\/revisions"}],"wp:featuredmedia":[{"embeddable":true,"href":"https:\/\/www.europesays.com\/fr\/wp-json\/wp\/v2\/media\/102077"}],"wp:attachment":[{"href":"https:\/\/www.europesays.com\/fr\/wp-json\/wp\/v2\/media?parent=102076"}],"wp:term":[{"taxonomy":"category","embeddable":true,"href":"https:\/\/www.europesays.com\/fr\/wp-json\/wp\/v2\/categories?post=102076"},{"taxonomy":"post_tag","embeddable":true,"href":"https:\/\/www.europesays.com\/fr\/wp-json\/wp\/v2\/tags?post=102076"}],"curies":[{"name":"wp","href":"https:\/\/api.w.org\/{rel}","templated":true}]}}