{"id":102104,"date":"2025-05-15T14:25:20","date_gmt":"2025-05-15T14:25:20","guid":{"rendered":"https:\/\/www.europesays.com\/fr\/102104\/"},"modified":"2025-05-15T14:25:20","modified_gmt":"2025-05-15T14:25:20","slug":"un-policier-ecroue-pour-le-viol-dun-enfant-de-8-ans","status":"publish","type":"post","link":"https:\/\/www.europesays.com\/fr\/102104\/","title":{"rendered":"un policier \u00e9crou\u00e9 pour le viol d\u2019un enfant de 8 ans"},"content":{"rendered":"<p>Un agent de police nantais, \u00e2g\u00e9 de 45 ans, a \u00e9t\u00e9 \u00e9crou\u00e9 apr\u00e8s avoir avou\u00e9 une agression sexuelle commise sur un camarade de son propre fils, \u00e9galement \u00e2g\u00e9 de 8 ans.<\/p>\n<p class=\"fig-paragraph\">Un policier en poste\u00a0<a href=\"https:\/\/www.lefigaro.fr\/nantes\" target=\"_blank\" data-fig-type=\"Section\" rel=\"noopener\" data-gtm-custom-categorie=\"navigation\" data-gtm-custom-action=\"crossclick\" data-gtm-custom-label=\"Contextuel\" data-gtm-event=\"customEventSPE\" data-fig-domain=\"LEFIGARO\">\u00e0 Nantes<\/a>\u00a0(Loire-Atlantique) a \u00e9t\u00e9 mis en examen et \u00e9crou\u00e9 pour viol et agression sexuelle sur mineur, a indiqu\u00e9 jeudi le parquet de Rennes. Le procureur de la R\u00e9publique de Rennes, Fr\u00e9d\u00e9ric Teillet, a soulign\u00e9 aupr\u00e8s de l\u2019AFP que \u00ables faits, commis dans un cadre priv\u00e9, concernent (&#8230;) un mineur \u00e2g\u00e9 de huit ans lors des faits. Ils sont reconnus par le mis en examen\u00bb, confirmant une information du journal\u00a0<a href=\"https:\/\/www.ouest-france.fr\/societe\/faits-divers\/un-policier-de-nantes-mis-en-examen-pour-viol-et-agression-sexuelle-sur-un-garcon-de-8-ans-1846713e-3002-11f0-a780-38f15a8a5638\" target=\"_blank\" rel=\"noopener\" data-gtm-custom-categorie=\"navigation\" data-gtm-custom-action=\"crossclick\" data-gtm-custom-label=\"Contextuel\" data-gtm-event=\"customEventSPE\">Ouest France<\/a> .<\/p>\n<p class=\"fig-paragraph\">Il a \u00e9galement confirm\u00e9 \u00abla mise en examen et le placement en d\u00e9tention provisoire, conformes aux r\u00e9quisitions du parquet\u00bb de cet \u00abhomme de 45 ans pour viol sur mineur de moins de 15 ans et agression sexuelle sur mineur de moins de 15 ans\u00bb. \u00abCette proc\u00e9dure, initi\u00e9e sous l\u2019autorit\u00e9 du parquet de Nantes, a \u00e9t\u00e9 d\u00e9pays\u00e9e au parquet de Rennes, du fait de la qualit\u00e9 de fonctionnaire de police du mis en cause qui exer\u00e7ait sur la circonscription de Nantes\u00bb, a ajout\u00e9 le magistrat.<\/p>\n<p class=\"fig-paragraph\">D\u2019apr\u00e8s Ouest France, \u00able policier, pr\u00e9c\u00e9demment affect\u00e9 dans le Val-de-Marne (&#8230;), \u00e9tait arriv\u00e9 \u00e0 Nantes il y a trois ans. P\u00e8re d\u2019un enfant de huit ans dont il a la garde exclusive, il avait \u00e9t\u00e9 affect\u00e9 au groupe des violences aux personnes il y a six mois\u00bb. La victime serait, toujours selon le quotidien r\u00e9gional, \u00abun copain de son fils\u00bb.<\/p>\n","protected":false},"excerpt":{"rendered":"Un agent de police nantais, \u00e2g\u00e9 de 45 ans, a \u00e9t\u00e9 \u00e9crou\u00e9 apr\u00e8s avoir avou\u00e9 une agression sexuelle&hellip;\n","protected":false},"author":2,"featured_media":102105,"comment_status":"","ping_status":"","sticky":false,"template":"","format":"standard","meta":{"footnotes":""},"categories":[2818],"tags":[1111,11,1267,1777,674,462,1011,27,2640,2642,766,2638,2643,2637,2639,2646,2645,2641,2635,2644,2647,12,2636,1072,25,1265],"class_list":{"0":"post-102104","1":"post","2":"type-post","3":"status-publish","4":"format-standard","5":"has-post-thumbnail","7":"category-nantes","8":"tag-actu","9":"tag-actualites","10":"tag-agression-sexuelle","11":"tag-eu","12":"tag-europe","13":"tag-fc-nantes","14":"tag-fr","15":"tag-france","16":"tag-hauts-paves-saint-felix","17":"tag-ile-de-nantes","18":"tag-nantes","19":"tag-nantes-bellevue-chantenay-sainte-anne","20":"tag-nantes-breil-barberie","21":"tag-nantes-centre-ville","22":"tag-nantes-dervallieres-zola","23":"tag-nantes-doulon-bottiere","24":"tag-nantes-erdre","25":"tag-nantes-malakoff-saint-donatien","26":"tag-nantes-metropole","27":"tag-nantes-nord","28":"tag-nantes-sud","29":"tag-news","30":"tag-pays-de-la-loire","31":"tag-police","32":"tag-republique-francaise","33":"tag-viol"},"share_on_mastodon":{"url":"https:\/\/pubeurope.com\/@fr\/114512312683286576","error":""},"_links":{"self":[{"href":"https:\/\/www.europesays.com\/fr\/wp-json\/wp\/v2\/posts\/102104","targetHints":{"allow":["GET"]}}],"collection":[{"href":"https:\/\/www.europesays.com\/fr\/wp-json\/wp\/v2\/posts"}],"about":[{"href":"https:\/\/www.europesays.com\/fr\/wp-json\/wp\/v2\/types\/post"}],"author":[{"embeddable":true,"href":"https:\/\/www.europesays.com\/fr\/wp-json\/wp\/v2\/users\/2"}],"replies":[{"embeddable":true,"href":"https:\/\/www.europesays.com\/fr\/wp-json\/wp\/v2\/comments?post=102104"}],"version-history":[{"count":0,"href":"https:\/\/www.europesays.com\/fr\/wp-json\/wp\/v2\/posts\/102104\/revisions"}],"wp:featuredmedia":[{"embeddable":true,"href":"https:\/\/www.europesays.com\/fr\/wp-json\/wp\/v2\/media\/102105"}],"wp:attachment":[{"href":"https:\/\/www.europesays.com\/fr\/wp-json\/wp\/v2\/media?parent=102104"}],"wp:term":[{"taxonomy":"category","embeddable":true,"href":"https:\/\/www.europesays.com\/fr\/wp-json\/wp\/v2\/categories?post=102104"},{"taxonomy":"post_tag","embeddable":true,"href":"https:\/\/www.europesays.com\/fr\/wp-json\/wp\/v2\/tags?post=102104"}],"curies":[{"name":"wp","href":"https:\/\/api.w.org\/{rel}","templated":true}]}}