{"id":10211,"date":"2025-04-08T12:42:12","date_gmt":"2025-04-08T12:42:12","guid":{"rendered":"https:\/\/www.europesays.com\/fr\/10211\/"},"modified":"2025-04-08T12:42:12","modified_gmt":"2025-04-08T12:42:12","slug":"psg-ca-navance-pas-avec-campos-maxifoot","status":"publish","type":"post","link":"https:\/\/www.europesays.com\/fr\/10211\/","title":{"rendered":"PSG : \u00e7a n&#039;avance pas avec Campos &#8211; Maxifoot"},"content":{"rendered":"<ol>\n<li><a href=\"https:\/\/news.google.com\/rss\/articles\/CBMie0FVX3lxTE5scnhNOXpMOWhuaXNfZTRkTWZCbURaaDBxekpSTWZEWDQ1b0g0X0FvbFRMTkhqc0tKUkFkNzVkYlBNWmh3amJ2MFc0ay1qOWxRT214T0U0Tnl6RjRLS0ZjMXlRSjY2TGdITkFqQXJ4azZkekpEMkN4dUxFUdIBe0FVX3lxTFBZQTVucDF1eGd0ZUNKQUNnQU5PQ2FEMzNVaXF1LUZSclNrZUE5ZXYxLUh0cURDSlJZX2FqZFFwOXVPRmhHTTRRNkhtb29RSmxEQzVZSlVJYmpuYTRDWk5CNktQWWdQUnpqX0ZNUEYzWVNoREZaN0QzUldzZw?oc=5\" target=\"_blank\" rel=\"noopener\">PSG : \u00e7a n&rsquo;avance pas avec Campos<\/a>&nbsp;&nbsp;Maxifoot<\/li>\n<li><a href=\"https:\/\/news.google.com\/rss\/articles\/CBMi3AFBVV95cUxOZHBWYXpFT2FIYjYyVy1PM3lESFNwSVFkU3FXRW4td1NxMkp4YjVZdEFpcWxET255RXRfUFhrem1OdmstNDU1N0R4WDg3VlhaQTl6Q2lWNzMtTmtGY0JmLXZpMGVQQmdPR1lvcTBfQjBseVF3SzVCTGJHVTRYN0ZtVUpWdFlFUDB2ZEc5VFNYUExlYnJuMVlGY3NkSm9DajhmR3poR0xWaHd1QnM5NDRHLVdjdUVwZTBuRzZQaUd6WUdxRjF1eFV4OFZSdGtMTnpNMFItRVZvYnhhYnJC?oc=5\" target=\"_blank\" rel=\"noopener\">PSG : \u00ab\u00a0Campos veut rester, le club ne veut pas qu&rsquo;il reste\u00a0\u00bb affirme Riolo<\/a>&nbsp;&nbsp;RMC Sport<\/li>\n<li><a href=\"https:\/\/news.google.com\/rss\/articles\/CBMinwFBVV95cUxPT0F3VlRQZUJzSU81a2IyaXJzR29NSWFFZWgyVS1LcGhndXNtY0xvc2tCSk1JSTEtY2tpQS1tWTR0d3pEbWJqaGZTTWR3XzFmRGg1Mzg2aXZIR29qLUx0TVZ1UFNBaHBneE9STGFycDFWT3JjVlBnM1g1c1FHbXZBZ0lBdG10Q3ZtNUlWd1BQOU5FOEdaMy11YVYzcXFZRDDSAZ4BQVVfeXFMT0J1enhMNjkwQzlPMXpMdXNIMmd2QlBRclNxQ2RrTDBabFRBMWpSUE1JalVEWEJJRzh0Q3FaVzJrazd5SzRIaWF3Z1F3TFZNWW1wTzBvbE0tYU5pQVhqSGQ3NnJVcUgxMWVtRUZERVFQTkthU3RvdVh3dy12eXBHUVZEVlpCOXB1VEc5Z3J1YUt0WDU5NGtYaHgtNDBwUkE?oc=5\" target=\"_blank\" rel=\"noopener\">PSG : Luis Campos dans le flou<\/a>&nbsp;&nbsp;Orange Actualit\u00e9s | Sports<\/li>\n<li><a href=\"https:\/\/news.google.com\/rss\/articles\/CBMijwFBVV95cUxPeVBKY19SMWpYYmQ5Z1ZLLWxCSjg3M25iNjZGV2p5WDZxdGRDaWNGLVNncUVkLXFOQmVDR3NDbk5tT2tYUGE1NHBmWTZ2VlA2d19FeTVScVlCLThMc25pSU80eThmWTM1VXFJTzlRSFpPVEk4eVRXY0xpSXN6aWlXSzRvNUxTRmJkcW53S05mb9IBmgJBVV95cUxOQlFCTHB3TDR2S3B3WmhkTU9qbF91NGp6MHRQQzNYS1lkSlgyRXFOYnZZWUdGTHZ6NWhNbEZfQzRBUzk2OW9jQjFheGJudTYzdU8ya0EzN044QjBYamFicEExdmMyS282dmE1bTZibFkzcUpqV0hnNFFHX184eWNkbDZlemxqakk0ZzFLVDkwaW1KeXdrMXh4Sl82MmZJTkNGS3JPZGNZTEpIdFY2V3BDRHdjOFBPUnlpdDBuZHprc0hMUFJfZ3lKd1puVlhRNC1nUVBRVS01STZsS2ZMUDBrQmViYnBoWVN5YnNza2FEb3lIcEZGcjVLZUd3N01CcW9GMng4Z2swTUR3XzJ6Zy03cF9YcEtLTnE0RGc?oc=5\" target=\"_blank\" rel=\"noopener\">Mercato &#8211; Luis Campos encore loin de prolonger avec le PSG<\/a>&nbsp;&nbsp;Canal Supporters PSG 24-7<\/li>\n<li><a href=\"https:\/\/news.google.com\/rss\/articles\/CBMilgFBVV95cUxOREVXN0pXYW5VY2tTUDdVdHMzV0ZqcllnRTMxazdhcm1Hc1puR0VYSXdrcHVVdkhTTW1zSTYtUDhPUExjLXNNMVdyM0lUU205SXllZ0RHeEFKZk56SDdHbXlXNzdndlEydVNnVlRhZDVEckFvQ0Ftb0NFT0hUMElyVnBZdzNNbGpmc0lIN1hFRFpwX1BTZ0E?oc=5\" target=\"_blank\" rel=\"noopener\">PSG, \u00e9tonnante r\u00e9v\u00e9lation sur Luis Campos<\/a>&nbsp;&nbsp;Goal.com<\/li>\n<\/ol>\n","protected":false},"excerpt":{"rendered":"PSG : \u00e7a n&rsquo;avance pas avec Campos&nbsp;&nbsp;Maxifoot PSG : \u00ab\u00a0Campos veut rester, le club ne veut pas qu&rsquo;il&hellip;\n","protected":false},"author":2,"featured_media":10212,"comment_status":"","ping_status":"","sticky":false,"template":"","format":"standard","meta":{"footnotes":""},"categories":[1410],"tags":[2266,2262,2261,1981,83,2260,451,2263,462,2269,2257,63,1011,27,2265,1441,453,66,447,2267,955,2268,241,149,70,1817,93,2264,2258,2259,60,969,455],"class_list":{"0":"post-10211","1":"post","2":"type-post","3":"status-publish","4":"format-standard","5":"has-post-thumbnail","7":"category-football","8":"tag-as-monaco","9":"tag-bundesligua","10":"tag-calcio","11":"tag-classement","12":"tag-coupe-de-france","13":"tag-coupe-de-la-ligue","14":"tag-coupe-du-monde","15":"tag-equipe","16":"tag-fc-nantes","17":"tag-fifa","18":"tag-foot","19":"tag-football","20":"tag-fr","21":"tag-france","22":"tag-girondins-bordeaux","23":"tag-joueur","24":"tag-liga","25":"tag-ligue-1","26":"tag-ligue-des-champions","27":"tag-losc","28":"tag-match","29":"tag-ogc-nice","30":"tag-ol","31":"tag-om","32":"tag-premier-league","33":"tag-pronostic","34":"tag-psg","35":"tag-rc-lens","36":"tag-resultat","37":"tag-score","38":"tag-sports","39":"tag-transfert","40":"tag-uefa"},"share_on_mastodon":{"url":"https:\/\/pubeurope.com\/@fr\/114302402145075332","error":""},"_links":{"self":[{"href":"https:\/\/www.europesays.com\/fr\/wp-json\/wp\/v2\/posts\/10211","targetHints":{"allow":["GET"]}}],"collection":[{"href":"https:\/\/www.europesays.com\/fr\/wp-json\/wp\/v2\/posts"}],"about":[{"href":"https:\/\/www.europesays.com\/fr\/wp-json\/wp\/v2\/types\/post"}],"author":[{"embeddable":true,"href":"https:\/\/www.europesays.com\/fr\/wp-json\/wp\/v2\/users\/2"}],"replies":[{"embeddable":true,"href":"https:\/\/www.europesays.com\/fr\/wp-json\/wp\/v2\/comments?post=10211"}],"version-history":[{"count":0,"href":"https:\/\/www.europesays.com\/fr\/wp-json\/wp\/v2\/posts\/10211\/revisions"}],"wp:featuredmedia":[{"embeddable":true,"href":"https:\/\/www.europesays.com\/fr\/wp-json\/wp\/v2\/media\/10212"}],"wp:attachment":[{"href":"https:\/\/www.europesays.com\/fr\/wp-json\/wp\/v2\/media?parent=10211"}],"wp:term":[{"taxonomy":"category","embeddable":true,"href":"https:\/\/www.europesays.com\/fr\/wp-json\/wp\/v2\/categories?post=10211"},{"taxonomy":"post_tag","embeddable":true,"href":"https:\/\/www.europesays.com\/fr\/wp-json\/wp\/v2\/tags?post=10211"}],"curies":[{"name":"wp","href":"https:\/\/api.w.org\/{rel}","templated":true}]}}