{"id":102122,"date":"2025-05-15T14:34:19","date_gmt":"2025-05-15T14:34:19","guid":{"rendered":"https:\/\/www.europesays.com\/fr\/102122\/"},"modified":"2025-05-15T14:34:19","modified_gmt":"2025-05-15T14:34:19","slug":"15-300-pots-de-pate-a-tartiner-el-mordjene-saisis-par-les-douanes-sur-le-port-de-marseille","status":"publish","type":"post","link":"https:\/\/www.europesays.com\/fr\/102122\/","title":{"rendered":"15 300 pots de p\u00e2te \u00e0 tartiner El Mordjene saisis par les douanes sur le port de Marseille"},"content":{"rendered":"<p>L\u2019ouverture par la douane d\u2019un conteneur sur les bassins Est du port de Marseille, fin mars, a permis la d\u00e9couverte de plusieurs milliers de colis et de pots contenants des produits alimentaires, dont 18 palettes de p\u00e2te \u00e0 tartiner El Mordjene, interdite en France et dans l&rsquo;Union europ\u00e9enne.<\/p>\n<p>Le contr\u00f4le du conteneur a permis de saisir 2 556 colis de p\u00e2te \u00ab\u00a0El Mordjene\u00a0\u00bb pour un poids de pr\u00e8s de 9700 kg (15 300 pots), 296 colis de nappage pour un poids de pr\u00e8s de 1 800 kg (3 550 pots) et 1 560 cartons de biscuits pour un poids net de pr\u00e8s de 7 000 kg. Selon les douanes, c&rsquo;est une constatation \u00ab\u00a0record\u00a0\u00bb sur ce type de produits.\u00a0Selon le directeur r\u00e9gional des douanes Micka\u00ebl Lachaud, \u00ab\u00a0on n&rsquo;avait jamais eu \u00e0 saisir autant de pots, \u00e7a repr\u00e9sente pr\u00e8s de 10 tonnes. La saisie la plus importante r\u00e9alis\u00e9e l&rsquo;an dernier, c&rsquo;\u00e9tait 3 tonnes 6, donc on multiplie par 3\u00a0\u00bb.<\/p>\n<p>Le directeur r\u00e9gional des douanes rappelle que la p\u00e2te est interdite en raison d&rsquo;une <a href=\"https:\/\/maritima.fr\/actualites\/national\/france\/3212\/la-pate-a-tartiner-el-mordjene-pas-au-gout-de-lue-qui-en-interdit-la-commercialisation\" target=\"_blank\" rel=\"noopener nofollow\">r\u00e9glementation europ\u00e9enne<\/a> : \u00ab\u00a0les produits qui contiennent du lait sont soumis \u00e0 une r\u00e9glementation sp\u00e9cifique car ils peuvent \u00eatre porteurs de germes. L&rsquo;Alg\u00e9rie ne fait pas partie de la liste des pays d\u00e9finis avec lequel on peut commercer librement en mati\u00e8re de produit laitier ou en incorporant. On ne peut donc pas importer ou revendre les produits EL Mordjene\u00a0\u00bb.<\/p>\n<p>Les douanes pr\u00e9cisent que \u00ab\u00a0l&rsquo;analyse du laboratoire commun des douanes et de la DGCCRF, dont les r\u00e9sultats sont parvenus en avril, a permis de s\u2019assurer de la pr\u00e9sence dans les produits d\u2019ingr\u00e9dients interdits \u00e0 l\u2019importation en raison de l&rsquo;absence d&rsquo;accords sanitaires ad\u00e9quats, notamment de la poudre de lait dans l\u2019ensemble des produits alimentaires import\u00e9s\u00a0\u00bb.<\/p>\n<p>\u00a0<\/p>\n<p>cr\u00e9dit photo douane de Marseille<\/p>\n<p>\u00a0<\/p>\n<p>\u00a0<\/p>\n","protected":false},"excerpt":{"rendered":"L\u2019ouverture par la douane d\u2019un conteneur sur les bassins Est du port de Marseille, fin mars, a permis&hellip;\n","protected":false},"author":2,"featured_media":102123,"comment_status":"","ping_status":"","sticky":false,"template":"","format":"standard","meta":{"footnotes":""},"categories":[2814],"tags":[1111,11,2822,21785,1777,674,1011,27,884,12,882,25],"class_list":{"0":"post-102122","1":"post","2":"type-post","3":"status-publish","4":"format-standard","5":"has-post-thumbnail","7":"category-marseille","8":"tag-actu","9":"tag-actualites","10":"tag-douanes","11":"tag-el-mordjene","12":"tag-eu","13":"tag-europe","14":"tag-fr","15":"tag-france","16":"tag-marseille","17":"tag-news","18":"tag-provence-alpes-cote-dazur","19":"tag-republique-francaise"},"share_on_mastodon":{"url":"https:\/\/pubeurope.com\/@fr\/114512348288959670","error":""},"_links":{"self":[{"href":"https:\/\/www.europesays.com\/fr\/wp-json\/wp\/v2\/posts\/102122","targetHints":{"allow":["GET"]}}],"collection":[{"href":"https:\/\/www.europesays.com\/fr\/wp-json\/wp\/v2\/posts"}],"about":[{"href":"https:\/\/www.europesays.com\/fr\/wp-json\/wp\/v2\/types\/post"}],"author":[{"embeddable":true,"href":"https:\/\/www.europesays.com\/fr\/wp-json\/wp\/v2\/users\/2"}],"replies":[{"embeddable":true,"href":"https:\/\/www.europesays.com\/fr\/wp-json\/wp\/v2\/comments?post=102122"}],"version-history":[{"count":0,"href":"https:\/\/www.europesays.com\/fr\/wp-json\/wp\/v2\/posts\/102122\/revisions"}],"wp:featuredmedia":[{"embeddable":true,"href":"https:\/\/www.europesays.com\/fr\/wp-json\/wp\/v2\/media\/102123"}],"wp:attachment":[{"href":"https:\/\/www.europesays.com\/fr\/wp-json\/wp\/v2\/media?parent=102122"}],"wp:term":[{"taxonomy":"category","embeddable":true,"href":"https:\/\/www.europesays.com\/fr\/wp-json\/wp\/v2\/categories?post=102122"},{"taxonomy":"post_tag","embeddable":true,"href":"https:\/\/www.europesays.com\/fr\/wp-json\/wp\/v2\/tags?post=102122"}],"curies":[{"name":"wp","href":"https:\/\/api.w.org\/{rel}","templated":true}]}}