{"id":1021344,"date":"2026-06-24T13:30:25","date_gmt":"2026-06-24T13:30:25","guid":{"rendered":"https:\/\/www.europesays.com\/fr\/1021344\/"},"modified":"2026-06-24T13:30:25","modified_gmt":"2026-06-24T13:30:25","slug":"fashion-week-de-paris-bapteme-de-feu-pour-les-etudiants-de-lifm-et-tailoring-dadaiste-chez-valette-studio","status":"publish","type":"post","link":"https:\/\/www.europesays.com\/fr\/1021344\/","title":{"rendered":"Fashion week de Paris : bapt\u00eame de feu pour les \u00e9tudiants de l\u2019IFM et tailoring dada\u00efste chez Valette Studio"},"content":{"rendered":"<p class=\"article-content col-md-8 offset-md-1\">\n                                En cette journ\u00e9e inaugurale de la semaine de la mode masculine parisienne printemps-\u00e9t\u00e9 2027, les \u00e9tudiants de l\u2019Institut Fran\u00e7ais de la mode et le cr\u00e9ateur Pierre-Fran\u00e7ois Valette ont d\u00fb braver la canicule pour convaincre leurs spectateurs respectifs.<\/p>\n<p class=\"col-md-10 exergue\">IFM s&rsquo;illustre gr\u00e2ce \u00e0 ses \u00e9l\u00e8ves<\/p>\n<p>Comme chaque saison, c\u2019est l\u2019Institut fran\u00e7ais de la mode et ses \u00e9tudiants qui ont ouvert le bal. Ce mardi 23 juin, sur les coups de 15 heures, ce sont des bancs plein \u00e0 craquer d&rsquo;observateurs qui ont d\u00e9couvert les collections de fin d\u2019ann\u00e9e des 27 aspirants. Se sont enchain\u00e9s les travaux de No\u00e9mie Landragin (Boredom Wishes), marqu\u00e9s par un manteau couleur taupe, ouvert sur le dos et enroul\u00e9 autour des jambes, puis ceux de Alisa Danish (Shape follows movement), avec des casquettes d\u2019inspiration outdoor, des voiles l\u00e9gers et synth\u00e9tiques et des leggings trou\u00e9s couleurs pastels, et de Samuel Ferrand (Quisqueya), avec des shorts en madras bleu ou rose, une veste d\u2019arlequin en lambeaux et un pull en maille topographique.<\/p>\n<p><img decoding=\"async\" class=\"news-image\" style=\"width:100%;max-width:644px;\" src=\"https:\/\/www.europesays.com\/fr\/wp-content\/uploads\/2026\/06\/56e1.png\" alt=\"Tenue cr\u00e9\u00e9e par Yongqi Liao\" loading=\"lazy\"\/>Tenue cr\u00e9\u00e9e par Yongqi Liao &#8211; Institut Fran\u00e7ais de la Mode<\/p>\n<p class=\"col-md-8 offset-md-1 article-content--texte\">Viennent ensuite Elona Clement (The Softening of Authority) et ses sacs cadenas g\u00e9ants, ses vestes de costumes et tops de laine aux \u00e9paulettes comme des excroissances (un th\u00e8me qui revient souvent lors du d\u00e9fil\u00e9), et sa robe g\u00e9om\u00e9trique aux extr\u00e9mit\u00e9s carr\u00e9es. Le travail de Yaouen Chausseblanche (Arouezio\u00f9) s\u2019illustre ensuite gr\u00e2ce \u00e0 des vestes et robes en maille et tissus brod\u00e9s, une cape de centurion de m\u00eame nature et une robe sur laquelle s\u2019amoncelle des sortes de toques bretonnes et des froufrous blanc cass\u00e9.<\/p>\n<p>Arthur Vieillard, avec \u201cSuper fragilis homo\u201d, encha\u00eene les looks \u00e9voquant des servants \u00e9carlates \u00e0 l\u2019aide de combinaisons en synth\u00e9tique coll\u00e9 sur le corps et sur la t\u00eate, plac\u00e9 au dessus m\u00eame d\u2019une casquette, tant\u00f4t rouge sur une tenue monochrome, tant\u00f4t bleu \u00e9lectrique sur un ensemble jogging et top en filet de la m\u00eame couleur. Viola Neuls Humphreys (Imposed geometry), elle, propose des robes en tweed coup\u00e9s comme des tailleurs sans manches, avec \u00e9paules et dos exacerb\u00e9s, ainsi qu\u2019une cape de maille aux \u00e9lastiques longeant les bras et attach\u00e9s aux doigts, tels des tendons.\u00a0<\/p>\n<p><img decoding=\"async\" class=\"news-image\" style=\"width:100%;max-width:644px;\" src=\"https:\/\/www.europesays.com\/fr\/wp-content\/uploads\/2026\/06\/692b.png\" alt=\"Tenue cr\u00e9\u00e9e par Viola Neuls Humphreys\" loading=\"lazy\"\/>Tenue cr\u00e9\u00e9e par Viola Neuls Humphreys &#8211; Institut Fran\u00e7ais de la Mode<\/p>\n<p class=\"col-md-8 offset-md-1 article-content--texte\">Corentin Glorian (Sleep Chic) fait sourire avec ses oreillers de soie, ses pantalons bouffants et sa robe \u00e9dredon, tandis que Elizaveta Pashina (Where the body ends) pr\u00e9sente des robes et pantalons pliss\u00e9s aux c\u00f4t\u00e9s d\u2019un costume aux avant-bras sculpt\u00e9s. Entre gants, chaussettes l\u00e2ches, bottes et vestes \u00e9triqu\u00e9es, les tenues masculines d\u2019inspiration militaire de Yongqi Liao et de sa collection \u201cFissure, 27.956\u00b0N, 115.156\u00b0\u201d sont recouvertes d\u2019imprim\u00e9s textur\u00e9s. La culotte croissant et le d\u00e9tournement de nappes et de tabliers de Saul\u00e9 Milonait\u00e9 (Bread-\u00e0-porter) contrastent avec les pi\u00e8ces \u00e9tranges d\u2019Ella Maillard de Thuin (Corpus coercitum), d\u2019un sac \u00e0 dos veineux \u00e0 un manteau jaune rond sans manches et \u00e0 capuche, qui enferme les bras comme une camisole, le tout compl\u00e9t\u00e9 par des masques de pansements platreux.<\/p>\n<p>Jessica Lin (Journal de Si-lai) redonne de la superbe \u00e0 la volumineuse coupe de Margaret Thatcher, en blond ou en ch\u00e2tain, prtant une salopette rose aux jambes trois-quart ou \u00e9tant couverte par un foulard soyeux rose auquel r\u00e9pondent des gants de m\u00e9nage de la m\u00eame mati\u00e8re et un bleu de travail oversize cyan nou\u00e9 sur la poitrine et couvert de peinture. L\u2019aspirante propose dans un m\u00eame temps des tenues taill\u00e9es dans des tissus aux motifs bleus, verts ou blancs, dont certains pans sont coup\u00e9s en fines franges.\u00a0<\/p>\n<p><img decoding=\"async\" class=\"news-image\" style=\"width:100%;max-width:667px;\" src=\"https:\/\/www.europesays.com\/fr\/wp-content\/uploads\/2026\/06\/c0bb.png\" alt=\"Tenue cr\u00e9\u00e9e par Yaouen Chausseblanche\" loading=\"lazy\"\/>Tenue cr\u00e9\u00e9e par Yaouen Chausseblanche &#8211; Institut Fran\u00e7ais de la Mode<\/p>\n<p class=\"col-md-8 offset-md-1 article-content--texte\">Vingt-troisi\u00e8me \u00e9tudiante \u00e0 passer, Lauriane Lothin pr\u00e9sente sa collection \u201cBlack-ish\u201d, incarn\u00e9e dans des superpositions de chemises, de ceintures, de motifs mais aussi de textures, avec un top sans manches rayures horizontales jaunes et rouges et au large col crois\u00e9 couleur cr\u00e8me, un pantalon large et fluide bleu clair et une chemise \u00e0 carreaux et rayures roses, blancs et violets aux pi\u00e8ces de tissu empil\u00e9es. Yiyi Zhu (Fake yet Flawless), joue \u00e9galement sur le layering en posant une sur-jupe en toile cir\u00e9e bleu canard et rose truite sur une jupe crayon rose truite semi transparente, et innove avec des k\u00e9pis roses en plastique imprim\u00e9s en 3D. Adony Bigueur (Entre-deux) clos le show avec une s\u00e9rie de silhouettes masqu\u00e9es et habill\u00e9es d\u2019une lourde veste de pirate comme infest\u00e9e de coraux, un cir\u00e9 l\u00e2che au rose fatigu\u00e9 et un couvre-chef inclin\u00e9 comme le portait Gavroche, ou un non-corset rose et blanc surmontant une jupe de tiges beiges.<\/p>\n<p class=\"col-md-10 exergue\">Valette Studio pr\u00e9sente \u00ab\u00a0Dandys Dada\u00a0\u00bb<\/p>\n<p>De son c\u00f4t\u00e9\u00a0 Valette Studio a investi la cour carr\u00e9e de l\u2019H\u00f4tel de Jaucourt, dans le troisi\u00e8me arrondissement de Paris et ses mod\u00e8les ont affront\u00e9 l&rsquo;\u00e9crasante chaleur. Dans ce d\u00e9cor min\u00e9ral \u00e0 ciel ouvert, les mannequins \u00e9voluaient autour des invit\u00e9s, dessinant une forme d\u2019encerclement qui permettait d\u2019observer chaque silhouette sous tous les angles.<\/p>\n<p><img decoding=\"async\" class=\"news-image\" style=\"width:100%;max-width:645px;\" src=\"https:\/\/www.europesays.com\/fr\/wp-content\/uploads\/2026\/06\/797a.jpg\" alt=\"Certaines tenues sont couvertes de motifs comme la peau de z\u00e8bre\" loading=\"lazy\"\/>Certaines tenues sont couvertes de motifs comme la peau de z\u00e8bre &#8211; Valette Studio<\/p>\n<p class=\"col-md-8 offset-md-1 article-content--texte\">Pour sa collection printemps-\u00e9t\u00e9 2027, Pierre-Fran\u00e7ois Valette, fondateur et directeur artistique, \u00a0poursuit son exploration du vestiaire tailoring, terrain d\u2019expression privil\u00e9gi\u00e9 de la maison. D\u00e9clin\u00e9e en 24 silhouettes, la collection s\u2019articule autour d\u2019une palette domin\u00e9e par le noir, le blanc, le blanc cass\u00e9 et le beige, couleurs qui soulignent la rigueur de la construction. Cette apparente sobri\u00e9t\u00e9 est cependant perturb\u00e9e par des touches de violet intense et d\u2019ocre terreux, ainsi que par deux imprim\u00e9s exclusifs, un motif z\u00e8bre et un dessin de taches qui viennent rompre l\u2019\u00e9quilibre du vestiaire.<\/p>\n<p>La base tailleur se distingue une nouvelle fois, cette saison, par un travail approfondi sur les d\u00e9tails de construction. Les plastrons en crin participent \u00e0 la structure des v\u00eatements, tandis que les \u00e9paules, parfois recouvertes de cuir, accentuent l\u2019architecture des silhouettes. Vestes entoil\u00e9es, \u00e9l\u00e9ments d\u00e9mont\u00e9s puis r\u00e9assembl\u00e9s et syst\u00e8mes permettant diff\u00e9rentes mani\u00e8res de porter les pi\u00e8ces t\u00e9moignent d\u2019une recherche technique pouss\u00e9e autour de la modularit\u00e9 du v\u00eatement.<\/p>\n<p><img decoding=\"async\" class=\"news-image\" style=\"width:100%;max-width:645px;\" src=\"https:\/\/www.europesays.com\/fr\/wp-content\/uploads\/2026\/06\/e647.jpg\" alt=\"Le cr\u00e9ateur affirme \u00eatre largement inspir\u00e9 du constructivisme et du dada\u00efsme\" loading=\"lazy\"\/>Le cr\u00e9ateur affirme \u00eatre largement inspir\u00e9 du constructivisme et du dada\u00efsme &#8211; Valette Studio<\/p>\n<p class=\"col-md-8 offset-md-1 article-content--texte\">\u00c0 l\u2019issue du d\u00e9fil\u00e9, Pierre-Fran\u00e7ois Valette a expliqu\u00e9 avoir puis\u00e9 son inspiration dans deux univers qui nourrissent son travail depuis longtemps, le constructivisme et le mouvement Dada.<\/p>\n<p>\u00ab\u00a0Le tailleur reste vraiment l\u2019ADN de Valette Studio depuis le d\u00e9but. Cette saison, j\u2019avais envie de travailler sur les lignes, sur une approche tr\u00e8s constructiviste, tout en y introduisant l\u2019esprit dada et sa forme de d\u00e9construction. J\u2019ai traduit cela dans le v\u00eatement en apportant beaucoup de flou. Les id\u00e9es se d\u00e9veloppent avec les savoir-faire. Nous avons donc accueilli de nouveaux profils capables de travailler le flou et cela nous a permis de r\u00e9aliser des vestes coup\u00e9es dans le biais pour obtenir ce rendu. C\u2019est une id\u00e9e que j\u2019avais depuis longtemps. J\u2019ai toujours consid\u00e9r\u00e9 que lorsqu\u2019on a une id\u00e9e, il faut pouvoir la r\u00e9aliser correctement. Si ce n\u2019est pas possible, je pr\u00e9f\u00e8re attendre. Cette saison, nous avons enfin r\u00e9uni le savoir-faire n\u00e9cessaire pour lui donner vie.\u00a0\u00bb\u00a0\n                            <\/p>\n<p>\n                                Tous droits de reproduction et de repr\u00e9sentation r\u00e9serv\u00e9s.<br \/>\u00a9 2026 FashionNetwork.com\n                            <\/p>\n","protected":false},"excerpt":{"rendered":"En cette journ\u00e9e inaugurale de la semaine de la mode masculine parisienne printemps-\u00e9t\u00e9 2027, les \u00e9tudiants de l\u2019Institut&hellip;\n","protected":false},"author":2,"featured_media":1021345,"comment_status":"","ping_status":"","sticky":false,"template":"","format":"standard","meta":{"footnotes":"","_share_on_mastodon":"0"},"categories":[1888],"tags":[1111,1928,11,1927,2424,106686,4223,106687,537,2423,1283,1777,674,1011,27,24444,2425,985,12,1926,24451,2298,626,1925,2426,2427,25,2421,106688,2422],"class_list":["post-1021344","post","type-post","status-publish","format-standard","has-post-thumbnail","category-paris","tag-actu","tag-actu-paris","tag-actualites","tag-actualites-paris","tag-beaute","tag-brice","tag-centre-pompidou","tag-clarks","tag-contact","tag-cosmetiques","tag-etudes","tag-eu","tag-europe","tag-fr","tag-france","tag-institut-francais-de-la-mode","tag-luxe","tag-mode","tag-news","tag-news-paris","tag-palais-de-tokyo","tag-parfum","tag-paris","tag-paris-news","tag-professionnel","tag-professionnels","tag-republique-francaise","tag-reseau","tag-tencel","tag-textile"],"share_on_mastodon":{"url":"https:\/\/pubeurope.com\/@fr\/116805333848831501","error":""},"_links":{"self":[{"href":"https:\/\/www.europesays.com\/fr\/wp-json\/wp\/v2\/posts\/1021344","targetHints":{"allow":["GET"]}}],"collection":[{"href":"https:\/\/www.europesays.com\/fr\/wp-json\/wp\/v2\/posts"}],"about":[{"href":"https:\/\/www.europesays.com\/fr\/wp-json\/wp\/v2\/types\/post"}],"author":[{"embeddable":true,"href":"https:\/\/www.europesays.com\/fr\/wp-json\/wp\/v2\/users\/2"}],"replies":[{"embeddable":true,"href":"https:\/\/www.europesays.com\/fr\/wp-json\/wp\/v2\/comments?post=1021344"}],"version-history":[{"count":0,"href":"https:\/\/www.europesays.com\/fr\/wp-json\/wp\/v2\/posts\/1021344\/revisions"}],"wp:featuredmedia":[{"embeddable":true,"href":"https:\/\/www.europesays.com\/fr\/wp-json\/wp\/v2\/media\/1021345"}],"wp:attachment":[{"href":"https:\/\/www.europesays.com\/fr\/wp-json\/wp\/v2\/media?parent=1021344"}],"wp:term":[{"taxonomy":"category","embeddable":true,"href":"https:\/\/www.europesays.com\/fr\/wp-json\/wp\/v2\/categories?post=1021344"},{"taxonomy":"post_tag","embeddable":true,"href":"https:\/\/www.europesays.com\/fr\/wp-json\/wp\/v2\/tags?post=1021344"}],"curies":[{"name":"wp","href":"https:\/\/api.w.org\/{rel}","templated":true}]}}