{"id":102143,"date":"2025-05-15T14:46:12","date_gmt":"2025-05-15T14:46:12","guid":{"rendered":"https:\/\/www.europesays.com\/fr\/102143\/"},"modified":"2025-05-15T14:46:12","modified_gmt":"2025-05-15T14:46:12","slug":"multimedia-le-pib-du-royaume-uni-en-hausse-de-07-au-premier-trimestre-xinhua","status":"publish","type":"post","link":"https:\/\/www.europesays.com\/fr\/102143\/","title":{"rendered":"(Multim\u00e9dia) Le PIB du Royaume-Uni en hausse de 0,7% au premier trimestre &#8211; Xinhua"},"content":{"rendered":"<p><img decoding=\"async\" controls=\"controls\" src=\"https:\/\/www.europesays.com\/fr\/wp-content\/uploads\/2025\/05\/20250515fc7b33d17d344ff983ccee085061e936_XxjifrF007059_20250515_CBMFN0A001.jpg\"\/>Des gens sur le pont de Westminster \u00e0 Londres, au Royaume-Uni, le 9 ao\u00fbt 2021. (Xinhua\/Han Yan)<\/p>\n<p><strong>Le produit int\u00e9rieur brut (PIB) r\u00e9el du Royaume-Uni a augment\u00e9 de 0,7% au premier trimestre 2025, marquant la plus forte expansion trimestrielle depuis un an, selon l&rsquo;Office national des statistiques (ONS).<\/strong><\/p>\n<p>LONDRES, 15 mai (Xinhua) &#8212; Le produit int\u00e9rieur brut (PIB) r\u00e9el du Royaume-Uni a augment\u00e9 de 0,7% au premier trimestre 2025, marquant la plus forte expansion trimestrielle depuis un an, selon l&rsquo;Office national des statistiques (ONS).<\/p>\n<p>Les chiffres de l&rsquo;ONS publi\u00e9s jeudi placent le Royaume-Uni au premier rang des pays du G7 pour ce qui est de la croissance \u00e9conomique.<\/p>\n<p>Une analyse des donn\u00e9es a r\u00e9v\u00e9l\u00e9 que le secteur des services avait cr\u00fb de 0,7% et que la production avait augment\u00e9 de 1,1%. La production du secteur de la construction est quant \u00e0 elle rest\u00e9e stable entre janvier et mars.<\/p>\n<p>Du c\u00f4t\u00e9 des d\u00e9penses, la croissance a \u00e9t\u00e9 tir\u00e9e par les augmentations de la formation brute de capital fixe, du commerce net et de la consommation des m\u00e9nages. Les d\u00e9penses r\u00e9elles des m\u00e9nages ont augment\u00e9 de 0,2% au cours du premier trimestre.<\/p>\n<p>Par rapport au m\u00eame trimestre de l&rsquo;ann\u00e9e pr\u00e9c\u00e9dente, on estime que le PIB r\u00e9el a augment\u00e9 de 1,3%.<\/p>\n<p>Les \u00e9conomistes ont not\u00e9 que bien que la performance du premier trimestre soit encourageante, l&rsquo;impact potentiel des politiques commerciales internationales et des ajustements fiscaux nationaux pourrait influencer les r\u00e9sultats \u00e9conomiques futurs.\u25a0<\/p>\n","protected":false},"excerpt":{"rendered":"Des gens sur le pont de Westminster \u00e0 Londres, au Royaume-Uni, le 9 ao\u00fbt 2021. (Xinhua\/Han Yan) Le&hellip;\n","protected":false},"author":2,"featured_media":102144,"comment_status":"","ping_status":"","sticky":false,"template":"","format":"standard","meta":{"footnotes":""},"categories":[1588],"tags":[11,913,33,1777,674,6228,12,473,1853,1851,1850,1852],"class_list":{"0":"post-102143","1":"post","2":"type-post","3":"status-publish","4":"format-standard","5":"has-post-thumbnail","7":"category-royaume-uni","8":"tag-actualites","9":"tag-croissance","10":"tag-economie","11":"tag-eu","12":"tag-europe","13":"tag-gb","14":"tag-news","15":"tag-royaume-uni","16":"tag-royaume-uni-de-grande-bretagne-et-dirlande-du-nord","17":"tag-uk","18":"tag-united-kingdom","19":"tag-united-kingdom-of-great-britain-and-northern-ireland"},"share_on_mastodon":{"url":"https:\/\/pubeurope.com\/@fr\/114512395214188655","error":""},"_links":{"self":[{"href":"https:\/\/www.europesays.com\/fr\/wp-json\/wp\/v2\/posts\/102143","targetHints":{"allow":["GET"]}}],"collection":[{"href":"https:\/\/www.europesays.com\/fr\/wp-json\/wp\/v2\/posts"}],"about":[{"href":"https:\/\/www.europesays.com\/fr\/wp-json\/wp\/v2\/types\/post"}],"author":[{"embeddable":true,"href":"https:\/\/www.europesays.com\/fr\/wp-json\/wp\/v2\/users\/2"}],"replies":[{"embeddable":true,"href":"https:\/\/www.europesays.com\/fr\/wp-json\/wp\/v2\/comments?post=102143"}],"version-history":[{"count":0,"href":"https:\/\/www.europesays.com\/fr\/wp-json\/wp\/v2\/posts\/102143\/revisions"}],"wp:featuredmedia":[{"embeddable":true,"href":"https:\/\/www.europesays.com\/fr\/wp-json\/wp\/v2\/media\/102144"}],"wp:attachment":[{"href":"https:\/\/www.europesays.com\/fr\/wp-json\/wp\/v2\/media?parent=102143"}],"wp:term":[{"taxonomy":"category","embeddable":true,"href":"https:\/\/www.europesays.com\/fr\/wp-json\/wp\/v2\/categories?post=102143"},{"taxonomy":"post_tag","embeddable":true,"href":"https:\/\/www.europesays.com\/fr\/wp-json\/wp\/v2\/tags?post=102143"}],"curies":[{"name":"wp","href":"https:\/\/api.w.org\/{rel}","templated":true}]}}