{"id":1021573,"date":"2026-06-24T15:49:17","date_gmt":"2026-06-24T15:49:17","guid":{"rendered":"https:\/\/www.europesays.com\/fr\/1021573\/"},"modified":"2026-06-24T15:49:17","modified_gmt":"2026-06-24T15:49:17","slug":"les-mauvaises-surprises-et-retards-saccumulent-pour-les-travaux-de-cette-tour-emblematique-a-lyon","status":"publish","type":"post","link":"https:\/\/www.europesays.com\/fr\/1021573\/","title":{"rendered":"Les mauvaises surprises et retards s&rsquo;accumulent pour les travaux de cette tour embl\u00e9matique \u00e0 Lyon"},"content":{"rendered":"<p>                    Par<br \/>\n        <strong><br \/>\n            <a href=\"https:\/\/actu.fr\/auteur\/julien-damboise\" title=\"Consulter tous les articles de Julien Damboise\" rel=\"nofollow noopener\" target=\"_blank\">Julien Damboise<\/a><br \/>\n                    <\/strong><\/p>\n<p>        Publi\u00e9 le<\/p>\n<p>            24 juin 2026 \u00e0 17h34        <\/p>\n<p>Une nouvelle date de livraison pour le projet de la <strong>tour Guillot-Bourdeix<\/strong>, entre les quartiers <a href=\"https:\/\/actu.fr\/auvergne-rhone-alpes\/lyon_69123\/municipales-2026-a-lyon-a-monplaisir-le-bonheur-des-pietons-fait-le-malheur-des-automobilistes_63893636.html\" rel=\"nofollow noopener\" target=\"_blank\">Monplaisir<\/a> et Grange Blanche, dans le 8\u1d49 arrondissement, a \u00e9t\u00e9 communiqu\u00e9e par la Ville de <a href=\"https:\/\/actu.fr\/lyon\/\" rel=\"nofollow noopener\" target=\"_blank\">Lyon<\/a>. Pour rappel, le projet a <strong>beaucoup de retard<\/strong> apr\u00e8s des mauvaises surprises. Certaines <strong>des promesses sont d\u00e9j\u00e0 enterr\u00e9es<\/strong>.<\/p>\n<p>Rien sur place<\/p>\n<p class=\" wall-content\">Pour rappel, l\u2019avenir du b\u00e2timent de <strong>68 m\u00e8tres de haut<\/strong> qui abritait le <a href=\"https:\/\/actu.fr\/auvergne-rhone-alpes\/lyon_69123\/lyon-c-est-quoi-ce-nouvel-immeuble-cubique-et-circulaire-qui-vient-d-etre-construit_59632604.html\" rel=\"nofollow noopener\" target=\"_blank\">Centre international de recherche sur le cancer<\/a> (CIRC) avait commenc\u00e9 \u00e0 \u00eatre trac\u00e9 en juillet 2023. La Ville retient alors \u00ab\u00a0la proposition du projet Guillot Bourdeix par le groupement Redman Icade : un projet mixte et diversifi\u00e9 qui s\u2019articule autour de d\u00e9fis environnementaux, notamment sur la construction sobre, tout en tenant compte des enjeux architecturaux de la Tour\u00a0\u00bb.<\/p>\n<p class=\" wall-content\">Au programme, sur le projet pr\u00e9sent\u00e9 par Icade, une \u00e9norme r\u00e9habilitation avec des logements, des restaurants, des espaces v\u00e9g\u00e9talis\u00e9s, des commerces, etc\u2026 Comme not\u00e9 <a href=\"https:\/\/mairie8.lyon.fr\/actualite\/logement-et-urbanisme\/nouvelle-impulsion-pour-la-tour-guillot-bourdeix\" rel=\"nofollow noopener\" target=\"_blank\">encore sur le site de la municipalit\u00e9<\/a>, des \u00ab\u00a0travaux pr\u00e9paratoires\u00a0\u00bb devaient avoir lieu d\u00e8s juin 2025. Seulement, <strong>rien n\u2019a vraiment d\u00e9but\u00e9 un an plus tard<\/strong>, en juin 2026, dans la tour fant\u00f4me.<\/p>\n<p>    <img   decoding=\"async\" loading=\"lazy\" src=\"https:\/\/www.europesays.com\/fr\/wp-content\/uploads\/2026\/06\/tour-guillot-bourdeix-lyon-second-batiment-960x640.png\" alt=\"Un second b\u00e2timent est pr\u00e9vu \u00e0 c\u00f4t\u00e9 de la tour Guillot-Bourdeix.\" width=\"960\" height=\"640\"\/><br \/>\n    Un second b\u00e2timent est pr\u00e9vu \u00e0 c\u00f4t\u00e9 de la tour Guillot-Bourdeix. (\u00a9Icade)Des probl\u00e8mes inopin\u00e9s provoquent un gros retard<\/p>\n<p class=\" wall-content\">En effet, notre r\u00e9daction r\u00e9v\u00e9lait il y a quelques mois la d\u00e9tection d\u2019un taux trop \u00e9lev\u00e9 d\u2019<strong>amiante<\/strong>, des <strong>terres pollu\u00e9es<\/strong> et peu stables. Un \u00e9l\u00e9ment qui a fortement fait prendre du retard dans le projet.<\/p>\n<p class=\" wall-content\">Selon nos informations, les premiers permis ont \u00e9t\u00e9 d\u00e9pos\u00e9s par le groupement Icade au premier semestre 2026, seulement. \u00ab\u00a0Sous r\u00e9serve de l\u2019instruction et de la finalisation de la cession\u00a0\u00bb, explique la Ville, le calendrier vise aujourd\u2019hui un <strong>d\u00e9marrage des travaux au 4\u1d49 trimestre 2026<\/strong>.<\/p>\n<p class=\" wall-content\">Une premi\u00e8re phase de d\u00e9molition, curage et d\u00e9samiantage doit s\u2019op\u00e9rer. Puis les op\u00e9rations de r\u00e9habilitation et de construction commenceront enfin. La livraison successive des diff\u00e9rents b\u00e2timents, dont deux nouveaux, est projet\u00e9e \u00e0<strong> fin 2028 \u2013 d\u00e9but 2029<\/strong>\u2026 au mieux.<\/p>\n<p>Exit le restaurant et le jardin pour plus de logements<\/p>\n<p class=\" wall-content\">La tour a en tout cas d\u00e9j\u00e0 d\u00e9\u00e7u dans le quartier, puisqu\u2019elle devait normalement accueillir sur son toit un <a href=\"https:\/\/actu.fr\/tag\/restaurant\" rel=\"nofollow noopener\" target=\"_blank\">restaurant<\/a> panoramique g\u00e9r\u00e9 par Christian T\u00eatedoie et un jardin pour la production de fruits et l\u00e9gumes.<\/p>\n<p class=\" wall-content\">La Ville \u00e9voquait une \u00ab\u00a0simplification de la gestion technique du b\u00e2timent\u00a0\u00bb mais aussi un <strong>probl\u00e8me de financement<\/strong>. \u00ab\u00a0Un \u00e9toil\u00e9, c\u2019est moins rentable que des logements, il fallait trouver de l\u2019argent\u00a0\u00bb, expliquait Rapha\u00ebl Michaud, ex-adjoint au maire de Lyon charg\u00e9 de l\u2019Urbanisme. De quoi augmenter donc <strong>le nombre d\u2019appartements : pass\u00e9 de 66 \u00e0 d\u00e9sormais 108<\/strong> selon nos informations.<\/p>\n<p class=\" wall-content\">\u00ab\u00a0Il y a 45 % de la surface qui est d\u00e9di\u00e9e aux logements sociaux et pour le bail r\u00e9el solidaire (BRS)\u00a0\u00bb, pr\u00e9cise Antoine Jobert, nouvel adjoint aupr\u00e8s du maire de Lyon.<\/p>\n<p class=\" wall-content\">La commercialisation a d\u00e9j\u00e0 d\u00e9but\u00e9, des publicit\u00e9s sont diffus\u00e9es sur les <a href=\"https:\/\/actu.fr\/tag\/reseaux-sociaux\" rel=\"nofollow noopener\" target=\"_blank\">r\u00e9seaux sociaux<\/a>.<\/p>\n<p>    <img   decoding=\"async\" loading=\"lazy\" src=\"https:\/\/www.europesays.com\/fr\/wp-content\/uploads\/2026\/06\/lyon-circ-tour-guillot-restaurant-960x640.png\" alt=\"Un restaurant solidaire est pr\u00e9vu dans la tour Guillot - Bourdeix \u00e0 Lyon 8e. \" width=\"960\" height=\"640\"\/><br \/>\n    Un restaurant solidaire est pr\u00e9vu dans la tour Guillot \u2013 Bourdeix \u00e0 Lyon 8e. (\u00a9Capture d\u2019\u00e9cran site Chartier Dalix)Le pied de la tour aussi modifi\u00e9 ?<\/p>\n<p class=\" wall-content\">Reste une question : que va devenir le pied de la tour et les espaces assez vastes autour ?<\/p>\n<p class=\" wall-content\">Selon Antoine Jobert, il y a toujours \u00ab\u00a0des commerces et services de proximit\u00e9, un p\u00f4le sant\u00e9, un auditorium r\u00e9habilit\u00e9 en tiers-lieu ainsi qu\u2019un hub mobilit\u00e9 d\u00e9di\u00e9 au v\u00e9lo\u00a0\u00bb de pr\u00e9vu.<\/p>\n<p class=\" wall-content\">Mais l\u00e0 encore, il faudra pr\u00e9ciser ce qui a \u00e9t\u00e9 d\u00e9cid\u00e9 pour l\u2019ancien <strong>auditorium de 700 m\u00b2<\/strong> qui avait \u00e9t\u00e9 promis par <a href=\"https:\/\/actu.fr\/tag\/gregory-doucet\" rel=\"nofollow noopener\" target=\"_blank\">Gr\u00e9gory Doucet<\/a> comme un prochain restaurant solidaire avec notamment des menus \u00e0 1\u20ac aux b\u00e9n\u00e9ficiaires d\u2019aides alimentaires et plus particuli\u00e8rement les \u00e9tudiants.<\/p>\n<p class=\" wall-content\">Personnalisez votre actualit\u00e9 en ajoutant vos villes et m\u00e9dias en favori avec <a href=\"https:\/\/moncompte.actu.fr\" title=\"D\u00e9couvez Mon Actu\" rel=\"nofollow noopener\" data-trk=\"{&quot;cta&quot;:{&quot;action&quot;:&quot;https:\\\/\\\/moncompte.actu.fr&quot;,&quot;category&quot;:&quot;mon compte&quot;,&quot;from&quot;:&quot;article footer&quot;,&quot;name&quot;:&quot;Mon actu&quot;,&quot;type&quot;:&quot;cta&quot;}}\" target=\"_blank\">Mon Actu<\/a>.<\/p>\n","protected":false},"excerpt":{"rendered":"Par Julien Damboise Publi\u00e9 le 24 juin 2026 \u00e0 17h34 Une nouvelle date de livraison pour le projet&hellip;\n","protected":false},"author":2,"featured_media":1021574,"comment_status":"","ping_status":"","sticky":false,"template":"","format":"standard","meta":{"footnotes":"","_share_on_mastodon":"0"},"categories":[1889],"tags":[1111,11,2430,33,1777,674,1011,27,5226,1908,2428,12,25,2086],"class_list":["post-1021573","post","type-post","status-publish","format-standard","has-post-thumbnail","category-lyon","tag-actu","tag-actualites","tag-auvergne-rhone-alpes","tag-economie","tag-eu","tag-europe","tag-fr","tag-france","tag-gregory-doucet","tag-logement","tag-lyon","tag-news","tag-republique-francaise","tag-travaux"],"share_on_mastodon":{"url":"https:\/\/pubeurope.com\/@fr\/116805879045714601","error":""},"_links":{"self":[{"href":"https:\/\/www.europesays.com\/fr\/wp-json\/wp\/v2\/posts\/1021573","targetHints":{"allow":["GET"]}}],"collection":[{"href":"https:\/\/www.europesays.com\/fr\/wp-json\/wp\/v2\/posts"}],"about":[{"href":"https:\/\/www.europesays.com\/fr\/wp-json\/wp\/v2\/types\/post"}],"author":[{"embeddable":true,"href":"https:\/\/www.europesays.com\/fr\/wp-json\/wp\/v2\/users\/2"}],"replies":[{"embeddable":true,"href":"https:\/\/www.europesays.com\/fr\/wp-json\/wp\/v2\/comments?post=1021573"}],"version-history":[{"count":0,"href":"https:\/\/www.europesays.com\/fr\/wp-json\/wp\/v2\/posts\/1021573\/revisions"}],"wp:featuredmedia":[{"embeddable":true,"href":"https:\/\/www.europesays.com\/fr\/wp-json\/wp\/v2\/media\/1021574"}],"wp:attachment":[{"href":"https:\/\/www.europesays.com\/fr\/wp-json\/wp\/v2\/media?parent=1021573"}],"wp:term":[{"taxonomy":"category","embeddable":true,"href":"https:\/\/www.europesays.com\/fr\/wp-json\/wp\/v2\/categories?post=1021573"},{"taxonomy":"post_tag","embeddable":true,"href":"https:\/\/www.europesays.com\/fr\/wp-json\/wp\/v2\/tags?post=1021573"}],"curies":[{"name":"wp","href":"https:\/\/api.w.org\/{rel}","templated":true}]}}