{"id":102158,"date":"2025-05-15T14:55:09","date_gmt":"2025-05-15T14:55:09","guid":{"rendered":"https:\/\/www.europesays.com\/fr\/102158\/"},"modified":"2025-05-15T14:55:09","modified_gmt":"2025-05-15T14:55:09","slug":"noah-nene-pourrait-rejoindre-un-cador-de-top-14","status":"publish","type":"post","link":"https:\/\/www.europesays.com\/fr\/102158\/","title":{"rendered":"Noah Nene pourrait rejoindre un cador de Top 14"},"content":{"rendered":"<p>\t\t\t\t\t\t\t\t\t\t\t\t\t\tTRANSFERTS RUGBY \u2013 Selon Fi\u00e8vre SR, Noah Nene (Stade Fran\u00e7ais) serait sur le point de s\u2019engager avec le Stade Rochelais pour la saison prochaine.<\/p>\n<p style=\"text-align: justify;\">Le <strong>Stade<\/strong> <strong>Rochelais<\/strong> a privil\u00e9gi\u00e9 un recrutement qualitatif plut\u00f4t que quantitatif pour la saison prochaine. Les <strong>Maritimes<\/strong> ont r\u00e9alis\u00e9 deux tr\u00e8s gros coups, \u00e0 commencer par le demi de m\u00eal\u00e9e du XV de France, <strong>Nolann Le<\/strong> <strong>Garrec<\/strong>. Le num\u00e9ro neuf du <strong>Racing<\/strong> <strong>92<\/strong> s\u2019est engag\u00e9 pour les deux prochaines saisons, tout comme la star g\u00e9orgienne <strong>Davit<\/strong> <strong>Niniashvili<\/strong>.<\/p>\n<p>Noah Nene vers La Rochelle ?<\/p>\n<p style=\"text-align: justify;\">Et La Rochelle pourrait encore r\u00e9aliser un tr\u00e8s joli coup sur le march\u00e9 des transferts. En qu\u00eate d\u2019un renfort au centre du terrain, les Maritimes seraient sur le point de recruter le tr\u00e8s prometteur centre <strong>Noah<\/strong> <strong>Nene<\/strong>. Alors que sa saison s\u2019est termin\u00e9e il y a d\u00e9j\u00e0 plusieurs semaines sur blessure, le jeune joueur a explos\u00e9 avec Dax cette saison.<\/p>\n<p style=\"text-align: justify;\">S\u2019il est sous contrat avec le <strong>Stade<\/strong> <strong>Fran\u00e7ais<\/strong>, <strong>Noah<\/strong> <strong>Nene<\/strong> a \u00e9t\u00e9 pr\u00eat\u00e9 \u00e0 la formation de Pro D2 pour s\u2019aguerrir. S\u2019il ne compte pas de s\u00e9lection avec le <strong>XV de France<\/strong>, il a \u00e9t\u00e9 convoqu\u00e9 par <strong>Fabien<\/strong> <strong>Galthi\u00e9<\/strong> au rassemblement des Bleus en d\u00e9but de saison. Alors qu\u2019il devait revenir au <strong>Stade<\/strong> <strong>Fran\u00e7ais<\/strong>, il pourrait donc finalement prendre la direction de La Rochelle.<\/p>\n<p>\u00c0 lire aussi<br \/>\n<a href=\"https:\/\/dicodusport.fr\/blog\/transferts-stade-rochelais-2025-arrivees-departs-et-prolongations\/\" class=\"vlp-link\" title=\"Transferts La Rochelle 2025 : Recrues, d\u00e9parts et prolongations\" rel=\"nofollow noopener\" target=\"_blank\"><img loading=\"lazy\" decoding=\"async\" style=\"max-width: 792px;\" width=\"792\" height=\"445\" class=\"attachment-800x445 size-800x445 perfmatters-lazy\" alt=\"Transferts Stade Rochelais 2025 Arriv\u00e9es, d\u00e9parts et prolongations\" src=\"https:\/\/www.europesays.com\/fr\/wp-content\/uploads\/2025\/05\/Transferts-Stade-Rochelais-2025-Arrivees-departs-et-prolongations.png\"  data-\/><\/p>\n<p>Transferts La Rochelle 2025 : Recrues, d\u00e9parts et prolongations<\/p>\n<p>Arriv\u00e9es, d\u00e9parts et prolongations au Stade Rochelais<\/p>\n<p>Lire l&rsquo;article<\/p>\n<p>dicodusport.fr<\/p>\n","protected":false},"excerpt":{"rendered":"TRANSFERTS RUGBY \u2013 Selon Fi\u00e8vre SR, Noah Nene (Stade Fran\u00e7ais) serait sur le point de s\u2019engager avec le&hellip;\n","protected":false},"author":2,"featured_media":102159,"comment_status":"","ping_status":"","sticky":false,"template":"","format":"standard","meta":{"footnotes":""},"categories":[1416],"tags":[1111,2113,1109,1011,27,2217,2114,21798,479,2115,1468,60,6365,477],"class_list":{"0":"post-102158","1":"post","2":"type-post","3":"status-publish","4":"format-standard","5":"has-post-thumbnail","7":"category-rugby","8":"tag-actu","9":"tag-breve","10":"tag-breves","11":"tag-fr","12":"tag-france","13":"tag-la-rochelle","14":"tag-mercato-rugby","15":"tag-noah-nene","16":"tag-rugby","17":"tag-rugby-a-xv","18":"tag-rugby-football","19":"tag-sports","20":"tag-stade-rochelais","21":"tag-transferts-rugby"},"share_on_mastodon":{"url":"https:\/\/pubeurope.com\/@fr\/114512430881135832","error":""},"_links":{"self":[{"href":"https:\/\/www.europesays.com\/fr\/wp-json\/wp\/v2\/posts\/102158","targetHints":{"allow":["GET"]}}],"collection":[{"href":"https:\/\/www.europesays.com\/fr\/wp-json\/wp\/v2\/posts"}],"about":[{"href":"https:\/\/www.europesays.com\/fr\/wp-json\/wp\/v2\/types\/post"}],"author":[{"embeddable":true,"href":"https:\/\/www.europesays.com\/fr\/wp-json\/wp\/v2\/users\/2"}],"replies":[{"embeddable":true,"href":"https:\/\/www.europesays.com\/fr\/wp-json\/wp\/v2\/comments?post=102158"}],"version-history":[{"count":0,"href":"https:\/\/www.europesays.com\/fr\/wp-json\/wp\/v2\/posts\/102158\/revisions"}],"wp:featuredmedia":[{"embeddable":true,"href":"https:\/\/www.europesays.com\/fr\/wp-json\/wp\/v2\/media\/102159"}],"wp:attachment":[{"href":"https:\/\/www.europesays.com\/fr\/wp-json\/wp\/v2\/media?parent=102158"}],"wp:term":[{"taxonomy":"category","embeddable":true,"href":"https:\/\/www.europesays.com\/fr\/wp-json\/wp\/v2\/categories?post=102158"},{"taxonomy":"post_tag","embeddable":true,"href":"https:\/\/www.europesays.com\/fr\/wp-json\/wp\/v2\/tags?post=102158"}],"curies":[{"name":"wp","href":"https:\/\/api.w.org\/{rel}","templated":true}]}}