{"id":102163,"date":"2025-05-15T14:59:13","date_gmt":"2025-05-15T14:59:13","guid":{"rendered":"https:\/\/www.europesays.com\/fr\/102163\/"},"modified":"2025-05-15T14:59:13","modified_gmt":"2025-05-15T14:59:13","slug":"pourquoi-linspection-fia-des-freins-mclaren-ecarte-les-recentes-theories","status":"publish","type":"post","link":"https:\/\/www.europesays.com\/fr\/102163\/","title":{"rendered":"Pourquoi l&rsquo;inspection FIA des freins McLaren \u00e9carte les r\u00e9centes th\u00e9ories"},"content":{"rendered":"<p><a href=\"https:\/\/fr.motorsport.com\/f1\/news\/cameras-thermiques-freins-mclaren-red-bull-defi\/10720914\/\" target=\"_blank\" rel=\"noopener\">Comme <strong>Motorsport.com<\/strong> vous le rapportait d\u00e9j\u00e0 la semaine pass\u00e9e<\/a>, il \u00e9tait entendu que la FIA avait inspect\u00e9 en profondeur les freins de la <a href=\"https:\/\/fr.motorsport.com\/team\/mclaren\/609\/\" target=\"_blank\" rel=\"noopener\">McLaren<\/a> MCL39 &#8211; celle du vainqueur <a href=\"https:\/\/fr.motorsport.com\/driver\/oscar-piastri\/835356\/\" target=\"_blank\" rel=\"noopener\">Oscar Piastri<\/a> &#8211; apr\u00e8s le Grand Prix de Miami, et que cette inspection n&rsquo;avait rien r\u00e9v\u00e9l\u00e9 de probl\u00e9matique.<\/p>\n<p>Ce jeudi, comme le veut la proc\u00e9dure normale de la FIA et \u00e0 la veille de chaque GP, le rapport de l&rsquo;inspection post-course pr\u00e9c\u00e9dente a \u00e9t\u00e9 publi\u00e9 dans les premiers documents officiels de l&rsquo;\u00e9preuve suivante, \u00e0 savoir Imola. L&rsquo;on peut y lire\u00a0: \u00ab\u00a0Apr\u00e8s la course de Miami, la voiture n\u00b081 a \u00e9t\u00e9 choisie au hasard parmi les dix premi\u00e8res voitures pour subir des inspections physiques plus approfondies.\u00a0\u00bb<\/p>\n<p>\u00ab\u00a0Ces inspections physiques ont port\u00e9 sur les assemblages des roues. Les contr\u00f4les suivants ont \u00e9t\u00e9 effectu\u00e9s sur toutes les roues\u00a0: la conformit\u00e9 de tous les composants avec l&rsquo;article 3.13 du R\u00e8glement Technique [et] des v\u00e9rifications physiques de la conformit\u00e9 \u00e0 l&rsquo;article 11.5 du R\u00e8glement Technique sur les quatre roues.\u00a0Tous les composants inspect\u00e9s ont \u00e9t\u00e9 jug\u00e9s conformes au R\u00e8glement Technique 2025 de Formule 1.\u00a0\u00bb<\/p>\n<p>Lire aussi :<\/p>\n<p>En d\u00e9pit du fait que cette inspection a \u00e9t\u00e9 conduite sur une voiture choisie \u00ab\u00a0au hasard\u00a0\u00bb selon le document, le fait que la McLaren ait \u00e9t\u00e9 particuli\u00e8rement scrut\u00e9e en amont n&rsquo;est pas vraiment une co\u00efncidence. En effet, comme nous vous le rapportions, des interrogations avaient \u00e9t\u00e9 soulev\u00e9es sur la fa\u00e7on dont l&rsquo;\u00e9curie parvenait \u00e0 g\u00e9rer la temp\u00e9rature de ses freins et donc de ses pneus, qualit\u00e9 cruciale pour \u00e9viter la surchauffe et maitriser l&rsquo;usure des pneus sur la longueur d&rsquo;un relais de course.<\/p>\n<p><a href=\"https:\/\/fr.motorsport.com\/team\/red-bull\/553\/\" target=\"_blank\" rel=\"noopener\">Red Bull<\/a> aurait ainsi fait appel \u00e0 une entreprise tierce pour capter des images, \u00e0 l&rsquo;aide de cam\u00e9ras thermiques, des \u00ab\u00a0tambours\u00a0\u00bb (la cloche qui entoure le syst\u00e8me de frein des monoplaces) lors du GP du Japon, images qui auraient montr\u00e9 des parties \u00ab\u00a0bleut\u00e9es\u00a0\u00bb, donc moins chaudes que le reste.\u00a0<\/p>\n<p>M\u00eame si la l\u00e9galit\u00e9 du syst\u00e8me McLaren faisait finalement peu de doutes avant Miami, puisque via le processus normal, la FIA a d\u00e9j\u00e0 inspect\u00e9 et approuv\u00e9 les pi\u00e8ces utilis\u00e9es par les \u00e9curies, il restait donc \u00e0 savoir ce qui avait \u00e9t\u00e9 contr\u00f4l\u00e9 \u00e0 Miami. Il faut d\u00e9j\u00e0 rappeler que \u00ab\u00a0l&rsquo;assemblage des roues\u00a0\u00bb comprend bien la roue (et la jante), ainsi que le syst\u00e8me de freinage et le tambour, ce dernier servant \u00ab\u00a0d&rsquo;interface\u00a0\u00bb entre la jante et le syst\u00e8me de frein.<\/p>\n<p>L&rsquo;article 3.13 du R\u00e8glement Technique court sur quatre pages et couvre les flasques, les d\u00e9flecteurs, les tambours, les \u00e9copes ou encore les conduits de refroidissements. L&rsquo;article 11.5, de son c\u00f4t\u00e9, est bien plus court et ne tient qu&rsquo;en quelques mots : \u00ab\u00a0Le refroidissement des freins \u00e0 l&rsquo;aide d&rsquo;un liquide est interdit.\u00a0\u00bb Sur ces deux aspects, McLaren est donc bien dans la l\u00e9galit\u00e9.<\/p>\n<p>McLaren suscite toujours plus de th\u00e9ories<br \/>\n   <img decoding=\"async\" draggable=\"false\" src=\"https:\/\/www.europesays.com\/fr\/wp-content\/uploads\/2025\/05\/1747321153_562_lando-norris-mclaren.jpg\" alt=\"Lando Norris, McLaren\" width=\"1200\" height=\"800\" loading=\"lazy\"\/> <\/p>\n<p class=\"title\">Lando Norris, McLaren<\/p>\n<p class=\"photographer\">Photo de: Glenn Dunbar \/ Motorsport Images<\/p>\n<p>Ces deux points sont importants car ils permettent d&#8217;embl\u00e9e d&rsquo;\u00e9carter un certain nombre de th\u00e9ories qui sont apparues, plus ou moins r\u00e9cemment, concernant une \u00e9ventuelle astuce utilis\u00e9e par McLaren pour mieux refroidir ses freins et\/ou ses pneus.<\/p>\n<p>Au-del\u00e0 de la d\u00e9sormais fameuse th\u00e9orie \u00e9mise par Red Bull l&rsquo;an pass\u00e9 de l&rsquo;utilisation d&rsquo;eau par l&rsquo;\u00e9curie britannique pour refroidir ses pneus &#8211; dont Zak Brown, le PDG de McLaren Racing, s&rsquo;est ouvertement moqu\u00e9 en buvant via une gourde sur laquelle \u00e9tait inscrit\u00a0\u00ab\u00a0Eau des pneus\u00a0!\u00a0\u00bb sur le muret des stands de Miami -, une autre hypoth\u00e8se a gagn\u00e9 en popularit\u00e9 ces derniers temps.<\/p>\n<p>En effet, selon certains ing\u00e9nieurs, il serait possible d&rsquo;envisager que McLaren utilise des mat\u00e9riaux \u00e0 changement de phase thermique pour contr\u00f4ler la temp\u00e9rature de ses freins. Le processus peut diff\u00e9rer selon que l&rsquo;on parle d&rsquo;un pi\u00e8ce en particulier &#8211; qui serait capable de changer de forme pour modifier le flux d&rsquo;air &#8211; ou d&rsquo;une substance &#8211; qui serait capable, \u00e0 partir d&rsquo;une certaine temp\u00e9rature, de passer de l&rsquo;\u00e9tat solide \u00e0 l&rsquo;\u00e9tat liquide -, mais dans tous les cas, l&rsquo;id\u00e9e serait d&rsquo;arriver par ce biais \u00e0 limiter la surchauffe des pneus en limitant celle des freins ou en limitant le transfert de chaleur via les tambours.<\/p>\n<p>Toutefois, il a rapidement \u00e9t\u00e9 \u00e9tabli qu&rsquo;aussi int\u00e9ressantes et ing\u00e9nieuses puissent \u00eatre de telles solutions, elles se heurtaient \u00e0 des limites en r\u00e9alit\u00e9 d\u00e9j\u00e0 pr\u00e9vues par la r\u00e9glementation. D&rsquo;abord, sur le plan mat\u00e9riel, en premier lieu, puisque l&rsquo;article 15, et en particulier 15.4.1 b, du R\u00e8glement Technique, dans son interpr\u00e9tation actuelle, exclut l&rsquo;utilisation de mat\u00e9riaux \u00ab\u00a0configur\u00e9s pour passer de fa\u00e7on r\u00e9versible entre deux [ou plus] formes diff\u00e9rentes\u00a0\u00bb quand soumis \u00e0 un stimulus li\u00e9 \u00e0 la chaleur, entre autres.<\/p>\n<p>Lire aussi :<\/p>\n<p>Toutefois, comme tout l&rsquo;\u00e9ventail de l&rsquo;utilisation de mat\u00e9riaux \u00e0 changement de phase n&rsquo;est pas totalement couvert par cette partie du r\u00e8glement, c&rsquo;est alors l&rsquo;article 11.5 qui intervient et interdit l&rsquo;utilisation d&rsquo;un liquide pour refroidir les freins, coupant donc court \u00e0 la possibilit\u00e9 d&rsquo;une substance capable de passer de l&rsquo;\u00e9tat solide \u00e0 liquide \u00e0 partir d&rsquo;une chaleur donn\u00e9e.<\/p>\n<p>Et enfin, un dernier article intervient, le 10.8.4, qui exclut l&rsquo;utilisation d&rsquo;autre chose que l&rsquo;air pour contr\u00f4ler la temp\u00e9rature des pneus. Ainsi, au-del\u00e0 des seules couvertures chauffantes, \u00ab\u00a0tout autre dispositif, syst\u00e8me ou proc\u00e9dure [\u00e0 l&rsquo;exception du pilotage de la voiture] ayant pour objet et\/ou pour effet de chauffer les roues, les moyeux ou les freins au-dessus de la temp\u00e9rature de l&rsquo;air ambiant, ou de maintenir leur temp\u00e9rature s&rsquo;ils sont d\u00e9j\u00e0 chauds, est interdit\u00a0\u00bb.\u00a0<\/p>\n<p>Avec une FIA qui a donc comme interpr\u00e9tation du r\u00e8glement que seul l&rsquo;air qui entre dans l&rsquo;assemblage des roues via le mouvement de la voiture vers l&rsquo;avant peut servir \u00e0 le refroidir, il semble d\u00e9sormais exclu que McLaren recoure \u00e0 une autre m\u00e9thode, qui serait logiquement jug\u00e9e ill\u00e9gale par les instances.<\/p>\n<p>Dans cet article<\/p>\n<p>    Fabien Gaillard\n<\/p>\n<p>    Formule 1\n<\/p>\n<p>    McLaren\n<\/p>\n<p>Soyez le premier inform\u00e9 et souscrivez aux alertes mails pour recevoir les infos en temps r\u00e9el<\/p>\n<p>    S&rsquo;abonner aux alertes de news<\/p>\n","protected":false},"excerpt":{"rendered":"Comme Motorsport.com vous le rapportait d\u00e9j\u00e0 la semaine pass\u00e9e, il \u00e9tait entendu que la FIA avait inspect\u00e9 en&hellip;\n","protected":false},"author":2,"featured_media":102164,"comment_status":"","ping_status":"","sticky":false,"template":"","format":"standard","meta":{"footnotes":""},"categories":[1412],"tags":[1451,1452,1453,1454,1455,1011,27,18197,9935,4475,60],"class_list":{"0":"post-102163","1":"post","2":"type-post","3":"status-publish","4":"format-standard","5":"has-post-thumbnail","7":"category-f1","8":"tag-f1","9":"tag-formula-1","10":"tag-formula1","11":"tag-formule-1","12":"tag-formule1","13":"tag-fr","14":"tag-france","15":"tag-gp-du00c9milie-romagne","16":"tag-imola","17":"tag-mclaren","18":"tag-sports"},"share_on_mastodon":{"url":"https:\/\/pubeurope.com\/@fr\/114512446488531036","error":""},"_links":{"self":[{"href":"https:\/\/www.europesays.com\/fr\/wp-json\/wp\/v2\/posts\/102163","targetHints":{"allow":["GET"]}}],"collection":[{"href":"https:\/\/www.europesays.com\/fr\/wp-json\/wp\/v2\/posts"}],"about":[{"href":"https:\/\/www.europesays.com\/fr\/wp-json\/wp\/v2\/types\/post"}],"author":[{"embeddable":true,"href":"https:\/\/www.europesays.com\/fr\/wp-json\/wp\/v2\/users\/2"}],"replies":[{"embeddable":true,"href":"https:\/\/www.europesays.com\/fr\/wp-json\/wp\/v2\/comments?post=102163"}],"version-history":[{"count":0,"href":"https:\/\/www.europesays.com\/fr\/wp-json\/wp\/v2\/posts\/102163\/revisions"}],"wp:featuredmedia":[{"embeddable":true,"href":"https:\/\/www.europesays.com\/fr\/wp-json\/wp\/v2\/media\/102164"}],"wp:attachment":[{"href":"https:\/\/www.europesays.com\/fr\/wp-json\/wp\/v2\/media?parent=102163"}],"wp:term":[{"taxonomy":"category","embeddable":true,"href":"https:\/\/www.europesays.com\/fr\/wp-json\/wp\/v2\/categories?post=102163"},{"taxonomy":"post_tag","embeddable":true,"href":"https:\/\/www.europesays.com\/fr\/wp-json\/wp\/v2\/tags?post=102163"}],"curies":[{"name":"wp","href":"https:\/\/api.w.org\/{rel}","templated":true}]}}