{"id":102171,"date":"2025-05-15T15:03:22","date_gmt":"2025-05-15T15:03:22","guid":{"rendered":"https:\/\/www.europesays.com\/fr\/102171\/"},"modified":"2025-05-15T15:03:22","modified_gmt":"2025-05-15T15:03:22","slug":"le-puy-en-velay-il-ouvre-une-galerie-dart-contemporain-dans-la-rue-de-la-cathedrale","status":"publish","type":"post","link":"https:\/\/www.europesays.com\/fr\/102171\/","title":{"rendered":"Le Puy-en-Velay : il ouvre une galerie d\u2019art contemporain dans la rue de la cath\u00e9drale"},"content":{"rendered":"<p>\t\t\t\t\t\t\t\t\t\t\t\t\t\t\t\t\t\t\t\t\t\t\t\t\t\t\t\t\t\t\t\t\t\t\t\t\t\t\t\t\t\t\t\t\t\t\t\t\t\t\t\t\t\t\t\t\t\t\t\t\t\t\t<a href=\"https:\/\/www.lacommere43.fr\/component\/banners\/click\/1775.html\" target=\"_blank\" title=\"Tence Rural Master mai 2025\" rel=\"nofollow noopener\"><br \/>\n\t\t\t\t\t\t\t<img decoding=\"async\" src=\"https:\/\/www.europesays.com\/fr\/wp-content\/uploads\/2025\/05\/rural2025-3.gif\" alt=\"Tence Rural Master mai 2025\"\/><br \/>\n\t\t\t\t\t\t<\/a><\/p>\n<p>\t\t\t\t\t\t\t\t\t\t\t\t\t\t\t\t\t\t\t\t\t\t\t\t\t\t\t\t\t\t\t\t\t\t\t\t\t\t\t\t\t\t\t\t\t\t\t\t\t\t\t\t\t\t\t\t\t\t\t\t\t\t\t<a href=\"https:\/\/www.lacommere43.fr\/component\/banners\/click\/1751.html\" target=\"_blank\" title=\"Chevalier Fr\u00e8res avril 2025\" rel=\"nofollow noopener\"><br \/>\n\t\t\t\t\t\t\t<img decoding=\"async\" src=\"https:\/\/www.europesays.com\/fr\/wp-content\/uploads\/2025\/05\/1747321402_580_chevalier2.gif\" alt=\"Chevalier Fr\u00e8res avril 2025\"\/><br \/>\n\t\t\t\t\t\t<\/a><\/p>\n<p>\u00a0<\/p>\n<p>Bernard Fayard vient d\u2019ouvrir une galerie d\u2019art, en particulier d\u2019art contemporain, dans la rue des Tables, cette rue pav\u00e9e face \u00e0 la cath\u00e9drale du Puy-en-Velay.<\/p>\n<p>Lui-m\u00eame artiste, il devient galeriste. Bernard Fayard, install\u00e9 aux Villettes, vient d\u2019ouvrir la Galerie Coste dans l\u2019ancien Logis des Coste, un immeuble du XVe si\u00e8cle qu\u2019occupait auparavant par l\u2019office de tourisme.<\/p>\n<p>Ici, trois artistes sont accueillis. Bernard Fayard, alias H\u00eatre Sculpteur, pr\u00e9sente ses sculptures en bronze, en marbre, en pierre.<\/p>\n<p>Il accueille \u00e0 ses c\u00f4t\u00e9s Selda, une peintre d\u2019Aurec-sur-Loire aux peintures tr\u00e8s color\u00e9es, et Jean-Charles Banet, un c\u00e9ramiste de la Talaudi\u00e8re.<\/p>\n<p>La Galerie des Coste est ouverte du vendredi au dimanche, le vendredi et dimanche de 14 heures \u00e0 18 heures, le samedi de 10 heures \u00e0 12 heures et de 14 heures \u00e0 18 heures.<\/p>\n","protected":false},"excerpt":{"rendered":"\u00a0 Bernard Fayard vient d\u2019ouvrir une galerie d\u2019art, en particulier d\u2019art contemporain, dans la rue des Tables, cette&hellip;\n","protected":false},"author":2,"featured_media":102172,"comment_status":"","ping_status":"","sticky":false,"template":"","format":"standard","meta":{"footnotes":""},"categories":[1358],"tags":[2281,1348,1384,1385,1386,58,59,2282,1011,27,2280,2284,2285,2283],"class_list":{"0":"post-102171","1":"post","2":"type-post","3":"status-publish","4":"format-standard","5":"has-post-thumbnail","7":"category-arts-et-design","8":"tag-actualite-43","9":"tag-arts","10":"tag-arts-and-design","11":"tag-arts-et-design","12":"tag-design","13":"tag-divertissement","14":"tag-entertainment","15":"tag-faits-divers-auvergne","16":"tag-fr","17":"tag-france","18":"tag-information-haute-loire","19":"tag-infos-43","20":"tag-journal-haute-loire","21":"tag-la-commere-43"},"share_on_mastodon":{"url":"https:\/\/pubeurope.com\/@fr\/114512462127409302","error":""},"_links":{"self":[{"href":"https:\/\/www.europesays.com\/fr\/wp-json\/wp\/v2\/posts\/102171","targetHints":{"allow":["GET"]}}],"collection":[{"href":"https:\/\/www.europesays.com\/fr\/wp-json\/wp\/v2\/posts"}],"about":[{"href":"https:\/\/www.europesays.com\/fr\/wp-json\/wp\/v2\/types\/post"}],"author":[{"embeddable":true,"href":"https:\/\/www.europesays.com\/fr\/wp-json\/wp\/v2\/users\/2"}],"replies":[{"embeddable":true,"href":"https:\/\/www.europesays.com\/fr\/wp-json\/wp\/v2\/comments?post=102171"}],"version-history":[{"count":0,"href":"https:\/\/www.europesays.com\/fr\/wp-json\/wp\/v2\/posts\/102171\/revisions"}],"wp:featuredmedia":[{"embeddable":true,"href":"https:\/\/www.europesays.com\/fr\/wp-json\/wp\/v2\/media\/102172"}],"wp:attachment":[{"href":"https:\/\/www.europesays.com\/fr\/wp-json\/wp\/v2\/media?parent=102171"}],"wp:term":[{"taxonomy":"category","embeddable":true,"href":"https:\/\/www.europesays.com\/fr\/wp-json\/wp\/v2\/categories?post=102171"},{"taxonomy":"post_tag","embeddable":true,"href":"https:\/\/www.europesays.com\/fr\/wp-json\/wp\/v2\/tags?post=102171"}],"curies":[{"name":"wp","href":"https:\/\/api.w.org\/{rel}","templated":true}]}}