{"id":102173,"date":"2025-05-15T15:04:09","date_gmt":"2025-05-15T15:04:09","guid":{"rendered":"https:\/\/www.europesays.com\/fr\/102173\/"},"modified":"2025-05-15T15:04:09","modified_gmt":"2025-05-15T15:04:09","slug":"prix-du-senat-du-livre-dhistoire-2025-jean-baptiste-fressoz-recompense-pour-son-histoire-de-lenergie","status":"publish","type":"post","link":"https:\/\/www.europesays.com\/fr\/102173\/","title":{"rendered":"Prix du S\u00e9nat du Livre d\u2019histoire 2025 : Jean-Baptiste Fressoz r\u00e9compens\u00e9 pour son \u00ab Histoire de l\u2019\u00e9nergie \u00bb"},"content":{"rendered":"<p>\u00ab\u00a0L\u2019histoire est encore plus importante aujourd\u2019hui puisqu\u2019elle permet de d\u00e9lier la complexit\u00e9\u00a0\u00bb, lance la s\u00e9natrice socialiste Sylvie Robert, pr\u00e9sidente du jury 2025.<\/p>\n<p>A l\u2019issue d\u2019une d\u00e9lib\u00e9ration, les 19 membres du jury compos\u00e9 en majorit\u00e9 d\u2019historiens, de journalistes et pour la premi\u00e8re ann\u00e9e de s\u00e9nateurs, ont \u00e9lu, \u00e0 la majorit\u00e9, l\u2019ouvrage \u00ab Sans Transition. Une nouvelle histoire de l\u2019\u00e9nergie \u00bb aux \u00e9ditions du Seuil de Jean-Baptiste Fressoz. \u00ab La question des \u00e9nergies, des transitions et la mani\u00e8re dont l\u2019auteur s\u2019interroge dans l\u2019ouvrage, est un vrai sujet dans le d\u00e9bat public, mais \u00e9galement pour nous, parlementaires \u00bb, explique la pr\u00e9sidente. \u00ab L\u2019auteur nous questionne et nous renvoie \u00e0 nos propres repr\u00e9sentations. Il remet en question des concepts que nous nous sommes forg\u00e9s \u00bb.<\/p>\n<p>Questionner le concept de transition<\/p>\n<p>\u00ab\u00a0J\u2019ai voulu raconter une nouvelle histoire de l\u2019\u00e9nergie\u00a0\u00bb, souligne Jean-Baptiste Fressoz, charg\u00e9 de recherche au CNRS et auteur de huit ouvrages. En 2024, le sp\u00e9cialiste de l\u2019histoire environnementale et climatique a \u00e9t\u00e9 nomm\u00e9 par le gouvernement fran\u00e7ais pour participer au groupe III du GIEC.<\/p>\n<p>Dans son ouvrage, il remet en cause le concept de transition dans l\u2019histoire\u00a0: \u00ab\u00a0Nous n\u2019avons jamais eu de transition, puisque toutes les \u00e9nergies et toutes les mati\u00e8res sont entrem\u00eal\u00e9es. La preuve avec la r\u00e9volution industrielle. Il est racont\u00e9 que nous sommes pass\u00e9s du bois au charbon, alors que l\u2019Angleterre a consomm\u00e9 plus de bois au XIXe et au XXe\u00a0si\u00e8cle qu\u2019elle n\u2019en a br\u00fbl\u00e9 au XVIIIe\u00a0\u00bb.<\/p>\n<\/p>\n<p>Pour l\u2019auteur, nous ne sommes toujours pas engag\u00e9s dans la transition \u00e9nerg\u00e9tique\u00a0: \u00ab\u00a0Il y a une forme de transition dans la production de l\u2019\u00e9lectricit\u00e9, mais dans l\u2019ensemble des secteurs, c\u2019est tr\u00e8s faible. Selon lui, la solution n\u2019est pas l\u00e0\u00a0: \u00ab\u00a0Cette id\u00e9e de transition conduit \u00e0 une grande procrastination qui ne permet pas de faire des efforts de sobri\u00e9t\u00e9\u00a0\u00bb.<\/p>\n<\/p>\n<p>R\u00e9joui de son prix, Jean-Baptiste Fressoz offre m\u00eame une piste de r\u00e9flexion aux parlementaires pour lutter contre la crise climatique. \u00ab\u00a0Le S\u00e9nat devrait parler du commerce international plut\u00f4t que des sujets li\u00e9s \u00e0 l\u2019\u00e9olienne ou au nucl\u00e9aire\u00a0\u00bb, pr\u00e9vient-il. \u00ab\u00a0La moiti\u00e9 des \u00e9missions de CO2 des Fran\u00e7ais provient des biens que l\u2019on importe\u00a0\u00bb.<\/p>\n<p>\u00ab\u00a0Accro\u00eetre son rayonnement\u00a0\u00bb<\/p>\n<p>\u00ab\u00a0Ce prix nous permet de nous questionner et d\u2019avancer dans notre r\u00e9flexion individuelle, mais \u00e9galement collective\u00a0\u00bb, salue Sylvie Robert. Cr\u00e9\u00e9 en 2003 par le S\u00e9nat, l\u2019objectif du prix est de \u00ab\u00a0rendre hommage aux historiens, jeunes auteurs, chercheurs ou historiens confirm\u00e9s\u00a0\u00bb. L\u2019an pass\u00e9, l\u2019\u00e9dition n\u2019a pas eu lieu. \u00ab\u00a0En r\u00e9formant le prix en 2024, nous avons souhait\u00e9 accro\u00eetre son rayonnement\u00a0\u00bb, pr\u00e9cise la pr\u00e9sidente.<\/p>\n<\/p>\n<p>Pour cette nouvelle \u00e9dition, <a href=\"https:\/\/www.publicsenat.fr\/actualites\/parlementaire\/le-senat-continue-de-promouvoir-lhistoire-en-lancant-un-nouveau-prix-en-2025-0\" target=\"_blank\" rel=\"noopener\">un nouveau prix a \u00e9t\u00e9 instaur\u00e9<\/a>. Intitul\u00e9, \u00ab\u00a0Diffusons l\u2019histoire\u00a0\u00bb, ce prix offre la possibilit\u00e9 \u00e0 un jeune chercheur en histoire de faire publier sa th\u00e8se de recherche. Le premier r\u00e9cipiendaire est Antonin Gay-Dupuy pour son travail sur les \u00ab\u00a0bidonvilles en France dans les ann\u00e9es 1950 \u2013 1980\u00a0\u00bb.<\/p>\n<\/p>\n<p>\u00ab\u00a0Le prix du Livre d\u2019histoire du S\u00e9nat a une longue histoire\u00a0\u00bb, se f\u00e9licite Sylvie Robert. \u00ab\u00a0Nous nous inscrivons dans cette continuit\u00e9\u00a0\u00bb.<\/p>\n","protected":false},"excerpt":{"rendered":"\u00ab\u00a0L\u2019histoire est encore plus importante aujourd\u2019hui puisqu\u2019elle permet de d\u00e9lier la complexit\u00e9\u00a0\u00bb, lance la s\u00e9natrice socialiste Sylvie Robert,&hellip;\n","protected":false},"author":2,"featured_media":102174,"comment_status":"","ping_status":"","sticky":false,"template":"","format":"standard","meta":{"footnotes":""},"categories":[1357],"tags":[1379,58,59,1011,27,937,1380,5140,1004,16155],"class_list":{"0":"post-102173","1":"post","2":"type-post","3":"status-publish","4":"format-standard","5":"has-post-thumbnail","7":"category-livres","8":"tag-books","9":"tag-divertissement","10":"tag-entertainment","11":"tag-fr","12":"tag-france","13":"tag-histoire","14":"tag-livres","15":"tag-rechauffement-climatique","16":"tag-senat","17":"tag-transition-ecologique"},"share_on_mastodon":{"url":"https:\/\/pubeurope.com\/@fr\/114512466222035533","error":""},"_links":{"self":[{"href":"https:\/\/www.europesays.com\/fr\/wp-json\/wp\/v2\/posts\/102173","targetHints":{"allow":["GET"]}}],"collection":[{"href":"https:\/\/www.europesays.com\/fr\/wp-json\/wp\/v2\/posts"}],"about":[{"href":"https:\/\/www.europesays.com\/fr\/wp-json\/wp\/v2\/types\/post"}],"author":[{"embeddable":true,"href":"https:\/\/www.europesays.com\/fr\/wp-json\/wp\/v2\/users\/2"}],"replies":[{"embeddable":true,"href":"https:\/\/www.europesays.com\/fr\/wp-json\/wp\/v2\/comments?post=102173"}],"version-history":[{"count":0,"href":"https:\/\/www.europesays.com\/fr\/wp-json\/wp\/v2\/posts\/102173\/revisions"}],"wp:featuredmedia":[{"embeddable":true,"href":"https:\/\/www.europesays.com\/fr\/wp-json\/wp\/v2\/media\/102174"}],"wp:attachment":[{"href":"https:\/\/www.europesays.com\/fr\/wp-json\/wp\/v2\/media?parent=102173"}],"wp:term":[{"taxonomy":"category","embeddable":true,"href":"https:\/\/www.europesays.com\/fr\/wp-json\/wp\/v2\/categories?post=102173"},{"taxonomy":"post_tag","embeddable":true,"href":"https:\/\/www.europesays.com\/fr\/wp-json\/wp\/v2\/tags?post=102173"}],"curies":[{"name":"wp","href":"https:\/\/api.w.org\/{rel}","templated":true}]}}