{"id":102187,"date":"2025-05-15T15:11:16","date_gmt":"2025-05-15T15:11:16","guid":{"rendered":"https:\/\/www.europesays.com\/fr\/102187\/"},"modified":"2025-05-15T15:11:16","modified_gmt":"2025-05-15T15:11:16","slug":"apres-quatre-ans-dattente-ce-constructeur-ouvre-la-voie","status":"publish","type":"post","link":"https:\/\/www.europesays.com\/fr\/102187\/","title":{"rendered":"apr\u00e8s quatre ans d&rsquo;attente, ce constructeur ouvre la voie"},"content":{"rendered":"<p>Quatre ans apr\u00e8s son annonce, CarPlay Ultra devient r\u00e9alit\u00e9 chez Aston Martin.<\/p>\n<p><a href=\"https:\/\/images.frandroid.com\/wp-content\/uploads\/2025\/05\/image-35-11.jpg\" target=\"_blank\" class=\"article-content__figure\" rel=\"nofollow noopener\"><img fetchpriority=\"high\" decoding=\"async\" loading=\"eager\" width=\"1200\" height=\"675\" src=\"https:\/\/www.europesays.com\/fr\/wp-content\/uploads\/2025\/05\/image-35-11-1200x675-1.jpg\" alt=\"\" class=\"wp-image-2616215 wp-image wp-image\"  \/><\/a>Apple CarPlay \/\/ Source : Apple<\/p>\n<p>Quatre ans. C\u2019est le temps qu\u2019il aura fallu \u00e0 Apple pour transformer ses promesses en r\u00e9alit\u00e9. CarPlay Ultra, <a href=\"https:\/\/www.frandroid.com\/marques\/apple\/2045136_apple-nous-fait-encore-rever-avec-la-nouvelle-version-de-carplay\" rel=\"nofollow noopener\" target=\"_blank\">annonc\u00e9 en grande pompe en juin 2020<\/a>, d\u00e9barque enfin dans les voitures Aston Martin. Et cette fois, ce n\u2019est plus juste un \u00e9cran qui change : c\u2019est toute votre voiture qui devient iPhone.<\/p>\n<p><video controls=\"\" src=\"https:\/\/images.frandroid.com\/wp-content\/uploads\/2025\/05\/large_2lighyt.mp4\"\/><\/p>\n<p>CarPlay Ultra ? Imaginez monter dans votre voiture et voir votre iPhone partout. <\/p>\n<p><a href=\"https:\/\/www.europesays.com\/fr\/wp-content\/uploads\/2025\/05\/image-35-16.jpg\" target=\"_blank\" class=\"article-content__figure\"><img loading=\"lazy\" decoding=\"async\" width=\"980\" height=\"551\" src=\"https:\/\/www.europesays.com\/fr\/wp-content\/uploads\/2025\/05\/image-35-16.jpg\" alt=\"\" class=\"wp-image-2616269 wp-image\"  \/><\/a>Apple CarPlay \/\/ Source : Apple<\/p>\n<p>Le compteur de vitesse ? Personnalisable avec vos couleurs pr\u00e9f\u00e9r\u00e9es. Le GPS ? Directement sur le tableau de bord. La musique, la m\u00e9t\u00e9o, m\u00eame la pression des pneus ? Tout accessible d\u2019un geste, comme sur votre t\u00e9l\u00e9phone.<\/p>\n<p><a href=\"https:\/\/www.europesays.com\/fr\/wp-content\/uploads\/2025\/05\/image-35-12.jpg\" target=\"_blank\" class=\"article-content__figure\"><img loading=\"lazy\" decoding=\"async\" width=\"980\" height=\"551\" src=\"https:\/\/www.europesays.com\/fr\/wp-content\/uploads\/2025\/05\/image-35-12.jpg\" alt=\"\" class=\"wp-image-2616255 wp-image\"  \/><\/a>Apple CarPlay \/\/ Source : Apple<\/p>\n<p>C\u2019est exactement ce que propose CarPlay Ultra. Contrairement au CarPlay classique, cette nouvelle version ne se contente plus d\u2019un seul \u00e9cran. Elle envahit litt\u00e9ralement l\u2019habitacle : tableau de bord, compteurs, \u00e9cran central, affichage t\u00eate haute. Tout y passe.<\/p>\n<p><a href=\"https:\/\/www.europesays.com\/fr\/wp-content\/uploads\/2025\/05\/image-35-14.jpg\" target=\"_blank\" class=\"article-content__figure\"><img loading=\"lazy\" decoding=\"async\" width=\"980\" height=\"551\" src=\"https:\/\/www.europesays.com\/fr\/wp-content\/uploads\/2025\/05\/image-35-14.jpg\" alt=\"\" class=\"wp-image-2616261 wp-image\"  \/><\/a>Apple CarPlay \/\/ Source : Apple<\/p>\n<p>Bob Borchers, vice-pr\u00e9sident marketing d\u2019Apple, explique dans <a target=\"_blank\" href=\"https:\/\/www.apple.com\/newsroom\/2025\/05\/carplay-ultra-the-next-generation-of-carplay-begins-rolling-out-today\/\" rel=\"nofollow noopener\">le communiqu\u00e9 de presse<\/a> : \u00ab\u00a0Cette nouvelle g\u00e9n\u00e9ration de CarPlay offre aux conducteurs une utilisation plus intelligente et plus s\u00fbre de leur iPhone en voiture\u00ab\u00a0.<\/p>\n<p><a href=\"https:\/\/www.europesays.com\/fr\/wp-content\/uploads\/2025\/05\/image-35-15.jpg\" target=\"_blank\" class=\"article-content__figure\"><img loading=\"lazy\" decoding=\"async\" width=\"980\" height=\"551\" src=\"https:\/\/www.europesays.com\/fr\/wp-content\/uploads\/2025\/05\/image-35-15.jpg\" alt=\"\" class=\"wp-image-2616263 wp-image\"  \/><\/a>Apple CarPlay \/\/ Source : Apple<\/p>\n<p>Un retard qui en dit long<\/p>\n<p>Pourquoi si longtemps ? Les constructeurs automobiles n\u2019\u00e9taient pas press\u00e9s de laisser Apple contr\u00f4ler leurs voitures. Normal : ces \u00e9crans et ces boutons, c\u2019est leur terrain de jeu depuis des d\u00e9cennies. General Motors a m\u00eame claqu\u00e9 la porte en 2023, pr\u00e9f\u00e9rant d\u00e9velopper ses propres solutions. <\/p>\n<p>Paradoxalement, ce retard co\u00efncide avec l\u2019abandon d\u2019<a href=\"https:\/\/www.frandroid.com\/marques\/apple\/1949412_adieu-apple-car-apple-abandonne-son-projet-secret\" rel=\"nofollow noopener\" target=\"_blank\">Apple Car<\/a>. F\u00e9vrier 2024 : Apple jette l\u2019\u00e9ponge sur sa voiture autonome apr\u00e8s des milliards investis. Nouveau plan : plut\u00f4t que de fabriquer des voitures, Apple transforme celles qui existent d\u00e9j\u00e0.<\/p>\n<p>Le constructeur britannique a d\u00e9cid\u00e9 de faire confiance \u00e0 Apple. R\u00e9sultat : leurs clients peuvent d\u00e9sormais transformer leur tableau de bord selon leurs envies. Barres bleues, rouges, multicolores\u2026 <\/p>\n<p>Cette exclusivit\u00e9 temporaire chez Aston Martin pose question. Apple vise-t-il seulement le segment premium ? Ou s\u2019agit-il d\u2019une d\u00e9monstration avant un d\u00e9ploiement plus large chez Hyundai, Kia et Genesis, d\u00e9j\u00e0 annonc\u00e9s ?<\/p>\n<p>CarPlay Ultra, c\u2019est Apple qui pousse ses pions dans la guerre des assistants num\u00e9riques. Google avec Android Auto, Amazon avec Alexa : tout le monde veut conqu\u00e9rir votre voiture.<\/p>\n<p>Cependant, avec seulement Aston Martin au d\u00e9marrage, CarPlay Ultra reste un produit de niche. Apple devra convaincre des marques plus populaires pour d\u00e9mocratiser sa technologie.<\/p>\n","protected":false},"excerpt":{"rendered":"Quatre ans apr\u00e8s son annonce, CarPlay Ultra devient r\u00e9alit\u00e9 chez Aston Martin. Apple CarPlay \/\/ Source : Apple&hellip;\n","protected":false},"author":2,"featured_media":102188,"comment_status":"","ping_status":"","sticky":false,"template":"","format":"standard","meta":{"footnotes":""},"categories":[7],"tags":[13011,1709,270,1011,27,43,40,41,39,42,44],"class_list":{"0":"post-102187","1":"post","2":"type-post","3":"status-publish","4":"format-standard","5":"has-post-thumbnail","7":"category-sciences-et-technologies","8":"tag-apple-carplay","9":"tag-aston-martin","10":"tag-breaking","11":"tag-fr","12":"tag-france","13":"tag-science","14":"tag-science-and-technology","15":"tag-sciences","16":"tag-sciences-et-technologies","17":"tag-technologies","18":"tag-technology"},"share_on_mastodon":{"url":"https:\/\/pubeurope.com\/@fr\/114512493568102708","error":""},"_links":{"self":[{"href":"https:\/\/www.europesays.com\/fr\/wp-json\/wp\/v2\/posts\/102187","targetHints":{"allow":["GET"]}}],"collection":[{"href":"https:\/\/www.europesays.com\/fr\/wp-json\/wp\/v2\/posts"}],"about":[{"href":"https:\/\/www.europesays.com\/fr\/wp-json\/wp\/v2\/types\/post"}],"author":[{"embeddable":true,"href":"https:\/\/www.europesays.com\/fr\/wp-json\/wp\/v2\/users\/2"}],"replies":[{"embeddable":true,"href":"https:\/\/www.europesays.com\/fr\/wp-json\/wp\/v2\/comments?post=102187"}],"version-history":[{"count":0,"href":"https:\/\/www.europesays.com\/fr\/wp-json\/wp\/v2\/posts\/102187\/revisions"}],"wp:featuredmedia":[{"embeddable":true,"href":"https:\/\/www.europesays.com\/fr\/wp-json\/wp\/v2\/media\/102188"}],"wp:attachment":[{"href":"https:\/\/www.europesays.com\/fr\/wp-json\/wp\/v2\/media?parent=102187"}],"wp:term":[{"taxonomy":"category","embeddable":true,"href":"https:\/\/www.europesays.com\/fr\/wp-json\/wp\/v2\/categories?post=102187"},{"taxonomy":"post_tag","embeddable":true,"href":"https:\/\/www.europesays.com\/fr\/wp-json\/wp\/v2\/tags?post=102187"}],"curies":[{"name":"wp","href":"https:\/\/api.w.org\/{rel}","templated":true}]}}