{"id":102191,"date":"2025-05-15T15:13:08","date_gmt":"2025-05-15T15:13:08","guid":{"rendered":"https:\/\/www.europesays.com\/fr\/102191\/"},"modified":"2025-05-15T15:13:08","modified_gmt":"2025-05-15T15:13:08","slug":"donald-trump-affirme-que-sa-priorite-est-de-mettre-fin-aux-conflits-pas-de-les-commencer","status":"publish","type":"post","link":"https:\/\/www.europesays.com\/fr\/102191\/","title":{"rendered":"Donald Trump affirme que sa priorit\u00e9 est \u00abde mettre fin aux conflits, pas de les commencer\u00bb"},"content":{"rendered":"<p>                             Par Le Figaro avec AFP<\/p>\n<p>                Il y a 1 heure<\/p>\n<p>\u00a0\u00bb<br \/>\n        data-script=\u00a0\u00bbhttps:\/\/static.lefigaro.fr\/widget-video\/short-ttl\/video\/index.js\u00a0\u00bb<br \/>\n    &gt;<\/p>\n<p>\u00abJe n\u2019h\u00e9siterais jamais \u00e0 d\u00e9ployer la force am\u00e9ricaine, si n\u00e9cessaire, pour d\u00e9fendre les \u00c9tats-Unis d\u2019Am\u00e9rique ou ses partenaires\u00bb, a-t-il cependant d\u00e9clar\u00e9 devant les troupes au Qatar.<\/p>\n<p class=\"fig-paragraph\">Au Qatar ce jeudi 15 mai 2025, le pr\u00e9sident am\u00e9ricain<a href=\"http:\/\/www.lefigaro.fr\/conjoncture\/donald-trump-abime-t-il-vraiment-la-croissance-americaine-comme-l-affirme-emmanuel-macron-20250514\" target=\"_blank\" data-fig-type=\"Article\" rel=\"noopener nofollow\" data-gtm-custom-categorie=\"navigation\" data-gtm-custom-action=\"crossclick\" data-gtm-custom-label=\"Contextuel\" data-gtm-event=\"customEventSPE\" data-fig-domain=\"LEFIGARO\">\u00a0Donald Trump<\/a>\u00a0a affirm\u00e9 que sa priorit\u00e9 est \u00abde mettre fin aux conflits, pas de les commencer\u00bb, lors de sa visite de la plus grande base militaire am\u00e9ricaine au<a href=\"http:\/\/www.lefigaro.fr\/international\/donald-trump-reserve-sa-premiere-tournee-internationale-au-moyen-orient-20250512\" target=\"_blank\" data-fig-type=\"Article\" rel=\"noopener nofollow\" data-gtm-custom-categorie=\"navigation\" data-gtm-custom-action=\"crossclick\" data-gtm-custom-label=\"Contextuel\" data-gtm-event=\"customEventSPE\" data-fig-domain=\"LEFIGARO\">\u00a0Moyen-Orient<\/a>.<\/p>\n<p class=\"fig-paragraph\">\u00abEn tant que pr\u00e9sident, ma priorit\u00e9 est de mettre fin aux conflits, pas de les commencer. Mais je n&rsquo;h\u00e9siterais jamais \u00e0 d\u00e9ployer la force am\u00e9ricaine, si n\u00e9cessaire pour d\u00e9fendre les \u00c9tats-Unis d&rsquo;Am\u00e9rique ou ses partenaires\u00bb, a-t-il d\u00e9clar\u00e9 devant les troupes au Qatar, dans le cadre de sa tourn\u00e9e dans le Golfe.<\/p>\n<p class=\"fig-paragraph\">Plus d\u2019informations \u00e0 venir \u2026<\/p>\n","protected":false},"excerpt":{"rendered":"Par Le Figaro avec AFP Il y a 1 heure \u00a0\u00bb data-script=\u00a0\u00bbhttps:\/\/static.lefigaro.fr\/widget-video\/short-ttl\/video\/index.js\u00a0\u00bb &gt; \u00abJe n\u2019h\u00e9siterais jamais \u00e0 d\u00e9ployer&hellip;\n","protected":false},"author":2,"featured_media":102192,"comment_status":"","ping_status":"","sticky":false,"template":"","format":"standard","meta":{"footnotes":""},"categories":[5],"tags":[259,11,260,75,1011,27,1146,14,261,12,262,28],"class_list":{"0":"post-102191","1":"post","2":"type-post","3":"status-publish","4":"format-standard","5":"has-post-thumbnail","7":"category-international","8":"tag-actualite-internationale","9":"tag-actualites","10":"tag-affaires-etrangeres","11":"tag-donald-trump","12":"tag-fr","13":"tag-france","14":"tag-guerre","15":"tag-international","16":"tag-ministere-des-affaires-etrangeres","17":"tag-news","18":"tag-politique-etrangere","19":"tag-world"},"share_on_mastodon":{"url":"https:\/\/pubeurope.com\/@fr\/114512501394844910","error":""},"_links":{"self":[{"href":"https:\/\/www.europesays.com\/fr\/wp-json\/wp\/v2\/posts\/102191","targetHints":{"allow":["GET"]}}],"collection":[{"href":"https:\/\/www.europesays.com\/fr\/wp-json\/wp\/v2\/posts"}],"about":[{"href":"https:\/\/www.europesays.com\/fr\/wp-json\/wp\/v2\/types\/post"}],"author":[{"embeddable":true,"href":"https:\/\/www.europesays.com\/fr\/wp-json\/wp\/v2\/users\/2"}],"replies":[{"embeddable":true,"href":"https:\/\/www.europesays.com\/fr\/wp-json\/wp\/v2\/comments?post=102191"}],"version-history":[{"count":0,"href":"https:\/\/www.europesays.com\/fr\/wp-json\/wp\/v2\/posts\/102191\/revisions"}],"wp:featuredmedia":[{"embeddable":true,"href":"https:\/\/www.europesays.com\/fr\/wp-json\/wp\/v2\/media\/102192"}],"wp:attachment":[{"href":"https:\/\/www.europesays.com\/fr\/wp-json\/wp\/v2\/media?parent=102191"}],"wp:term":[{"taxonomy":"category","embeddable":true,"href":"https:\/\/www.europesays.com\/fr\/wp-json\/wp\/v2\/categories?post=102191"},{"taxonomy":"post_tag","embeddable":true,"href":"https:\/\/www.europesays.com\/fr\/wp-json\/wp\/v2\/tags?post=102191"}],"curies":[{"name":"wp","href":"https:\/\/api.w.org\/{rel}","templated":true}]}}