{"id":102200,"date":"2025-05-15T15:18:10","date_gmt":"2025-05-15T15:18:10","guid":{"rendered":"https:\/\/www.europesays.com\/fr\/102200\/"},"modified":"2025-05-15T15:18:10","modified_gmt":"2025-05-15T15:18:10","slug":"metz-dans-mon-hlm-on-cree-sa-propre-entreprise","status":"publish","type":"post","link":"https:\/\/www.europesays.com\/fr\/102200\/","title":{"rendered":"Metz. Dans mon HLM, on cr\u00e9e sa propre entreprise"},"content":{"rendered":"<p>\u00ab\u00a0Dans certaines de nos r\u00e9sidences, seuls 30\u00a0% des gens travaillent. Avec des horaires qui ne correspondent pas forc\u00e9ment aux activit\u00e9s des autres locataires\u00a0\u00bb, d\u00e9crit <a href=\"https:\/\/www.republicain-lorrain.fr\/economie\/2025\/04\/07\/borny-plus-la-copropriete-est-grande-plus-c-est-complique-a-gerer\" target=\"_blank\" rel=\"noopener\">Anne Fritsch-Renard, pr\u00e9sidente d\u2019EMH, le bailleur social de la m\u00e9tropole de Metz.<\/a><\/p>\n<p>L\u2019organisme qui g\u00e8re 13\u00a0000 logements dans 30 communes incite \u00ab\u00a0les locataires qui travaillent \u00e0 int\u00e9grer des immeubles o\u00f9 le taux des actifs est bas\u00a0\u00bb pour r\u00e9pondre \u00e0 l\u2019obligation de mixit\u00e9 sociale.<\/p>\n<p>Parmi d\u2019autres plans d\u2019actions, EMH cherche aujourd\u2019hui \u00e0 insuffler un \u00ab\u00a0esprit entrepreneurial\u00a0\u00bb \u00e0 ses locataires. Pour cela, le bailleur a sign\u00e9 une convention de partenariat avec Alexis Grand Est qui aide \u00e0 la cr\u00e9ation, au d\u00e9veloppement et \u00e0 la reprise d\u2019entreprise. Depuis 43 ans, l\u2019association \u00ab\u00a0cherche des cr\u00e9ateurs, notamment en zone rurale. \u00c0 pr\u00e9sent, on vise aussi les quartiers\u00a0\u00bb, a signal\u00e9 son pr\u00e9sident&#8230;<\/p>\n","protected":false},"excerpt":{"rendered":"\u00ab\u00a0Dans certaines de nos r\u00e9sidences, seuls 30\u00a0% des gens travaillent. Avec des horaires qui ne correspondent pas forc\u00e9ment&hellip;\n","protected":false},"author":2,"featured_media":102201,"comment_status":"","ping_status":"","sticky":false,"template":"","format":"standard","meta":{"footnotes":""},"categories":[9635],"tags":[1111,11,5598,1777,674,1011,27,775,1908,6212,6213,1702,12,25,104],"class_list":{"0":"post-102200","1":"post","2":"type-post","3":"status-publish","4":"format-standard","5":"has-post-thumbnail","7":"category-nancy","8":"tag-actu","9":"tag-actualites","10":"tag-edition-metz-et-agglomeration","11":"tag-eu","12":"tag-europe","13":"tag-fr","14":"tag-france","15":"tag-grand-est","16":"tag-logement","17":"tag-metz","18":"tag-metz-ville-57b","19":"tag-nancy","20":"tag-news","21":"tag-republique-francaise","22":"tag-societe"},"share_on_mastodon":{"url":"https:\/\/pubeurope.com\/@fr\/114512520988207597","error":""},"_links":{"self":[{"href":"https:\/\/www.europesays.com\/fr\/wp-json\/wp\/v2\/posts\/102200","targetHints":{"allow":["GET"]}}],"collection":[{"href":"https:\/\/www.europesays.com\/fr\/wp-json\/wp\/v2\/posts"}],"about":[{"href":"https:\/\/www.europesays.com\/fr\/wp-json\/wp\/v2\/types\/post"}],"author":[{"embeddable":true,"href":"https:\/\/www.europesays.com\/fr\/wp-json\/wp\/v2\/users\/2"}],"replies":[{"embeddable":true,"href":"https:\/\/www.europesays.com\/fr\/wp-json\/wp\/v2\/comments?post=102200"}],"version-history":[{"count":0,"href":"https:\/\/www.europesays.com\/fr\/wp-json\/wp\/v2\/posts\/102200\/revisions"}],"wp:featuredmedia":[{"embeddable":true,"href":"https:\/\/www.europesays.com\/fr\/wp-json\/wp\/v2\/media\/102201"}],"wp:attachment":[{"href":"https:\/\/www.europesays.com\/fr\/wp-json\/wp\/v2\/media?parent=102200"}],"wp:term":[{"taxonomy":"category","embeddable":true,"href":"https:\/\/www.europesays.com\/fr\/wp-json\/wp\/v2\/categories?post=102200"},{"taxonomy":"post_tag","embeddable":true,"href":"https:\/\/www.europesays.com\/fr\/wp-json\/wp\/v2\/tags?post=102200"}],"curies":[{"name":"wp","href":"https:\/\/api.w.org\/{rel}","templated":true}]}}